{"id":127732,"date":"2026-01-03T10:00:12","date_gmt":"2026-01-03T10:00:12","guid":{"rendered":"https:\/\/www.europesays.com\/no\/127732\/"},"modified":"2026-01-03T10:00:12","modified_gmt":"2026-01-03T10:00:12","slug":"nyheter-tv-klagestorm-i-fjor-bekrefter-endring","status":"publish","type":"post","link":"https:\/\/www.europesays.com\/no\/127732\/","title":{"rendered":"Nyheter, Tv | Klagestorm i fjor: Bekrefter endring"},"content":{"rendered":"\n<p><a href=\"https:\/\/www.nettavisen.no\/kjendis\/mesternes-mester-nattesten-endret-etter-klagestorm-mot-nrk-fjerner-fordelen\/s\/5-95-2795051\" rel=\"Follow nofollow noopener\" target=\"_blank\">(Nettavisen)<\/a>: Denne helga har NRK sparket i gang <a href=\"https:\/\/www.nettavisen.no\/kjendis\/disse-deltar-i-den-nye-sesongen-av-mesternes-mester-pa-nrk\/s\/5-95-2579475\" rel=\"Follow nofollow noopener\" target=\"_blank\">en ny sesong av seerfavoritten \u00abMesternes mester\u00bb<\/a>. Denne gangen er programmet spilt inn utenlands, n\u00e6rmere bestemt i Costa Brava-omr\u00e5det i Spania.<\/p>\n<p>Det er fem \u00e5r siden \u00abMesternes mester\u00bb sist ble tatt opp i utlandet. Det var i Kroatia i 2020.<\/p>\n<p>Men det er ikke den eneste endringen som er gjort i \u00e5r. Nattesten er ogs\u00e5 endret.<\/p>\n<p>\u2013 Fjerner fordelen ved h\u00f8yde<\/p>\n<p>Eks-racerf\u00f8rer Ayla \u00c5gren (32) ble f\u00f8rste deltaker som m\u00e5tte forlate \u00abMesternes mester\u00bb, etter \u00e5 ha havnet i nattest med tidligere skihopper Daniel-Andr\u00e9 Tande (31).<\/p>\n<p>\u2013 Jeg gikk ut mye tidligere enn det jeg \u00f8nsket, men det har v\u00e6rt utrolig g\u00f8y \u00e5 bli kjent med de andre konkurrentene. Og jeg skal ikke legge skjul p\u00e5 at det var veldig kjipt \u00e5 ryke f\u00f8rst, sier Ayla \u00c5gren til Nettavisen.<\/p>\n<p>   <img decoding=\"async\" width=\"3000\" height=\"2000\" fetchpriority=\"low\"  loading=\"lazy\"  src=\"https:\/\/www.europesays.com\/no\/wp-content\/uploads\/2026\/01\/mesternes+mester.bin.jpeg\" alt=\"Mesternes mester 2026\" class=\"brick-c-cFOWSL\" style=\"--brick-image-ratio: 3000 \/ 2000;\"\/><\/p>\n<p>      NY VRI: Ayla \u00c5gren og Daniel-Andr\u00e9 Tande var de f\u00f8rste som fikk bryne seg p\u00e5 ny nattest.<br \/>\n      Foto: Tonje Jakobsen (Nordisk Banijay \/ NRK)\n    <\/p>\n<p>Den nye nattesten g\u00e5r ut p\u00e5 at deltakerne skal holde en kule i ro inne i et glassr\u00f8r, og hindre at kulen sklir ut av r\u00f8ret.<\/p>\n<p>\u00c5gren omtaler den nye nattesten som interessant, og sier at b\u00e5de hun og Tande ble overrasket over hvor fort det gikk.<\/p>\n<p>\u2013 Det var mye kortere enn vi trodde. Det var nesten over f\u00f8r vi kom i gang, sier 32-\u00e5ringen.<\/p>\n<p>Daniel-Andr\u00e9 Tande har gjort seg noen tanker om hvorfor nattesten har blitt endret.<\/p>\n<p>\u2013 De endret hovedsakelig for \u00e5 fjerne fordelen man kan f\u00e5 ved h\u00f8yde. S\u00e5 jeg synes de har laget en god nattest som egentlig eliminerer alt av kroppslige fordeler og kun handler om ferdigheter og fokus, sier han til Nettavisen.<\/p>\n<p>Kritikkstorm i fjor<\/p>\n<p>Endringen skjer etter <a href=\"https:\/\/www.nettavisen.no\/kjendis\/seerne-raser-etter-mesternes-mester-nattest-gadd-ikke-se\/s\/5-95-2282831\" rel=\"Follow nofollow noopener\" target=\"_blank\">massiv kritikk mot nattesten i fjor\u00e5rets sesong<\/a>.<\/p>\n<p>Da ble det full klagestorm mot NRK, etter at Gyda Bloch Thorsen tapte en av nattestene mot Tobias \u00abBecs\u00bb Brandal Bus\u00e6t.<\/p>\n<p>Flere mente at den store h\u00f8ydeforskjellen mellom dem gjorde konkurransen urettferdig, og at det i praksis var umulig for Bloch Thorsen \u00e5 vinne duellen.<\/p>\n<p>Produsent i Nordisk Banijay, Thor Arne Ulveraker, vil ikke svare p\u00e5 om endringen har sammenheng med klagestormen i fjor.<\/p>\n<p>\u2013 Nattesten har med jevne mellomrom v\u00e6rt byttet ut, og noen fra tidligere sesonger har blitt hentet frem i nyere sesonger. Vi f\u00f8lte at det var modent for et bytte etter en rekke sesonger med lyssablene p\u00e5 rad, sier Ulveraker til Nettavisen.<\/p>\n<p>Ulveraker sier at konkurransen skal v\u00e6re mulig \u00e5 vinne uavhengig av faktorer som kj\u00f8nn og fysikk. Han sier at den nye nattesten har fungert bra.<\/p>\n<p>Ogs\u00e5 deltakerne har gitt uttrykk for at den nye nattesten var rettferdig og spennende.<\/p>\n<p>\u2013 Det skjer noe fra f\u00f8rste sekund, og det er spennende for seerne \u00e5 f\u00f8lge med p\u00e5 hvem som h\u00e5ndterer den nye utfordringen p\u00e5 best m\u00e5te. Innledningsvis trodde vi at rundene kunne komme til \u00e5 bli korte, men der fikk vi i l\u00f8pet av sesongen noen overraskelser med positivt fortegn, avslutter han.<\/p>\n","protected":false},"excerpt":{"rendered":"(Nettavisen): Denne helga har NRK sparket i gang en ny sesong av seerfavoritten \u00abMesternes mester\u00bb. Denne gangen er&hellip;\n","protected":false},"author":2,"featured_media":127733,"comment_status":"","ping_status":"","sticky":false,"template":"","format":"standard","meta":{"footnotes":""},"categories":[59],"tags":[36,2984,30,28,29,787,14,83,82,1510,207],"class_list":{"0":"post-127732","1":"post","2":"type-post","3":"status-publish","4":"format-standard","5":"has-post-thumbnail","7":"category-sport","8":"tag-art","9":"tag-mesternes-mester","10":"tag-no","11":"tag-norge","12":"tag-norway","13":"tag-nrk","14":"tag-nyheter","15":"tag-sport","16":"tag-sports","17":"tag-story","18":"tag-tv"},"share_on_mastodon":{"url":"https:\/\/pubeurope.com\/@no\/115830588914143804","error":""},"_links":{"self":[{"href":"https:\/\/www.europesays.com\/no\/wp-json\/wp\/v2\/posts\/127732","targetHints":{"allow":["GET"]}}],"collection":[{"href":"https:\/\/www.europesays.com\/no\/wp-json\/wp\/v2\/posts"}],"about":[{"href":"https:\/\/www.europesays.com\/no\/wp-json\/wp\/v2\/types\/post"}],"author":[{"embeddable":true,"href":"https:\/\/www.europesays.com\/no\/wp-json\/wp\/v2\/users\/2"}],"replies":[{"embeddable":true,"href":"https:\/\/www.europesays.com\/no\/wp-json\/wp\/v2\/comments?post=127732"}],"version-history":[{"count":0,"href":"https:\/\/www.europesays.com\/no\/wp-json\/wp\/v2\/posts\/127732\/revisions"}],"wp:featuredmedia":[{"embeddable":true,"href":"https:\/\/www.europesays.com\/no\/wp-json\/wp\/v2\/media\/127733"}],"wp:attachment":[{"href":"https:\/\/www.europesays.com\/no\/wp-json\/wp\/v2\/media?parent=127732"}],"wp:term":[{"taxonomy":"category","embeddable":true,"href":"https:\/\/www.europesays.com\/no\/wp-json\/wp\/v2\/categories?post=127732"},{"taxonomy":"post_tag","embeddable":true,"href":"https:\/\/www.europesays.com\/no\/wp-json\/wp\/v2\/tags?post=127732"}],"curies":[{"name":"wp","href":"https:\/\/api.w.org\/{rel}","templated":true}]}}