{"id":127737,"date":"2026-01-03T10:15:31","date_gmt":"2026-01-03T10:15:31","guid":{"rendered":"https:\/\/www.europesays.com\/no\/127737\/"},"modified":"2026-01-03T10:15:31","modified_gmt":"2026-01-03T10:15:31","slug":"petter-stordalen-apner-nytt-hotell-i-oslo-familien-og-suksessens-hemmelighet","status":"publish","type":"post","link":"https:\/\/www.europesays.com\/no\/127737\/","title":{"rendered":"Petter Stordalen \u00e5pner nytt hotell i Oslo: Familien og suksessens hemmelighet"},"content":{"rendered":"<p class=\"kicker \" style=\"\">Petter Stordalen om hemmeligheten bak suksessen<\/p>\n<p>  Med kj\u00e6rlighet i ryggen, blir livet s\u00e5 mye bedre. Det vet hotellkongen fra Skien alt om.<\/p>\n<p>\n    GLAD TELERMARKING: Nok et hotell er \u00e5pnet \u2013 og Petter Stordalen er str\u00e5lende forn\u00f8yd. Foto: Andreas Fadum\n  <\/p>\n<p>Det vrimler av innbudte gjester og hotellansatte denne festkvelden. Et organisert kaos med mange smil.\u00a0<\/p>\n<p>\u00c5pningen av det nye Hobo-hotellet i Oslo sentrum var nok en ny milep\u00e6l for <a href=\"https:\/\/www.seher.no\/kjendis\/overrasket\/83880312\" rel=\"nofollow noopener\" target=\"_blank\">Petter Stordalen<\/a> (62) og hans selskap Strawberry.<\/p>\n<p>        <img loading=\"lazy\" decoding=\"async\" src=\"https:\/\/www.europesays.com\/no\/wp-content\/uploads\/2026\/01\/84035275.webp.webp\" width=\"667\" height=\"527\" title=\"P\u00c5 TUR MED BARNA: Petter er mest forn\u00f8yd med det gode forholdet han har til barna sine \u2013 og at de i voksen alder \u00f8nsker \u00e5 tilbringe ferier og tid sammen med ham. Her er de for noen \u00e5r siden, i eksotiske omgivelser \u2013 fra venstre Henrik, Petter, Emilie og Jacob. Foto: Jens Bredberg\" alt=\"\" class=\"\" style=\"--aspect-ratio-image: 1.27; \"\/><\/p>\n<p>\n        P\u00c5 TUR MED BARNA: Petter er mest forn\u00f8yd med det gode forholdet han har til barna sine \u2013 og at de i voksen alder \u00f8nsker \u00e5 tilbringe ferier og tid sammen med ham. Her er de for noen \u00e5r siden, i eksotiske omgivelser \u2013 fra venstre Henrik, Petter, Emilie og Jacob. Foto: Jens Bredberg\n    <\/p>\n<p>Den tidligere jordb\u00e6rselgeren fra Skien er en forn\u00f8yd mann, der han hilser p\u00e5 Se og H\u00f8r \u2013 i hvit frakk og solbriller. Han f\u00e5r ting til, men det er en viktig faktor i denne medgangen.<\/p>\n<p>\u2013 Hotell handler aldri om byggene, sier han. <\/p>\n<p>        <img loading=\"lazy\" decoding=\"async\" src=\"https:\/\/www.europesays.com\/no\/wp-content\/uploads\/2026\/01\/84035280.webp.webp\" width=\"667\" height=\"794\" title=\"STOLTE S\u00d8NNER: \u2013 Pappa er et r\u00e5skinn, og han har alltid v\u00e6rt der for oss, sier Jacob Stordalen, som sammen med s\u00f8sknene f\u00f8lger i farens fotspor i Strawberry. Her er han og Henrik p\u00e5 Hobo. Foto. Andreas Fadum\" alt=\"\" class=\"\" style=\"--aspect-ratio-image: 0.84; \"\/><\/p>\n<p>\n        STOLTE S\u00d8NNER: \u2013 Pappa er et r\u00e5skinn, og han har alltid v\u00e6rt der for oss, sier Jacob Stordalen, som sammen med s\u00f8sknene f\u00f8lger i farens fotspor i Strawberry. Her er han og Henrik p\u00e5 Hobo. Foto. Andreas Fadum\n    <\/p>\n<p class=\"font-weight-bold m-font-weight-bold\" data-lab-font_weight=\"font-weight-bold\">\u2013 Det handler om mennesker. Om \u00e5 skape et sted der folk f\u00f8ler seg sett og tatt vare p\u00e5.<\/p>\n<p>Petter st\u00e5r midt inne i lobbyen i hans siste prosjekt, men han virker mer opptatt av de rundt seg enn av sin egen rolle.<\/p>\n<p>        <img loading=\"lazy\" decoding=\"async\" src=\"https:\/\/www.europesays.com\/no\/wp-content\/uploads\/2026\/01\/84035291.webp.webp\" width=\"686\" height=\"1091\" title=\"KOM ALENE: Petters eneste datter Emilie Stordalen kom uten sin mann Jens Bredberg (42) til hotell\u00e5pningen. Foto. Andreas Fadum\" alt=\"\" class=\"\" style=\"--aspect-ratio-image: 0.63; \"\/><\/p>\n<p>\n        KOM ALENE: Petters eneste datter Emilie Stordalen kom uten sin mann Jens Bredberg (42) til hotell\u00e5pningen. Foto. Andreas Fadum\n    <\/p>\n<p>\u2013 Hvis jeg har lykkes med noe, s\u00e5 er det \u00e5 omgi meg med mennesker som er bedre enn meg selv. Det er de som f\u00e5r dette til \u00e5 fungere, sier han engasjert.<\/p>\n<p>        <img loading=\"lazy\" decoding=\"async\" src=\"https:\/\/www.europesays.com\/no\/wp-content\/uploads\/2026\/01\/84035313.webp.webp\" width=\"686\" height=\"1029\" title=\"STOLT KJ\u00c6RESTE: Petter sammen med M\u00e4rta i Praha. Han er stolt av hennes innsats! Foto: Privat\" alt=\"\" class=\"\" style=\"--aspect-ratio-image: 0.67; \"\/><\/p>\n<p>\n        STOLT KJ\u00c6RESTE: Petter sammen med M\u00e4rta i Praha. Han er stolt av hennes innsats! Foto: Privat\n    <\/p>\n<p>I karrieren har han opplevd b\u00e5de eventyrlig vekst og bratte nedturer.\u00a0<\/p>\n<p>Nylig m\u00f8tte han i Borgarting lagmannsrett \u2013 hvor han tapte ankesaken mot Skatteetaten. Dommen inneb\u00e6rer et mulig samlet krav p\u00e5 over 400 millioner kroner.<\/p>\n<p>        INNR\u00d8MMER: Emil Gukild r\u00f8per at han gikk p\u00e5 en pinlig smell allerede i sin f\u00f8rste scene som skuespiller. Reporter: Sanne Holt. Video: \u00abFlukten fra Bolivia\u00bb\/ TV 2\/ Celine N\u00e6ss Andreassen\/ R\u00f8d L\u00f8per <\/p>\n<p>Saken gjelder oppkj\u00f8pet av Oslo Properties i 2013, og p\u00e5f\u00f8lgende utbytte som ble vurdert som skattemotivert. Stordalen vurderer om han vil anke.<\/p>\n<p>I m\u00f8tet med Se og H\u00f8r kommer imidlertid smilet frem n\u00e5r temaet suksess kommer p\u00e5 bordet.<\/p>\n<p>    <a itemprop=\"url\" href=\"https:\/\/www.seher.no\/kjendis\/det-storste-i-livet\/84039305\" rel=\"nofollow noopener\" target=\"_blank\"><\/p>\n<p>        <img loading=\"lazy\" decoding=\"async\" src=\"https:\/\/www.europesays.com\/no\/wp-content\/uploads\/2026\/01\/1767435318_633_76291640.webp.webp\" width=\"980\" height=\"441\" title=\"- Det st\u00f8rste i livet\" alt=\"\" class=\"lazyload\" style=\"--aspect-ratio-image: 2.22; \"\/><\/p>\n<p>        &#8211; Det st\u00f8rste i livet<\/p>\n<p>    <\/a><\/p>\n<p class=\"font-weight-bold m-font-weight-bold\" data-lab-font_weight=\"font-weight-bold\">\u2013 Vet du hva ekte suksess er? Det er n\u00e5r barna dine \u2013 i voksen alder \u2013 fortsatt vil dra p\u00e5 ferie med deg. Da har du gjort noe riktig, sier Petter.<\/p>\n<p>Det er det eneste \u00f8yeblikket under intervjuet der stemmen hans brister litt.<\/p>\n<p>        <img loading=\"lazy\" decoding=\"async\" src=\"https:\/\/www.europesays.com\/no\/wp-content\/uploads\/2026\/01\/84035320.webp.webp\" width=\"686\" height=\"1029\" title=\"LITT AV ET \u00c5R: I sommer giftet Emilie Nereng og Michael Hanson (34) seg \u2013 og for f\u00e5 uker siden fylte hun 30 \u00e5r. Foto: Andreas Fadum\" alt=\"\" class=\"\" style=\"--aspect-ratio-image: 0.67; \"\/><\/p>\n<p>\n        LITT AV ET \u00c5R: I sommer giftet Emilie Nereng og Michael Hanson (34) seg \u2013 og for f\u00e5 uker siden fylte hun 30 \u00e5r. Foto: Andreas Fadum\n    <\/p>\n<p>        <img loading=\"lazy\" decoding=\"async\" src=\"https:\/\/www.europesays.com\/no\/wp-content\/uploads\/2026\/01\/84035317.webp.webp\" width=\"667\" height=\"961\" title=\"S\u00d8STRENE SISTERS: Katarina Flatland (36) kom til Hobo i f\u00f8lge med s\u00f8steren Bettina (38) \u2013 som jobber i Petter Stordalens selskap Strawberry. Foto: Andreas Fadum\" alt=\"\" class=\"\" style=\"--aspect-ratio-image: 0.69; \"\/><\/p>\n<p>\n        S\u00d8STRENE SISTERS: Katarina Flatland (36) kom til Hobo i f\u00f8lge med s\u00f8steren Bettina (38) \u2013 som jobber i Petter Stordalens selskap Strawberry. Foto: Andreas Fadum\n    <\/p>\n<p>\u2013 Familien min. Det er kjernen i mitt liv. <\/p>\n<p>Barna Emilie (33), Henrik (30) og Jacob (28) er alle til stede for \u00e5 se farens siste verk \u2013 og for \u00e5 delta i festlighetene. Jacob str\u00e5ler til Se og H\u00f8r n\u00e5r han forteller om pappa Petter.<\/p>\n<p>        <img loading=\"lazy\" decoding=\"async\" src=\"https:\/\/www.europesays.com\/no\/wp-content\/uploads\/2026\/01\/84035325.webp.webp\" width=\"686\" height=\"707\" title=\"RAUSE: Christian Ringnes (71) sammen med sin kj\u00e6reste Kari Lena Fl\u00e5ten (51) og datteren Isabelle Ringnes (35) p\u00e5 premieren. \u2013 Petter er en rasehest. En kronhjort. Han er bare best, erkl\u00e6rte Christian. Foto: Andreas Fadum\" alt=\"\" class=\"\" style=\"--aspect-ratio-image: 0.97; \"\/><\/p>\n<p>\n        RAUSE: Christian Ringnes (71) sammen med sin kj\u00e6reste Kari Lena Fl\u00e5ten (51) og datteren Isabelle Ringnes (35) p\u00e5 premieren. \u2013 Petter er en rasehest. En kronhjort. Han er bare best, erkl\u00e6rte Christian. Foto: Andreas Fadum\n    <\/p>\n<p>\u2013 Det er superhyggelig \u00e5 v\u00e6re her, sier han.<\/p>\n<p>Han ser p\u00e5 faren som st\u00e5r noen meter unna, omringet av kollegaer og venner. Jacob forteller at faren har l\u00e6rt barna \u00e5 st\u00e5 st\u00f8tt i egne liv.<\/p>\n<p>        REALITY-FORTID: \u00abFlukten fra Bolivia\u00bb-skuespilleren r\u00f8per hvordan deltakelsen i det popul\u00e6re realityprogrammet landet henne dr\u00f8mmerollen. Reporter: Sanne Holt. Video: \u00abFlukten fra Bolivia\u00bb\/ TV 2\/ Celine N\u00e6ss Andreassen\/ R\u00f8d L\u00f8per<\/p>\n<p>\u2013 Det viktigste han har l\u00e6rt oss, er \u00e5 v\u00e6re gode mennesker. Hardtarbeidende, men med hjertet p\u00e5 riktig sted, sier s\u00f8nnen \u2013 som i likhet med sine to s\u00f8sken jobber i familieselskapet.<\/p>\n<p>        <img loading=\"lazy\" decoding=\"async\" src=\"https:\/\/www.europesays.com\/no\/wp-content\/uploads\/2026\/01\/84035329.webp.webp\" width=\"667\" height=\"681\" title=\"LANGT UNNA G\u00c5RDSLIVET: Anders Rydning (39) vant \u00abFarmen\u00bb i 2023. Daniel God\u00f8 vant konkurransen to \u00e5r tidligere. N\u00e5 har de blitt samboere og planlegger familiefor\u00f8kelse gjennom surrogati. Foto. Andreas Fadum\" alt=\"\" class=\"\" style=\"--aspect-ratio-image: 0.98; \"\/><\/p>\n<p>\n        LANGT UNNA G\u00c5RDSLIVET: Anders Rydning (39) vant \u00abFarmen\u00bb i 2023. Daniel God\u00f8 vant konkurransen to \u00e5r tidligere. N\u00e5 har de blitt samboere og planlegger familiefor\u00f8kelse gjennom surrogati. Foto. Andreas Fadum\n    <\/p>\n<p>\u2013 Han liker jo ikke n\u00e5r vi skryter av ham. Men jeg m\u00e5 si det: Pappa er et r\u00e5skinn. Og han har alltid v\u00e6rt der for oss, sier han.<\/p>\n<p class=\"italic m-italic\" data-lab-italic=\"italic\">\u2013 Hvordan er det \u00e5 arve et etternavn som er kjent over hele Norden?<\/p>\n<p>Jacob tenker seg om.<\/p>\n<p>        \u00abALLE ELSKER DAVID\u00bb: David Eriksen forteller at han hadde planer om \u00e5 lyve om dette. Video: \u00abAlle elsker David\u00bb\/TV 2, Nora Skavhaug\/R\u00f8d L\u00f8per<\/p>\n<p>\u2013 Jeg vil ikke kalle det en forpliktelse. Men et ansvar, ja. Et ansvar for \u00e5 forvalte alt det positive han har bygd opp. Kulturen, menneskesynet, rausheten, sier han.<\/p>\n<p> \u2013 Jeg vil at b\u00e5de mamma og pappa skal v\u00e6re stolte av meg. Det er det viktigste.<\/p>\n<p>        <img loading=\"lazy\" decoding=\"async\" src=\"https:\/\/www.europesays.com\/no\/wp-content\/uploads\/2026\/01\/84035331.webp.webp\" width=\"667\" height=\"614\" title=\"NYGIFT OG LYKKELIG: Bendik Skinningsrud kom uten ektemannen Stein Erik Hagen som var p\u00e5 forretningsreise. Gode kj\u00e6rlighetsr\u00e5d hadde han imidlertid med seg\u2026 Foto: Andreas Fadum\" alt=\"\" class=\"\" style=\"--aspect-ratio-image: 1.09; \"\/><\/p>\n<p>\n        NYGIFT OG LYKKELIG: Bendik Skinningsrud kom uten ektemannen Stein Erik Hagen som var p\u00e5 forretningsreise. Gode kj\u00e6rlighetsr\u00e5d hadde han imidlertid med seg\u2026 Foto: Andreas Fadum\n    <\/p>\n<p>Petter er stolt av de tre barna. Og han er ogs\u00e5 stolt av sin kj\u00e6reste M\u00e4rta Elander Wist\u00e9n (33), selv om hun ikke er ved hans side denne kvelden. Det er det en god grunn til: Hun var i Tsjekkia med hesten sin. Og dit vil Petter dra.<\/p>\n<p>    <a itemprop=\"url\" href=\"https:\/\/www.seher.no\/kjendis\/avslorer-gladnyhet\/84039598\" rel=\"nofollow noopener\" target=\"_blank\"><\/p>\n<p>        <img loading=\"lazy\" decoding=\"async\" src=\"https:\/\/www.europesays.com\/no\/wp-content\/uploads\/2026\/01\/1767435331_603_84039602.webp.webp\" width=\"147\" height=\"98\" title=\"Avsl\u00f8rer gladnyhet\" alt=\"\" class=\"lazyload\" style=\"--aspect-ratio-image: 1.50; \"\/><\/p>\n<p>        Avsl\u00f8rer gladnyhet<\/p>\n<p>    <\/a><\/p>\n<p>\u2013 I natt flyr jeg til Praha for \u00e5 se M\u00e4rta ri et viktig stevne. Det gleder jeg meg veldig til, sier han.<\/p>\n<p>P\u00e5 sp\u00f8rsm\u00e5l om fremtid og forlovelsesplaner smiler han lattermildt. <\/p>\n<p>\u2013 Det f\u00e5r ligge. Men jeg f\u00f8ler meg veldig heldig. Vi har det godt. Og godt er nok, sier han og smiler bredt.<\/p>\n<p>        OVERRASKER: Da \u00abA-laget\u00bb stiller Linn Sk\u00e5ber et uventet skilpadde-sp\u00f8rsm\u00e5l, begynner t\u00e5rene \u00e5 trille hos skuespillerlegenden. Video: \u00abA-laget\u00bb\/ NRK\/ R\u00f8d L\u00f8per<\/p>\n<p>Blant de mange gjestene denne kvelden, var det iallfall \u00e9n som kunne litt om b\u00e5de forlovelse og gifterm\u00e5l. Hjerteforskeren Bendik Skinningsrud (30) hadde f\u00e5 dager i forveien sagt ja til milliard\u00e6ren Stein Erik Hagen (69) i Holmenkollen kapell. N\u00e5 var ektemannen p\u00e5 reise i Skottland, og Bendik benyttet anledningen til \u00e5 sosialisere seg. <\/p>\n<p>All kj\u00e6rligheten han opplevde i bryllupet hadde gjort sterkt inntrykk.<\/p>\n<p>\u2013 Det er s\u00e5 fint. Jeg f\u00f8ler at jeg svever litt p\u00e5 den skyen der fortsatt, fortalte han lykkelig.<\/p>\n","protected":false},"excerpt":{"rendered":"Petter Stordalen om hemmeligheten bak suksessen Med kj\u00e6rlighet i ryggen, blir livet s\u00e5 mye bedre. Det vet hotellkongen&hellip;\n","protected":false},"author":2,"featured_media":127738,"comment_status":"","ping_status":"","sticky":false,"template":"","format":"standard","meta":{"footnotes":""},"categories":[58],"tags":[4104,12052,71,14945,11799,479,30,28,29,1934,72],"class_list":{"0":"post-127737","1":"post","2":"type-post","3":"status-publish","4":"format-standard","5":"has-post-thumbnail","7":"category-underholdning","8":"tag-eksklusivt","9":"tag-emilie-stordalen","10":"tag-entertainment","11":"tag-henrik-stordalen","12":"tag-jakob-stordalen","13":"tag-kjendis","14":"tag-no","15":"tag-norge","16":"tag-norway","17":"tag-petter-stordalen","18":"tag-underholdning"},"share_on_mastodon":{"url":"https:\/\/pubeurope.com\/@no\/115830648016006443","error":""},"_links":{"self":[{"href":"https:\/\/www.europesays.com\/no\/wp-json\/wp\/v2\/posts\/127737","targetHints":{"allow":["GET"]}}],"collection":[{"href":"https:\/\/www.europesays.com\/no\/wp-json\/wp\/v2\/posts"}],"about":[{"href":"https:\/\/www.europesays.com\/no\/wp-json\/wp\/v2\/types\/post"}],"author":[{"embeddable":true,"href":"https:\/\/www.europesays.com\/no\/wp-json\/wp\/v2\/users\/2"}],"replies":[{"embeddable":true,"href":"https:\/\/www.europesays.com\/no\/wp-json\/wp\/v2\/comments?post=127737"}],"version-history":[{"count":0,"href":"https:\/\/www.europesays.com\/no\/wp-json\/wp\/v2\/posts\/127737\/revisions"}],"wp:featuredmedia":[{"embeddable":true,"href":"https:\/\/www.europesays.com\/no\/wp-json\/wp\/v2\/media\/127738"}],"wp:attachment":[{"href":"https:\/\/www.europesays.com\/no\/wp-json\/wp\/v2\/media?parent=127737"}],"wp:term":[{"taxonomy":"category","embeddable":true,"href":"https:\/\/www.europesays.com\/no\/wp-json\/wp\/v2\/categories?post=127737"},{"taxonomy":"post_tag","embeddable":true,"href":"https:\/\/www.europesays.com\/no\/wp-json\/wp\/v2\/tags?post=127737"}],"curies":[{"name":"wp","href":"https:\/\/api.w.org\/{rel}","templated":true}]}}