{"id":127747,"date":"2026-01-03T10:29:12","date_gmt":"2026-01-03T10:29:12","guid":{"rendered":"https:\/\/www.europesays.com\/no\/127747\/"},"modified":"2026-01-03T10:29:12","modified_gmt":"2026-01-03T10:29:12","slug":"god-morgen-nationen-morgenrapport-unnlot-a-stelle-og-fore-350-kyr","status":"publish","type":"post","link":"https:\/\/www.europesays.com\/no\/127747\/","title":{"rendered":"God Morgen, Nationen!, Morgenrapport | Unnlot \u00e5 stelle og fore 350 kyr"},"content":{"rendered":"\n<p>Morn&#8217; , kj\u00e6re Nationen-leser!<\/p>\n<p>En mann i 50-\u00e5rene er tiltalt for grov overtredelse av dyrevelferdsloven etter at han s<a href=\"https:\/\/www.nationen.no\/unnlot-a-stelle-og-fore-350-kyr-flere-kadaver-la-apent-tilgjengelig-pa-uteomradet\/s\/5-148-843042\" rel=\"Follow nofollow noopener\" target=\"_blank\">kal ha utsatt sin besetning p\u00e5 350 storfe for alvorlig vanstell i perioden mai til august 2024.<\/a><\/p>\n<p>\u00c5rsaken til at mannen fra Nord-\u00d8sterdal er tiltalt er at han fra mai til august i 2024 fikk gjentatte p\u00e5legg fra Mattilsynet knyttet til tilsyn, stell og levemilj\u00f8 som ikke ble etterkommet.<\/p>\n<p>\u2013 Det er tatt ut tiltale for grov overtredelse av dyrevelferdsloven. Det er jo en alvorlig overtredelse som har p\u00e5g\u00e5tt over tid, sier politiadvokat Einar Gauslaa Bergem til \u00d8stlendingen.<\/p>\n<p><b>Les hele saken her: <a href=\"https:\/\/www.nationen.no\/unnlot-a-stelle-og-fore-350-kyr-flere-kadaver-la-apent-tilgjengelig-pa-uteomradet\/s\/5-148-843042\" rel=\"Follow nofollow noopener\" target=\"_blank\">Unnlot \u00e5 stelle og fore 350 kyr: \u2013 Flere kadaver l\u00e5 \u00e5pent tilgjengelig p\u00e5 uteomr\u00e5det<\/a><\/b><\/p>\n<p>Dette er verdt \u00e5 f\u00e5 med seg i dag:<\/p>\n<ul>\n<li><b>Superm\u00e5ne, supersol og stjerneskudd. <\/b>L\u00f8rdag byr p\u00e5 superm\u00e5ne, supersol og meteorsvermen Quadrantidene \u2013 best synlig rundt kl. 22. Supersolen kan sees i store deler av landet, men ikke i Nord-Norge p\u00e5 grunn av m\u00f8rketiden.<\/li>\n<li><b>Etterforskningen etter Sveits-brannen.<\/b> Politiet fortsetter arbeidet etter brannen som kostet minst 40 mennesker livet nytt\u00e5rsaften. Ofre er enn\u00e5 ikke formelt identifisert, og det etterforskes om noen kan straffeforf\u00f8lges.<\/li>\n<li><b>Ukraina-m\u00f8ter i forkant av Paris.<\/b> Ukrainske representanter m\u00f8ter l\u00f8rdag b\u00e5de europeiske og amerikanske kolleger. Samtalene skjer f\u00f8r m\u00f8tet i \u00abkoalisjonen av de villige\u00bb i Paris tirsdag.<\/li>\n<\/ul>\n<p>Dette har skjedd i natt:<\/p>\n<p><b>Norskog advarer mot krav<\/b> om at skogeiere skal melde fra f\u00f8r de skal hogge i egen skog. \u2013 Eiendomsretten svekkes, sier jurist.<\/p>\n<p>  <a href=\"https:\/\/www.nationen.no\/5-148-837115\" class=\"related-teaser has-image default-story-teaser article--c-eRUmMG article--c-eRUmMG-jKCPdD-design-default\" rel=\"nofollow noopener\" target=\"_blank\"><\/p>\n<p>    <img decoding=\"async\" loading=\"lazy\"  src=\"https:\/\/www.europesays.com\/no\/wp-content\/uploads\/2026\/01\/DSC09227.jpg\" alt=\"\" class=\"brick-c-cFOWSL\" style=\"\"\/><\/p>\n<p>\n            Les ogs\u00e5<\/p>\n<p>              Advarer mot ekstra byr\u00e5krati for skogeieren: \u2013 Eiendomsretten svekkes\n        <\/p>\n<p>  <\/a><\/p>\n<p><b>I Hemsedal lever folk lengre <\/b>enn noe annet sted i landet. Trygve er en av dem.<\/p>\n<p>  <a href=\"https:\/\/www.nationen.no\/5-148-837356\" class=\"related-teaser has-image default-feature-teaser article--c-eRUmMG article--c-eRUmMG-jKCPdD-design-default\" rel=\"nofollow noopener\" target=\"_blank\"><\/p>\n<p>    <img decoding=\"async\" loading=\"lazy\"  src=\"https:\/\/www.europesays.com\/no\/wp-content\/uploads\/2026\/01\/DSC07240.JPG\" alt=\"\" class=\"brick-c-cFOWSL\" style=\"\"\/><\/p>\n<p>\n            Les ogs\u00e5<\/p>\n<p>              Trygve er blant dem som gj\u00f8r fjellkommunen til Norges eldste \u2013 og friskeste\n        <\/p>\n<p>  <\/a><\/p>\n<ul>\n<li><b>Knivstikking i Stavanger<\/b>. En mann i 20-\u00e5rene er varetektsfengslet i fire uker etter knivstikkingen av en 16-\u00e5ring p\u00e5 Tjensvoll. Gutten er n\u00e5 utenfor livsfare, og politiet vurderer om flere skal fremstilles for varetekt.<\/li>\n<li><b>FN ber Israel oppheve Gaza-forbud. <\/b>FNs generalsekret\u00e6r Ant\u00f3nio Guterres ber Israel oppheve forbudet mot hjelpeorganisasjoner i Gaza. Rundt 25 organisasjoner m\u00e5 stanse arbeidet, noe FN mener truer livreddende humanit\u00e6r innsats.<\/li>\n<li><b>Advarer mot kraftbruk til Wisting-feltet.<\/b> Alta-ordf\u00f8reren og LO i Alta advarer mot \u00e5 elektrifisere Wisting-feltet med kraft fra land. De mener Finnmark har for presset kraftsituasjon og frykter konsekvenser for andre arbeidsplasser.<\/li>\n<\/ul>\n<p>V\u00e6ret<\/p>\n<p><b>\u00d8stlandet:<\/b> Nordlig vind med frisk bris og periodevis stiv kuling i Oslofjorden. Skyet v\u00e6r og spredt sn\u00f8.<\/p>\n<p><b>Vestlandet: <\/b>Nord\u2013nord\u00f8stlig bris, periodevis liten kuling, sterkest ved Stad. Stort sett pent v\u00e6r, men mulighet for enkelte sn\u00f8byger p\u00e5 kysten av Rogaland.<\/p>\n<p><b>Midt-Norge:<\/b> Bris fra \u00f8st til nord\u00f8st, frisk bris enkelte steder langs kysten. Skyet eller delvis skyet og oppholdsv\u00e6r.<\/p>\n<p><b>S\u00f8rlandet:<\/b> Nordlig bris, frisk bris p\u00e5 \u00f8stkysten. Lettskyet til delvis skyet og t\u00f8rt v\u00e6r.<\/p>\n<p><b>Nord-Norge:<\/b> Varierende vindforhold med bris til liten kuling, sterkest i Troms og Finnmark. Skyet eller delvis skyet med spredte sn\u00f8byger, ellers perioder med opphold.<\/p>\n<p>Trafikk<\/p>\n<p>Skal du over fjellet i dag? Slik er status p\u00e5 fjellovergangene.<\/p>\n<p>Har du f\u00e5tt med deg disse sakene?<br \/>\n  <a href=\"https:\/\/www.nationen.no\/5-148-837112\" class=\"related-teaser has-image default-story-teaser article--c-eRUmMG article--c-eRUmMG-jKCPdD-design-default\" rel=\"nofollow noopener\" target=\"_blank\"><\/p>\n<p>    <img decoding=\"async\" loading=\"lazy\"  src=\"https:\/\/www.europesays.com\/no\/wp-content\/uploads\/2026\/01\/DSC02476+%281%29.jpg\" alt=\"\" class=\"brick-c-cFOWSL\" style=\"\"\/><\/p>\n<p>\n            Les ogs\u00e5<\/p>\n<p>              Krav kan koste bonden over en million: \u2013 Fullstendig galskap\n        <\/p>\n<p>  <\/a><\/p>\n<p>  <a href=\"https:\/\/www.nationen.no\/5-148-830341\" class=\"related-teaser has-image default-opinion-teaser article--c-eRUmMG article--c-eRUmMG-jKCPdD-design-default\" rel=\"nofollow noopener\" target=\"_blank\"><\/p>\n<p>    <img decoding=\"async\" loading=\"lazy\"  src=\"https:\/\/www.europesays.com\/no\/wp-content\/uploads\/2026\/01\/IMG_8253+%281%29.jpg\" alt=\"\" class=\"brick-c-cFOWSL\" style=\"\"\/><\/p>\n<p>\n            Les ogs\u00e5<\/p>\n<p>              B\u00e5rdsg\u00e5rd selger g\u00e5rden. Hvordan skal dette g\u00e5?\n        <\/p>\n<p>  <\/a><\/p>\n<p>  <a href=\"https:\/\/www.nationen.no\/5-148-839104\" class=\"related-teaser has-image default-story-teaser article--c-eRUmMG article--c-eRUmMG-jKCPdD-design-default\" rel=\"nofollow noopener\" target=\"_blank\"><\/p>\n<p>    <img decoding=\"async\" loading=\"lazy\"  src=\"https:\/\/www.europesays.com\/no\/wp-content\/uploads\/2026\/01\/1767436149_171_cueres_scp-mangler_navn_JKvnxex-QI8.jpg\" alt=\"\" class=\"brick-c-cFOWSL\" style=\"\"\/><\/p>\n<p>\n            Les ogs\u00e5<\/p>\n<p>              Sp vil bytte side for \u00e5 felle flere ulv\n        <\/p>\n<p>  <\/a><br \/>\n  Str\u00f8mpriser<\/p>\n<p>Slik blir str\u00f8mprisene for deg som ikke har norgespris. Har du norgespris kan du sjekke hva du vil spare eller tape p\u00e5 str\u00f8mforbruket i dag.<\/p>\n<p>(Velg ditt str\u00f8momr\u00e5de \u00f8verst. Du kan ogs\u00e5 sjekke str\u00f8mprisene for i morgen, om du planlegger str\u00f8mforbruket for morgendagen).<\/p>\n<p>Sulten p\u00e5 mer, og langt \u00e5 g\u00e5 til postkassa? Her er dagens e-avis:<\/p>\n<p>  <a href=\"https:\/\/eavis.nationen.no\" style=\"color: var(--brick-colors-supportiveNoneFg)\" rel=\"nofollow noopener\" target=\"_blank\"><br \/>\n    <img decoding=\"async\" src=\"https:\/\/www.europesays.com\/no\/wp-content\/uploads\/2026\/01\/medium.jpg\" alt=\"Forsiden til siste Eavis.\"\/><br \/>\n    Les eAvis her<br \/>\n  <\/a><\/p>\n<p>   <img decoding=\"async\" width=\"364\" height=\"156\" fetchpriority=\"low\"  loading=\"lazy\"  src=\"https:\/\/www.europesays.com\/no\/wp-content\/uploads\/2026\/01\/Skjermbilde+2026-01-03+091008.jpg\" alt=\"\" class=\"brick-c-cFOWSL\" style=\"--brick-image-ratio: 364 \/ 156;\"\/><\/p>\n<p>  Vil du ha denne morgenrapporten levert p\u00e5 mobil?<\/p>\n<p>Last ned nyhetsappen v\u00e5r og velg hvilke nyheter du vil f\u00f8lge:<\/p>\n","protected":false},"excerpt":{"rendered":"Morn&#8217; , kj\u00e6re Nationen-leser! En mann i 50-\u00e5rene er tiltalt for grov overtredelse av dyrevelferdsloven etter at han&hellip;\n","protected":false},"author":2,"featured_media":34492,"comment_status":"","ping_status":"","sticky":false,"template":"","format":"standard","meta":{"footnotes":""},"categories":[12],"tags":[36,20,21,2475,24,25,797,15,22,23,739,10356,13,30,28,29,14,16,1510,26,27,42,43,44,45],"class_list":{"0":"post-127747","1":"post","2":"type-post","3":"status-publish","4":"format-standard","5":"has-post-thumbnail","7":"category-verden","8":"tag-art","9":"tag-breaking-news","10":"tag-breakingnews","11":"tag-dyrevelferd","12":"tag-featured-news","13":"tag-featurednews","14":"tag-god-morgen","15":"tag-headlines","16":"tag-latest-news","17":"tag-latestnews","18":"tag-morgenrapport","19":"tag-nationen","20":"tag-news","21":"tag-no","22":"tag-norge","23":"tag-norway","24":"tag-nyheter","25":"tag-overskrifter","26":"tag-story","27":"tag-top-stories","28":"tag-topstories","29":"tag-verden","30":"tag-world","31":"tag-world-news","32":"tag-worldnews"},"share_on_mastodon":{"url":"https:\/\/pubeurope.com\/@no\/115830703054224876","error":""},"_links":{"self":[{"href":"https:\/\/www.europesays.com\/no\/wp-json\/wp\/v2\/posts\/127747","targetHints":{"allow":["GET"]}}],"collection":[{"href":"https:\/\/www.europesays.com\/no\/wp-json\/wp\/v2\/posts"}],"about":[{"href":"https:\/\/www.europesays.com\/no\/wp-json\/wp\/v2\/types\/post"}],"author":[{"embeddable":true,"href":"https:\/\/www.europesays.com\/no\/wp-json\/wp\/v2\/users\/2"}],"replies":[{"embeddable":true,"href":"https:\/\/www.europesays.com\/no\/wp-json\/wp\/v2\/comments?post=127747"}],"version-history":[{"count":0,"href":"https:\/\/www.europesays.com\/no\/wp-json\/wp\/v2\/posts\/127747\/revisions"}],"wp:featuredmedia":[{"embeddable":true,"href":"https:\/\/www.europesays.com\/no\/wp-json\/wp\/v2\/media\/34492"}],"wp:attachment":[{"href":"https:\/\/www.europesays.com\/no\/wp-json\/wp\/v2\/media?parent=127747"}],"wp:term":[{"taxonomy":"category","embeddable":true,"href":"https:\/\/www.europesays.com\/no\/wp-json\/wp\/v2\/categories?post=127747"},{"taxonomy":"post_tag","embeddable":true,"href":"https:\/\/www.europesays.com\/no\/wp-json\/wp\/v2\/tags?post=127747"}],"curies":[{"name":"wp","href":"https:\/\/api.w.org\/{rel}","templated":true}]}}