{"id":127756,"date":"2026-01-03T10:41:27","date_gmt":"2026-01-03T10:41:27","guid":{"rendered":"https:\/\/www.europesays.com\/no\/127756\/"},"modified":"2026-01-03T10:41:27","modified_gmt":"2026-01-03T10:41:27","slug":"minneord-klepp-magne-hodne-til-minne","status":"publish","type":"post","link":"https:\/\/www.europesays.com\/no\/127756\/","title":{"rendered":"Minneord, Klepp | Magne Hodne til minne"},"content":{"rendered":"\n<p>Det var med stor sorg vi mottok budskapet om Magne Hodnes bortgang.<\/p>\n<p>Med Magnes bortgang har Klepp IL mistet et av sine mest betydningsfulle medlemmer. Magne har hatt verv i Klepp IL kontinuerlig siden 1963 og var aktiv helt til det siste.<\/p>\n<p>Han fikk tildelt Klepp Ils \u00e6restegn i gull i 2009 etter at han fikk tildelt \u00e6restegn i s\u00f8lv i 1979.<\/p>\n<p>Han har v\u00e6rt nestformann, sekret\u00e6r og styremedlem i hovedstyret. Han har v\u00e6rt leder av h\u00e5ndballgruppa i fire \u00e5r og turngruppa i fem \u00e5r. Han satt i styret i Rogaland Gymnastikk og Turnkrets i 13 \u00e5r, 11 av disse som leder. For dette arbeidet ble han tildelt den h\u00f8yeste utmerkelsen, Kretsfortjenestemedalje i gull i 1996.<\/p>\n<p>Han har og hatt verv i idrettskretsen, h\u00e5ndballkretsen og i turnforbundet. Han har v\u00e6rt aktiv i turngruppa siden sju\u00e5rsalderen.<\/p>\n<p>Magne ble <a href=\"https:\/\/www.jbl.no\/to-kulturprisar-i-klepp\/s\/5-103-28330\" rel=\"Follow nofollow noopener\" target=\"_blank\">tildelt Klepp kommunes kulturpris i 2003<\/a>.<\/p>\n<p>Han var ogs\u00e5 aktiv i Klepp H\u00f8yre, senere \u00e5r i seniorgruppa, og han ble nylig tildelt Rotarys PHS-pris for lang tjeneste for allmennyttige form\u00e5l.<\/p>\n<p>Magne var sentral da Klepp Ils jubileumsbok ble gitt ut. Hans lange erfaring, interesse for historie og ikke minst kjennskap til alle deler av idrettslaget var helt uvurderlig n\u00e5r den store mengden informasjon skulle redigeres og kvalitetssikres.<\/p>\n<p>For alle som fikk gleden av \u00e5 bli kjent med Magne s\u00e5 er det hans varme personlighet som vil bli husket best. Magne var kunnskapsrik, han var interessert, fulgte med i det som r\u00f8rte seg i og rundt idrettslaget og han var selve definisjonen p\u00e5 et ja-menneske.<\/p>\n<p>Han var en som tok ansvar, som l\u00f8ste oppgavene han ble tildelt til beste kvalitet og satte alltid laget foran seg selv.<\/p>\n<p>Magne har ledet \u00e5rsm\u00f8tene i Klepp IL lenger enn de fleste kan huske. Han var alltid opplest p\u00e5 lovverket og s\u00f8rget for at lovnormer og \u00e5rsm\u00f8ter foregikk slik de skulle. Hans kompetanse var uvurderlig de gangene det var uenigheter, han s\u00f8rget alltid for at m\u00f8tene ble gjennomf\u00f8rt i en god atmosf\u00e6re, at fakta kom p\u00e5 bordet og med en ryddig, tydelig og forsonende m\u00f8teledelse.<\/p>\n<p>Magne ble 80 \u00e5r, han har v\u00e6rt aktiv i idrettslaget i 73 \u00e5r, hatt sammenhengende verv i 62 \u00e5r.<\/p>\n<p>Helt til det siste var han aktiv i herreturngruppa og han var speaker p\u00e5 damekampene.<\/p>\n<p>Klepp IL har mye \u00e5 takke deg for Magne. N\u00e5 er du ikke blant oss lenger, n\u00e5 er det opp til oss andre og f\u00f8re dine gode verdier og klokskap videre.<\/p>\n<p>Takk for alt, hvil i fred, varme, kloke, gode og omtenksomme Magne.<\/p>\n","protected":false},"excerpt":{"rendered":"Det var med stor sorg vi mottok budskapet om Magne Hodnes bortgang. Med Magnes bortgang har Klepp IL&hellip;\n","protected":false},"author":2,"featured_media":127757,"comment_status":"","ping_status":"","sticky":false,"template":"","format":"standard","meta":{"footnotes":""},"categories":[59],"tags":[36,89,1470,14946,692,30,28,29,1533,83,82],"class_list":{"0":"post-127756","1":"post","2":"type-post","3":"status-publish","4":"format-standard","5":"has-post-thumbnail","7":"category-sport","8":"tag-art","9":"tag-folk","10":"tag-klepp","11":"tag-klepp-il","12":"tag-minneord","13":"tag-no","14":"tag-norge","15":"tag-norway","16":"tag-opinion","17":"tag-sport","18":"tag-sports"},"share_on_mastodon":{"url":"https:\/\/pubeurope.com\/@no\/115830750075070378","error":""},"_links":{"self":[{"href":"https:\/\/www.europesays.com\/no\/wp-json\/wp\/v2\/posts\/127756","targetHints":{"allow":["GET"]}}],"collection":[{"href":"https:\/\/www.europesays.com\/no\/wp-json\/wp\/v2\/posts"}],"about":[{"href":"https:\/\/www.europesays.com\/no\/wp-json\/wp\/v2\/types\/post"}],"author":[{"embeddable":true,"href":"https:\/\/www.europesays.com\/no\/wp-json\/wp\/v2\/users\/2"}],"replies":[{"embeddable":true,"href":"https:\/\/www.europesays.com\/no\/wp-json\/wp\/v2\/comments?post=127756"}],"version-history":[{"count":0,"href":"https:\/\/www.europesays.com\/no\/wp-json\/wp\/v2\/posts\/127756\/revisions"}],"wp:featuredmedia":[{"embeddable":true,"href":"https:\/\/www.europesays.com\/no\/wp-json\/wp\/v2\/media\/127757"}],"wp:attachment":[{"href":"https:\/\/www.europesays.com\/no\/wp-json\/wp\/v2\/media?parent=127756"}],"wp:term":[{"taxonomy":"category","embeddable":true,"href":"https:\/\/www.europesays.com\/no\/wp-json\/wp\/v2\/categories?post=127756"},{"taxonomy":"post_tag","embeddable":true,"href":"https:\/\/www.europesays.com\/no\/wp-json\/wp\/v2\/tags?post=127756"}],"curies":[{"name":"wp","href":"https:\/\/api.w.org\/{rel}","templated":true}]}}