{"id":127758,"date":"2026-01-03T10:46:16","date_gmt":"2026-01-03T10:46:16","guid":{"rendered":"https:\/\/www.europesays.com\/no\/127758\/"},"modified":"2026-01-03T10:46:16","modified_gmt":"2026-01-03T10:46:16","slug":"politi-nattens-hendelser-mann-i-50-arene-nektet-a-ga-da-kom-politiet","status":"publish","type":"post","link":"https:\/\/www.europesays.com\/no\/127758\/","title":{"rendered":"Politi, Nattens hendelser | Mann i 50-\u00e5rene nektet \u00e5 g\u00e5 \u2013 da kom politiet"},"content":{"rendered":"\n<p>I Grenland har politiet kun v\u00e6rt i aksjon \u00e9n gang natt til l\u00f8rdag.<\/p>\n<p>If\u00f8lge operasjonsloggen m\u00e5tte nemlig en politipatrulje rykke ut til Porsgrunn sentrum etter at et utested ikke ble kvitt en brysom gjest.<\/p>\n<p>\u2013 En mann i 50-\u00e5rene er bortvist fra et utested, etter at han nektet \u00e5 g\u00e5 fra stedet, skriver operasjonsleder Lise Bj\u00f8rnsund i S\u00f8r-\u00d8st politidistrikt.<\/p>\n<p>Politiet fikk melding om hendelsen klokken 00.39.<\/p>\n<p>Kj\u00f8rte seg fast<\/p>\n<p>Ved 03.32-tiden fikk politiet melding om at en bil hadde kj\u00f8rt seg fast i en skibakke ved Rytterspranget p\u00e5 Gautefall.<\/p>\n<p>\u2013 Politiet har v\u00e6rt p\u00e5 stedet og kommet i kontakt med eier av kj\u00f8ret\u00f8yet og vi har ogs\u00e5 v\u00e6rt i kontakt med personene som disponerer bilen, opplyser operasjonsleder Lise Bj\u00f8rnsund om den spesielle hendelsen i Drangedal.<\/p>\n<p>Politiet har gjort unders\u00f8kelser p\u00e5 stedet, og oppretter sak.<\/p>\n<p>  <a href=\"https:\/\/www.ta.no\/5-50-2253264\" class=\"related-teaser has-image default-story-teaser article--c-eRUmMG article--c-eRUmMG-jKCPdD-design-default\" rel=\"nofollow noopener\" target=\"_blank\"><\/p>\n<p>    <img decoding=\"async\" loading=\"lazy\"  src=\"https:\/\/www.europesays.com\/no\/wp-content\/uploads\/2026\/01\/ulovlig.jpg\" alt=\"\" class=\"brick-c-cFOWSL\" style=\"\"\/><\/p>\n<p>\n            Les ogs\u00e5<\/p>\n<p>              Her har beboere klaget p\u00e5 ulovlig kj\u00f8ring i flere \u00e5r \u2013 n\u00e5 skal det settes en stopper for problemet\n        <\/p>\n<p>  <\/a><\/p>\n","protected":false},"excerpt":{"rendered":"I Grenland har politiet kun v\u00e6rt i aksjon \u00e9n gang natt til l\u00f8rdag. If\u00f8lge operasjonsloggen m\u00e5tte nemlig en&hellip;\n","protected":false},"author":2,"featured_media":1273,"comment_status":"","ping_status":"","sticky":false,"template":"","format":"standard","meta":{"footnotes":""},"categories":[10],"tags":[36,20,21,24,25,15,22,23,5688,13,30,28,29,14,16,254,1370,1510,26,27],"class_list":{"0":"post-127758","1":"post","2":"type-post","3":"status-publish","4":"format-standard","5":"has-post-thumbnail","7":"category-norge","8":"tag-art","9":"tag-breaking-news","10":"tag-breakingnews","11":"tag-featured-news","12":"tag-featurednews","13":"tag-headlines","14":"tag-latest-news","15":"tag-latestnews","16":"tag-nattens-hendelser","17":"tag-news","18":"tag-no","19":"tag-norge","20":"tag-norway","21":"tag-nyheter","22":"tag-overskrifter","23":"tag-politi","24":"tag-porsgrunn","25":"tag-story","26":"tag-top-stories","27":"tag-topstories"},"share_on_mastodon":{"url":"https:\/\/pubeurope.com\/@no\/115830769746179320","error":""},"_links":{"self":[{"href":"https:\/\/www.europesays.com\/no\/wp-json\/wp\/v2\/posts\/127758","targetHints":{"allow":["GET"]}}],"collection":[{"href":"https:\/\/www.europesays.com\/no\/wp-json\/wp\/v2\/posts"}],"about":[{"href":"https:\/\/www.europesays.com\/no\/wp-json\/wp\/v2\/types\/post"}],"author":[{"embeddable":true,"href":"https:\/\/www.europesays.com\/no\/wp-json\/wp\/v2\/users\/2"}],"replies":[{"embeddable":true,"href":"https:\/\/www.europesays.com\/no\/wp-json\/wp\/v2\/comments?post=127758"}],"version-history":[{"count":0,"href":"https:\/\/www.europesays.com\/no\/wp-json\/wp\/v2\/posts\/127758\/revisions"}],"wp:featuredmedia":[{"embeddable":true,"href":"https:\/\/www.europesays.com\/no\/wp-json\/wp\/v2\/media\/1273"}],"wp:attachment":[{"href":"https:\/\/www.europesays.com\/no\/wp-json\/wp\/v2\/media?parent=127758"}],"wp:term":[{"taxonomy":"category","embeddable":true,"href":"https:\/\/www.europesays.com\/no\/wp-json\/wp\/v2\/categories?post=127758"},{"taxonomy":"post_tag","embeddable":true,"href":"https:\/\/www.europesays.com\/no\/wp-json\/wp\/v2\/tags?post=127758"}],"curies":[{"name":"wp","href":"https:\/\/api.w.org\/{rel}","templated":true}]}}