{"id":127761,"date":"2026-01-03T10:55:30","date_gmt":"2026-01-03T10:55:30","guid":{"rendered":"https:\/\/www.europesays.com\/no\/127761\/"},"modified":"2026-01-03T10:55:30","modified_gmt":"2026-01-03T10:55:30","slug":"botn-fant-kompisen-bakken-livlos-pa-hotellrommet-fullstendig-sjokktilstand","status":"publish","type":"post","link":"https:\/\/www.europesays.com\/no\/127761\/","title":{"rendered":"Botn fant kompisen Bakken livl\u00f8s p\u00e5 hotellrommet: \u2013 Fullstendig sjokktilstand"},"content":{"rendered":"<p data-testid=\"textWithMarkup-markup\" data-v-62d58f52=\"\"> Det forteller Botn i et intervju med <a href=\"https:\/\/www.tv2.no\/sport\/botn-bryter-tausheten-etter-dodsfallet\/18426657\/\" rel=\"noopener nofollow\" target=\"_blank\">TV 2<\/a>. <\/p>\n<p data-testid=\"textWithMarkup-text\" data-v-81d7dc2b=\"\" data-v-62d58f52=\"\">Duoen hadde planlagt en skitur klokken 09.00 lille julaften. Da Botn skulle hente biln\u00f8kkelen ble Bakken funnet livl\u00f8s. <\/p>\n<p data-testid=\"textWithMarkup-text\" data-v-81d7dc2b=\"\" data-v-62d58f52=\"\">\u2013 Det var fullstendig sjokktilstand og panikk. Det f\u00f8rste man gj\u00f8r er \u00e5 pr\u00f8ve \u00e5 hjelpe. Jeg pr\u00f8vde \u00e5 ringe politi og ambulanse, men kom ikke gjennom. Jeg sprang og hentet hjelp. Det var noen stressende minutter man pr\u00f8vde \u00e5 hjelpe &#8211; og f\u00e5 hjelp, sier Botn.<\/p>\n<p data-testid=\"textWithMarkup-text\" data-v-81d7dc2b=\"\" data-v-62d58f52=\"\">\u2013 Jeg s\u00e5 at han var helt livl\u00f8s og blek i ansiktet. Jeg skj\u00f8nte at han var d\u00f8d. Det var en sjokktilstand der man ikke f\u00f8ler noe som helst, men pr\u00f8ver \u00e5 hjelpe, sier Botn.<\/p>\n<p data-testid=\"textWithMarkup-text\" data-v-81d7dc2b=\"\" data-v-62d58f52=\"\">Bakken d\u00f8de p\u00e5 hotellrommet sitt i italienske Lavaz\u00e8. Han ble 27 \u00e5r.<\/p>\n","protected":false},"excerpt":{"rendered":"Det forteller Botn i et intervju med TV 2. Duoen hadde planlagt en skitur klokken 09.00 lille julaften.&hellip;\n","protected":false},"author":2,"featured_media":127762,"comment_status":"","ping_status":"","sticky":false,"template":"","format":"standard","meta":{"footnotes":""},"categories":[59],"tags":[30,28,29,83,82],"class_list":{"0":"post-127761","1":"post","2":"type-post","3":"status-publish","4":"format-standard","5":"has-post-thumbnail","7":"category-sport","8":"tag-no","9":"tag-norge","10":"tag-norway","11":"tag-sport","12":"tag-sports"},"share_on_mastodon":{"url":"https:\/\/pubeurope.com\/@no\/115830805158527952","error":""},"_links":{"self":[{"href":"https:\/\/www.europesays.com\/no\/wp-json\/wp\/v2\/posts\/127761","targetHints":{"allow":["GET"]}}],"collection":[{"href":"https:\/\/www.europesays.com\/no\/wp-json\/wp\/v2\/posts"}],"about":[{"href":"https:\/\/www.europesays.com\/no\/wp-json\/wp\/v2\/types\/post"}],"author":[{"embeddable":true,"href":"https:\/\/www.europesays.com\/no\/wp-json\/wp\/v2\/users\/2"}],"replies":[{"embeddable":true,"href":"https:\/\/www.europesays.com\/no\/wp-json\/wp\/v2\/comments?post=127761"}],"version-history":[{"count":0,"href":"https:\/\/www.europesays.com\/no\/wp-json\/wp\/v2\/posts\/127761\/revisions"}],"wp:featuredmedia":[{"embeddable":true,"href":"https:\/\/www.europesays.com\/no\/wp-json\/wp\/v2\/media\/127762"}],"wp:attachment":[{"href":"https:\/\/www.europesays.com\/no\/wp-json\/wp\/v2\/media?parent=127761"}],"wp:term":[{"taxonomy":"category","embeddable":true,"href":"https:\/\/www.europesays.com\/no\/wp-json\/wp\/v2\/categories?post=127761"},{"taxonomy":"post_tag","embeddable":true,"href":"https:\/\/www.europesays.com\/no\/wp-json\/wp\/v2\/tags?post=127761"}],"curies":[{"name":"wp","href":"https:\/\/api.w.org\/{rel}","templated":true}]}}