{"id":127793,"date":"2026-01-03T11:46:23","date_gmt":"2026-01-03T11:46:23","guid":{"rendered":"https:\/\/www.europesays.com\/no\/127793\/"},"modified":"2026-01-03T11:46:23","modified_gmt":"2026-01-03T11:46:23","slug":"kraftige-forsinkelser-i-flytrafikken-ht-no","status":"publish","type":"post","link":"https:\/\/www.europesays.com\/no\/127793\/","title":{"rendered":"Kraftige forsinkelser i flytrafikken &#8211; ht.no"},"content":{"rendered":"<p>Fire flyavganger fra Evenes \u2013 to med Norwegian, ett med SAS og ett med Wider\u00f8e, er forsinket fredag ettermiddag og kveld. Den lengste forsinkelsen er p\u00e5 to timer og fem minutter.<\/p>\n<p>Flere annkomster til flyplassen er ogs\u00e5 kraftig forsinket.<\/p>\n<p>  Forsinkelsene fredag kveld ved Evenes lufthavn Vis mer \u2193 <\/p>\n<p>Norwegian-flyet med flightnummer DY363 til Oslo, skulle opprinnelig g\u00e5 fra Evenes klokken 15.40.Klokken 17 55 letter flyet fra Evenes.<\/p>\n<p>SAS-flyet med flightnummer SK4095 som skulle ha g\u00e5tt fra Evenes klokken 16.50.  Klokken 18.12 var flyet i lufta.<\/p>\n<p>Et Wider\u00f8e-fly til Bod\u00f8, med flightnummer WF867 skulle g\u00e5 klokken 17.40. Klokken 19.38 forlot flyet Evenes lufthavn<\/p>\n<p>Norwegian-flyet med fllightnummer DY367 til Oslo, skulle ha tatt av klokken 20.10. Ny forventet avgangstid er klokken 22.25<\/p>\n<p>Wider\u00f8e-flyet til Andenes med flightnummer WF868 er det siste som skal fra lufthavnen fredag kveld. Opprinnelig avgangstid var 21.20. Forventet avgang er klokken 22.10.<\/p>\n<p>Kommunikasjonssjef i Norwegian Charlotte Holmberg sier at det har v\u00e6rt en del forsinkelser p\u00e5 Norwegians flyginger over hele Norge, men ogs\u00e5 Sverige og Danmark i dag.<\/p>\n<p>\u2013 Det er mye sn\u00f8 og vind i dag som har gjort at det har v\u00e6rt mye forsinkelser p\u00e5 rutene v\u00e5re, sier Holmberg.<\/p>\n<p>Holmberg forklarer at de har sett en del f\u00f8lgeforsinkelser som gj\u00f8r dette.<\/p>\n<p>\u2013 Vi hadde et fly som skulle fra K\u00f8benhavn til \u00c5lborg, som ikke kunne lande p\u00e5 grunn av v\u00e6ret. Det flyet m\u00e5tte bare tilbake til K\u00f8benhavn. N\u00e5r s\u00e5nne ting skjer er det lett at det skaper f\u00f8lgeforsinkelser for eksempel p\u00e5 Evenes.<\/p>\n","protected":false},"excerpt":{"rendered":"Fire flyavganger fra Evenes \u2013 to med Norwegian, ett med SAS og ett med Wider\u00f8e, er forsinket fredag&hellip;\n","protected":false},"author":2,"featured_media":127794,"comment_status":"","ping_status":"","sticky":false,"template":"","format":"standard","meta":{"footnotes":""},"categories":[10],"tags":[1525,20,21,9382,24,25,6693,14289,15,22,23,13,30,28,29,2379,14,636,16,3283,26,27,299],"class_list":{"0":"post-127793","1":"post","2":"type-post","3":"status-publish","4":"format-standard","5":"has-post-thumbnail","7":"category-norge","8":"tag-bodo","9":"tag-breaking-news","10":"tag-breakingnews","11":"tag-evenes","12":"tag-featured-news","13":"tag-featurednews","14":"tag-flytrafikk","15":"tag-harstad-narvik-lufthavn","16":"tag-headlines","17":"tag-latest-news","18":"tag-latestnews","19":"tag-news","20":"tag-no","21":"tag-norge","22":"tag-norway","23":"tag-norwegian","24":"tag-nyheter","25":"tag-oslo","26":"tag-overskrifter","27":"tag-sas","28":"tag-top-stories","29":"tag-topstories","30":"tag-wideroe"},"share_on_mastodon":{"url":"https:\/\/pubeurope.com\/@no\/115831005651413350","error":""},"_links":{"self":[{"href":"https:\/\/www.europesays.com\/no\/wp-json\/wp\/v2\/posts\/127793","targetHints":{"allow":["GET"]}}],"collection":[{"href":"https:\/\/www.europesays.com\/no\/wp-json\/wp\/v2\/posts"}],"about":[{"href":"https:\/\/www.europesays.com\/no\/wp-json\/wp\/v2\/types\/post"}],"author":[{"embeddable":true,"href":"https:\/\/www.europesays.com\/no\/wp-json\/wp\/v2\/users\/2"}],"replies":[{"embeddable":true,"href":"https:\/\/www.europesays.com\/no\/wp-json\/wp\/v2\/comments?post=127793"}],"version-history":[{"count":0,"href":"https:\/\/www.europesays.com\/no\/wp-json\/wp\/v2\/posts\/127793\/revisions"}],"wp:featuredmedia":[{"embeddable":true,"href":"https:\/\/www.europesays.com\/no\/wp-json\/wp\/v2\/media\/127794"}],"wp:attachment":[{"href":"https:\/\/www.europesays.com\/no\/wp-json\/wp\/v2\/media?parent=127793"}],"wp:term":[{"taxonomy":"category","embeddable":true,"href":"https:\/\/www.europesays.com\/no\/wp-json\/wp\/v2\/categories?post=127793"},{"taxonomy":"post_tag","embeddable":true,"href":"https:\/\/www.europesays.com\/no\/wp-json\/wp\/v2\/tags?post=127793"}],"curies":[{"name":"wp","href":"https:\/\/api.w.org\/{rel}","templated":true}]}}