{"id":127803,"date":"2026-01-03T12:02:20","date_gmt":"2026-01-03T12:02:20","guid":{"rendered":"https:\/\/www.europesays.com\/no\/127803\/"},"modified":"2026-01-03T12:02:20","modified_gmt":"2026-01-03T12:02:20","slug":"slutter-a-ta-imot-kontanter","status":"publish","type":"post","link":"https:\/\/www.europesays.com\/no\/127803\/","title":{"rendered":"Slutter \u00e5 ta imot kontanter"},"content":{"rendered":"<p>Det melder Nordland fylkeskommune i en pressemelding tidligere i desember.<\/p>\n<p>Endringen skal skje fra f\u00f8rste mars 2026.<\/p>\n<p>Kontanth\u00e5ndtering utgj\u00f8r i dag en sv\u00e6rt liten del av billettsalget p\u00e5 buss og hurtigb\u00e5t i Nordland, if\u00f8lge fylkeskommunen.<\/p>\n<p>\u2013 Vi tar bort kontantene fra bussene og b\u00e5tene. Alternativt kan man forh\u00e5ndskj\u00f8pe eksempelvis klippekort, hvis man ikke \u00f8nsker \u00e5 kj\u00f8pe billetten p\u00e5 app, eller betale med kort, forklarer fylkesr\u00e5d for samferdsel, Richard Dagsvik (FrP).<\/p>\n<p><img decoding=\"async\" src=\"data:image\/gif;base64,R0lGODlhEAAJAIAAAP\/\/\/wAAACH5BAEAAAAALAAAAAAQAAkAAAIKhI+py+0Po5yUFQA7\" alt=\"\"\/><br \/>\n  Fylkesr\u00e5d for samferdsel, Richard Dagsvik<br \/>\n  <strong>Foto:<\/strong> Arkiv \/ Ole-Kristian Anfinsen<\/p>\n<p>Utfasingen av kontantbetaling vil bidra til tryggere arbeidsforhold, mer effektiv drift og et mer helhetlig betalingssystem i tr\u00e5d med utviklingen i kollektivtrafikken nasjonalt, hevder fylkeskommunen. Fylkesr\u00e5den mener tiden er inne.<\/p>\n<p>\u2013 I 2024 var det kun 0,82 prosent av billettkj\u00f8pene som ble betalt kontant. Kontanter medf\u00f8rer sikkerhetsmessige og driftsmessige utfordringer for operat\u00f8rene. Det er den viktigste grunnen til at vi n\u00e5 fjerner kontanter som betalingsmiddel p\u00e5 bussene og b\u00e5tene v\u00e5re, uttaler fylkesr\u00e5d Dagsvik.<\/p>\n<p>Utviklingen de senere \u00e5rene viser at de fleste reisende benytter digitale l\u00f8sninger som Reis-appen, bankkort, periodebilletter, eller forh\u00e5ndskj\u00f8pte billetter p\u00e5 nett. I praksis er det digital eller kortbasert betaling som i hovedsak brukes. Fylkesr\u00e5d Dagsvik mener at de brukergruppene som kan ha begrenset tilgang til digitale betalingsmetoder utgj\u00f8r en sv\u00e6rt liten andel, og sier eldrer\u00e5dene er enige i fylkets vurderinger av at problemstillingen er marginal.<\/p>\n<p>Det foreligger ikke rettslige krav om \u00e5 tilby kontantbetaling om bord, forutsatt at alternative betalingsmetoder er tilgjengelige og godt kommunisert.<\/p>\n<p>Dagsvik understreker at sj\u00e5f\u00f8rer og mannskap selvsagt vil vise skj\u00f8nn i en overgangsfase.<\/p>\n<p>\u2013 Ingen passasjerer vil bli st\u00e5ende igjen p\u00e5 holdeplassen. Sj\u00e5f\u00f8rene v\u00e5re vil selvsagt ta med passasjerer, og samtidig informere om at kontanter n\u00e5 er avviklet som betalingsmiddel. Jeg tror alle i dag har forst\u00e5else for at kontanter ikke er n\u00f8dvendig i 2026, mener fylkesr\u00e5den.<\/p>\n","protected":false},"excerpt":{"rendered":"Det melder Nordland fylkeskommune i en pressemelding tidligere i desember. Endringen skal skje fra f\u00f8rste mars 2026. Kontanth\u00e5ndtering&hellip;\n","protected":false},"author":2,"featured_media":127804,"comment_status":"","ping_status":"","sticky":false,"template":"","format":"standard","meta":{"footnotes":""},"categories":[10],"tags":[903,622,20,21,2760,24,25,15,14951,22,23,13,30,687,1439,28,29,14,16,223,26,27],"class_list":{"0":"post-127803","1":"post","2":"type-post","3":"status-publish","4":"format-standard","5":"has-post-thumbnail","7":"category-norge","8":"tag-bat","9":"tag-billetter","10":"tag-breaking-news","11":"tag-breakingnews","12":"tag-buss","13":"tag-featured-news","14":"tag-featurednews","15":"tag-headlines","16":"tag-kontanter","17":"tag-latest-news","18":"tag-latestnews","19":"tag-news","20":"tag-no","21":"tag-nordland","22":"tag-nordland-fylkeskommune","23":"tag-norge","24":"tag-norway","25":"tag-nyheter","26":"tag-overskrifter","27":"tag-samferdsel","28":"tag-top-stories","29":"tag-topstories"},"share_on_mastodon":{"url":"https:\/\/pubeurope.com\/@no\/115831068560253348","error":""},"_links":{"self":[{"href":"https:\/\/www.europesays.com\/no\/wp-json\/wp\/v2\/posts\/127803","targetHints":{"allow":["GET"]}}],"collection":[{"href":"https:\/\/www.europesays.com\/no\/wp-json\/wp\/v2\/posts"}],"about":[{"href":"https:\/\/www.europesays.com\/no\/wp-json\/wp\/v2\/types\/post"}],"author":[{"embeddable":true,"href":"https:\/\/www.europesays.com\/no\/wp-json\/wp\/v2\/users\/2"}],"replies":[{"embeddable":true,"href":"https:\/\/www.europesays.com\/no\/wp-json\/wp\/v2\/comments?post=127803"}],"version-history":[{"count":0,"href":"https:\/\/www.europesays.com\/no\/wp-json\/wp\/v2\/posts\/127803\/revisions"}],"wp:featuredmedia":[{"embeddable":true,"href":"https:\/\/www.europesays.com\/no\/wp-json\/wp\/v2\/media\/127804"}],"wp:attachment":[{"href":"https:\/\/www.europesays.com\/no\/wp-json\/wp\/v2\/media?parent=127803"}],"wp:term":[{"taxonomy":"category","embeddable":true,"href":"https:\/\/www.europesays.com\/no\/wp-json\/wp\/v2\/categories?post=127803"},{"taxonomy":"post_tag","embeddable":true,"href":"https:\/\/www.europesays.com\/no\/wp-json\/wp\/v2\/tags?post=127803"}],"curies":[{"name":"wp","href":"https:\/\/api.w.org\/{rel}","templated":true}]}}