{"id":127811,"date":"2026-01-03T12:16:35","date_gmt":"2026-01-03T12:16:35","guid":{"rendered":"https:\/\/www.europesays.com\/no\/127811\/"},"modified":"2026-01-03T12:16:35","modified_gmt":"2026-01-03T12:16:35","slug":"trusler-ring-pa-spring-fikk-melding-om-mann-i-baris-med-oks-plaget-med-ring-pa-spring","status":"publish","type":"post","link":"https:\/\/www.europesays.com\/no\/127811\/","title":{"rendered":"Trusler, Ring p\u00e5 spring | Fikk melding om mann i baris med \u00f8ks: \u2013 Plaget med ring p\u00e5 spring"},"content":{"rendered":"\n<p>Det var om kvelden p\u00e5 nytt\u00e5rsaften at meldingen kom inn til politiet i Os.<\/p>\n<p><b>\u2013 Klokken 2153 mottok vi en melding om en mann i bar overkropp som hadde en \u00f8ks i h\u00e5nden, opplyser politioverbetjent Anne Lyssand ved Bj\u00f8rnafjorden politistasjon.<\/b><\/p>\n<p>Politiet rykket ut til nabolaget s\u00f8r for Os\u00f8yro og p\u00e5traff mannen.<\/p>\n<p>\u2013 Han sa han var blitt plaget av . Mannen ble p\u00e5grepet og satt i arresten fordi han hadde fremsatt alvorlige trusler, forteller Lyssand.<\/p>\n<p>\u2013 Sa han ikke mente det<\/p>\n<p>P\u00e5 ettermiddagen f\u00f8rste nytt\u00e5rsdag satt mannen fortsatt i arresten, men da BA spurte vakthavende jurist fredag morgen var han blitt l\u00f8slatt siden da.<\/p>\n<p>Politioverbetjent Lyssand forteller at truslene han skal ha kommet med, ikke var rettet direkte mot politiet p\u00e5 stedet.<\/p>\n<p><b>\u2013 Truslene gikk p\u00e5 hva han skulle gj\u00f8re dersom ikke s\u00e5nn og s\u00e5nn skjedde. I avh\u00f8r sa han at han ikke mente det han sa, sier Lyssand til BA.<\/b><\/p>\n<p>Det var ingen ungdommer eller andre personer p\u00e5 stedet da politiet kom frem som kunne mistenkes for \u00e5 st\u00e5 bak den p\u00e5st\u00e5tte ring p\u00e5 spring-episoden.<\/p>\n<p>Mannen i 60-\u00e5rene er kjent for politiet fra f\u00f8r, men har ikke kontaktet dem om slike saker.<\/p>\n<p>\u2013 Men det er et problem med ring p\u00e5 spring i kommunen generelt. Noen perioder f\u00e5r vi mange henvendelser, andre ganger ikke, opplyser Lyssand.<\/p>\n","protected":false},"excerpt":{"rendered":"Det var om kvelden p\u00e5 nytt\u00e5rsaften at meldingen kom inn til politiet i Os. \u2013 Klokken 2153 mottok&hellip;\n","protected":false},"author":2,"featured_media":1615,"comment_status":"","ping_status":"","sticky":false,"template":"","format":"standard","meta":{"footnotes":""},"categories":[10],"tags":[36,20,21,24,25,15,983,22,23,13,30,28,29,14,2932,16,14952,1510,26,27,2843],"class_list":{"0":"post-127811","1":"post","2":"type-post","3":"status-publish","4":"format-standard","5":"has-post-thumbnail","7":"category-norge","8":"tag-art","9":"tag-breaking-news","10":"tag-breakingnews","11":"tag-featured-news","12":"tag-featurednews","13":"tag-headlines","14":"tag-krim","15":"tag-latest-news","16":"tag-latestnews","17":"tag-news","18":"tag-no","19":"tag-norge","20":"tag-norway","21":"tag-nyheter","22":"tag-os","23":"tag-overskrifter","24":"tag-ring-pa-spring","25":"tag-story","26":"tag-top-stories","27":"tag-topstories","28":"tag-trusler"},"share_on_mastodon":{"url":"https:\/\/pubeurope.com\/@no\/115831123728562383","error":""},"_links":{"self":[{"href":"https:\/\/www.europesays.com\/no\/wp-json\/wp\/v2\/posts\/127811","targetHints":{"allow":["GET"]}}],"collection":[{"href":"https:\/\/www.europesays.com\/no\/wp-json\/wp\/v2\/posts"}],"about":[{"href":"https:\/\/www.europesays.com\/no\/wp-json\/wp\/v2\/types\/post"}],"author":[{"embeddable":true,"href":"https:\/\/www.europesays.com\/no\/wp-json\/wp\/v2\/users\/2"}],"replies":[{"embeddable":true,"href":"https:\/\/www.europesays.com\/no\/wp-json\/wp\/v2\/comments?post=127811"}],"version-history":[{"count":0,"href":"https:\/\/www.europesays.com\/no\/wp-json\/wp\/v2\/posts\/127811\/revisions"}],"wp:featuredmedia":[{"embeddable":true,"href":"https:\/\/www.europesays.com\/no\/wp-json\/wp\/v2\/media\/1615"}],"wp:attachment":[{"href":"https:\/\/www.europesays.com\/no\/wp-json\/wp\/v2\/media?parent=127811"}],"wp:term":[{"taxonomy":"category","embeddable":true,"href":"https:\/\/www.europesays.com\/no\/wp-json\/wp\/v2\/categories?post=127811"},{"taxonomy":"post_tag","embeddable":true,"href":"https:\/\/www.europesays.com\/no\/wp-json\/wp\/v2\/tags?post=127811"}],"curies":[{"name":"wp","href":"https:\/\/api.w.org\/{rel}","templated":true}]}}