{"id":127814,"date":"2026-01-03T12:20:07","date_gmt":"2026-01-03T12:20:07","guid":{"rendered":"https:\/\/www.europesays.com\/no\/127814\/"},"modified":"2026-01-03T12:20:07","modified_gmt":"2026-01-03T12:20:07","slug":"yuji-horii-erter-mange-kunngjoringer-for-a-feire-dragon-quests-40-arsjubileum-dragon-quest-xii-the-flames-of-fate","status":"publish","type":"post","link":"https:\/\/www.europesays.com\/no\/127814\/","title":{"rendered":"Yuji Horii erter &laquo;mange kunngj\u00f8ringer&raquo; for \u00e5 feire Dragon Quests 40-\u00e5rsjubileum &#8211; Dragon Quest XII: The Flames of Fate"},"content":{"rendered":"<p>Da vi m\u00f8tte ham p\u00e5 25th Comicon Napoli, spurte vi den legendariske japanske skaperen Yuji Horii om <a href=\"https:\/\/www.gamereactor.no\/yujii-horii-jobber-fortsatt-veldig-hardt-med-dragon-quest-xii-serien-kan-vaere-kompatibel-med-switch-2-1767443\/\" title=\"Yujii Horii &quot;jobber fortsatt veldig hardt&quot; med Dragon Quest XII, serien &quot;kan v\u00e6re kompatibel med Switch 2&quot;\" rel=\"nofollow noopener\" target=\"_blank\">Dragon Quest XII<\/a> og <a href=\"https:\/\/www.gamereactor.no\/eksklusivt-yuji-horii-vurderer-en-chrono-trigger-remake-1765003\/\" title=\"Eksklusivt: Yuji Horii &quot;vurderer&quot; en Chrono Trigger Remake\" rel=\"nofollow noopener\" target=\"_blank\">om en mulig nyinnspilling av Chrono Trigger<\/a>. Og selv om Horii-san ga oss h\u00e5p om begge deler, ville han ikke forplikte seg til noe spesifikt lanserings- eller avsl\u00f8ringsvindu.<\/p>\n<p>N\u00e5 er det et nytt \u00e5r, og i 2026 er Dragon Quest en av mange sjangerdefinerende franchiser som fyller 40 \u00e5r i l\u00f8pet av de neste m\u00e5nedene, sammen med klassikere som Metroid, Castlevania, og The Legend of Zelda. Derfor \u00f8nsket Horii-san selv \u00e5 erte fansen med f\u00f8lgende innlegg p\u00e5 X :<\/p>\n<p>&laquo;Godt nytt \u00e5r. Dragon Quest har n\u00e5 n\u00e5dd sitt 40-\u00e5rsjubileum. Takk til alle dere som har st\u00f8ttet oss s\u00e5 lenge, og til alle de ansatte som har st\u00f8ttet oss. Vi er veldig takknemlige. Jeg tror vi kommer til \u00e5 kunne kunngj\u00f8re mange ting i \u00e5r. Vennligst se frem til det. Jeg dro til Zojoji-tempelet p\u00e5 nytt\u00e5rsbes\u00f8k. Min omikuji var forresten en stor lykke. Jippi!&raquo;<\/p>\n<p>Etter flere rykter, potensielle forsinkelser og &laquo;vi jobber fortsatt hardt med det&raquo;-meldinger, vil fansen v\u00e6re enige om at det virkelig er p\u00e5 tide at Square Enix avduker den nye hovedutgaven av det klassiske JRPG-spillet, som faktisk ble annonsert allerede i 2021. Tror du Horiis nytt\u00e5rsmelding betyr at vi snart f\u00e5r vite mer? I mellomtiden vil Dragon Quest VII: Reimagined starte jubileumsfeiringen veldig snart, om bare en m\u00e5neds tid.<\/p>\n<p><img loading=\"lazy\" decoding=\"async\" id=\"img-1949583-4773283\" data-fullsize=\"\/media\/32\/yujihoriiteases_4773283b.jpg\" data-lazy=\"\" src=\"https:\/\/www.gamereactor.nohttps:\/\/www.gamereactor.no\/media\/32\/yujihoriiteases_4773283_650x.jpg\" width=\"650\" onclick=\"if (!window.__cfRLUnblockHandlers) return false; gallery_openmodal('1949583','4773283',false,'0757ebc12c9e6536fa0e8d3b7fa99d2e');\" height=\"650\" alt=\"Dragon Quest XII: The Flames of Fate\" class=\"rwd_col_content lazy\" data-cf-modified-719048a5b097b837985d3b35-=\"\"\/><\/p>\n<blockquote class=\"twitter-tweet\" data-theme=\"dark\"><p><a href=\"https:\/\/twitter.com\/YujiHorii\/status\/2006581013552808234?ref_src=twsrc%5Etfw\" rel=\"nofollow noopener\" target=\"_blank\"><\/p><\/blockquote>\n<p> <script async src=\"https:\/\/platform.twitter.com\/widgets.js\" charset=\"utf-8\"><\/script><\/p>\n","protected":false},"excerpt":{"rendered":"Da vi m\u00f8tte ham p\u00e5 25th Comicon Napoli, spurte vi den legendariske japanske skaperen Yuji Horii om Dragon&hellip;\n","protected":false},"author":2,"featured_media":127815,"comment_status":"","ping_status":"","sticky":false,"template":"","format":"standard","meta":{"footnotes":""},"categories":[57],"tags":[30,28,29,65,63,64,66,70,69,67,68],"class_list":{"0":"post-127814","1":"post","2":"type-post","3":"status-publish","4":"format-standard","5":"has-post-thumbnail","7":"category-vitenskap-og-teknologi","8":"tag-no","9":"tag-norge","10":"tag-norway","11":"tag-science","12":"tag-science-and-technology","13":"tag-scienceandtechnology","14":"tag-technology","15":"tag-teknologi","16":"tag-vitenskap","17":"tag-vitenskap-og-teknologi","18":"tag-vitenskapteknologi"},"share_on_mastodon":{"url":"https:\/\/pubeurope.com\/@no\/115831139357099137","error":""},"_links":{"self":[{"href":"https:\/\/www.europesays.com\/no\/wp-json\/wp\/v2\/posts\/127814","targetHints":{"allow":["GET"]}}],"collection":[{"href":"https:\/\/www.europesays.com\/no\/wp-json\/wp\/v2\/posts"}],"about":[{"href":"https:\/\/www.europesays.com\/no\/wp-json\/wp\/v2\/types\/post"}],"author":[{"embeddable":true,"href":"https:\/\/www.europesays.com\/no\/wp-json\/wp\/v2\/users\/2"}],"replies":[{"embeddable":true,"href":"https:\/\/www.europesays.com\/no\/wp-json\/wp\/v2\/comments?post=127814"}],"version-history":[{"count":0,"href":"https:\/\/www.europesays.com\/no\/wp-json\/wp\/v2\/posts\/127814\/revisions"}],"wp:featuredmedia":[{"embeddable":true,"href":"https:\/\/www.europesays.com\/no\/wp-json\/wp\/v2\/media\/127815"}],"wp:attachment":[{"href":"https:\/\/www.europesays.com\/no\/wp-json\/wp\/v2\/media?parent=127814"}],"wp:term":[{"taxonomy":"category","embeddable":true,"href":"https:\/\/www.europesays.com\/no\/wp-json\/wp\/v2\/categories?post=127814"},{"taxonomy":"post_tag","embeddable":true,"href":"https:\/\/www.europesays.com\/no\/wp-json\/wp\/v2\/tags?post=127814"}],"curies":[{"name":"wp","href":"https:\/\/api.w.org\/{rel}","templated":true}]}}