{"id":127816,"date":"2026-01-03T12:24:14","date_gmt":"2026-01-03T12:24:14","guid":{"rendered":"https:\/\/www.europesays.com\/no\/127816\/"},"modified":"2026-01-03T12:24:14","modified_gmt":"2026-01-03T12:24:14","slug":"tilbake-pa-kanarioyene","status":"publish","type":"post","link":"https:\/\/www.europesays.com\/no\/127816\/","title":{"rendered":"Tilbake p\u00e5 Kanari\u00f8yene"},"content":{"rendered":"<p>    Kort fortalt<\/p>\n<ul lang=\"nb-NO\">\n<li>Flere store norske kleskjeder har sluttet \u00e5 selge gravidkl\u00e6r i fysiske butikker, noe som skaper stress for gravide som Kristina Andersen.<\/li>\n<li>Kristina mener det er viktig \u00e5 kunne pr\u00f8ve kl\u00e6rne f\u00f8r kj\u00f8p, da det \u00e5 sende pakker fram og tilbake er kostbart og milj\u00f8skadelig.<\/li>\n<li>Hun har delt sin frustrasjon p\u00e5 TikTok, hvor mange andre gravide har uttrykt lignende opplevelser med retur og kj\u00f8p av gravidkl\u00e6r.<\/li>\n<li>Kleskjeder som H&amp;M og Lindex har bekreftet at de n\u00e5 kun tilbyr gravidkl\u00e6r p\u00e5 nett, men Lindex tillater retur i butikk.<\/li>\n<\/ul>\n<p class=\"italic ai-disclaimer\" data-lab-italic=\"italic\">Sammendraget er laget av ChatGPT og godkjent av Dagbladet.<\/p>\n<p>      Vis mer<br \/>\n      Vis mindre<\/p>\n<p>Flere store norske kleskjeder har sluttet \u00e5 selge gravidkl\u00e6r i fysiske butikker.\u00a0<\/p>\n<p class=\"font-weight-bold m-font-weight-bold\" data-lab-font_weight=\"font-weight-bold\">For Kristina Andersen, som nylig har v\u00e6rt gravid, skapte dette un\u00f8dvendig stress i en s\u00e5rbar periode.<\/p>\n<p>&#8211; Jeg synes det er utrolig synd. N\u00e5r kjedene fjerner gravidkl\u00e6r fra butikkene, gj\u00f8r de det vanskelig for en gruppe som allerede st\u00e5r i en s\u00e5rbar og krevende fase, sier Kristina til Dagbladet, f\u00f8r hun fortsetter:\u00a0<\/p>\n<p class=\"font-weight-bold m-font-weight-bold\" data-lab-font_weight=\"font-weight-bold\">&#8211; Gravidkroppen endrer seg raskt, og det \u00e5 vite hvilken st\u00f8rrelse man trenger er nesten umulig n\u00e5r man ikke f\u00e5r pr\u00f8vd kl\u00e6rne. Det lille utvalget som fantes f\u00f8r, ga i det minste en pekepinn.<\/p>\n<p>Hun mener det er uforst\u00e5elig at store kjeder, som\u00a0H&amp;M, Cubus og Lindex har gjort dette grepet.\u00a0<\/p>\n<p class=\"italic m-italic\" data-lab-italic=\"italic\">Les svar fra H&amp;M og Lindex lenger ned i saken. Dagbladet har ogs\u00e5 henvendt seg til Cubus, som ikke har besvart v\u00e5re henvendelser.<\/p>\n<p>    <a itemprop=\"url\" href=\"https:\/\/www.dagbladet.no\/nyheter\/startet-som-halsbetennelse-et-smertehelvete\/83916318\" rel=\"nofollow noopener\" target=\"_blank\"><\/p>\n<p>        <img loading=\"lazy\" decoding=\"async\" src=\"https:\/\/www.europesays.com\/no\/wp-content\/uploads\/2026\/01\/83916386.webp.webp\" width=\"980\" height=\"441\" title=\"Startet som halsbetennelse: - Et smertehelvete\" alt=\"\" class=\"lazyload\" style=\"--aspect-ratio-image: 2.22; \"\/><\/p>\n<p>        Startet som halsbetennelse: &#8211; Et smertehelvete<\/p>\n<p>    <\/a><\/p>\n<p>&#8211; Er s\u00e5 viktig  <\/p>\n<p>Kristina, som er bosatt i Bergen, understreker viktigheten av \u00e5 kunne pr\u00f8ve kl\u00e6rne f\u00f8r man kj\u00f8per.<\/p>\n<p>&#8211; N\u00e5r man verken kan pr\u00f8ve i butikk eller levere i butikk, ender man med \u00e5 sende flere pakker fram og tilbake. Det blir un\u00f8dvendig mye transport og d\u00e5rligere for b\u00e5de lommeboka, kundene og milj\u00f8et, n\u00e5r l\u00f8sningen er s\u00e5 enkel: La oss f\u00e5 pr\u00f8ve kl\u00e6rne f\u00f8r vi kj\u00f8per dem.<\/p>\n<p>&#8211; \u00c5 f\u00f8le seg fin som gravid er s\u00e5 viktig, og det m\u00e5 jo v\u00e6re et marked for dette i butikk, sier hun.\u00a0\u00a0<\/p>\n<p>Kristina opplever at det \u00e5 finne og returnere gravidkl\u00e6r har blitt langt mer tungvint, og at det ofte f\u00f8rer til \u00f8kte kostnader.\u00a0<\/p>\n<p class=\"font-weight-bold m-font-weight-bold\" data-lab-font_weight=\"font-weight-bold\">Hun har tatt opp utfordringen i en video p\u00e5 TikTok, hvor hun f\u00e5r bekreftet fra andre gravide at de ogs\u00e5 opplever det slik.\u00a0<\/p>\n<p>&#8211; Mange er rett og slett oppgitte. Jeg visste ikke at rutinene var endret, og ble veldig frustrert da jeg tok med gravidkl\u00e6r jeg hadde bestilt til n\u00e6rmeste butikk for retur, og fikk beskjed om at de ikke tar imot gravidkl\u00e6r i retur lenger. Det burde i det minste st\u00e5 i tydelig tekst p\u00e5 nettsiden eller i appene deres.<\/p>\n<p>Hun peker ogs\u00e5 p\u00e5 at flere har opplevd \u00e5 m\u00e5tte betale retur selv, og at flere til slutt gir opp og bruker for store vanlige kl\u00e6r fordi det er s\u00e5 mye styr.<\/p>\n<p>        \u00abNISSENE I SKJUL\u00bb: Herman Flesvig, Mikkel Niva og Kevin V\u00e5genes r\u00f8per en av ideene de fikk nei til. Video: \u00abNissene i skjul\u00bb\/NRK.<\/p>\n<p>Endret handlem\u00f8nsteret  <\/p>\n<p>P\u00e5 sp\u00f8rsm\u00e5l om hun forventer endringer fra kjedene, svarer hun:<\/p>\n<p class=\"font-weight-bold m-font-weight-bold\" data-lab-font_weight=\"font-weight-bold\">&#8211; Jeg forventer i det minste et lite utvalg i de st\u00f8rste butikkene. Det trenger ikke v\u00e6re store kolleksjoner, men man b\u00f8r kunne pr\u00f8ve noen basic-plagg, og levere retur i butikk. Det ville gjort hverdagen mye enklere.<\/p>\n<p>Endringen har allerede p\u00e5virket handlem\u00f8nsteret hennes.<\/p>\n<p>&#8211; Jeg ser mer til mindre akt\u00f8rer, nettbutikker som spesialiserer seg p\u00e5 gravidkl\u00e6r, og merker som faktisk har noe i fysisk butikk. For meg handler det om enkelhet, jeg handler der prosessen er minst stressende.<\/p>\n<p>Kristina er ogs\u00e5 opptatt av milj\u00f8aspektet.<\/p>\n<p class=\"font-weight-bold m-font-weight-bold\" data-lab-font_weight=\"font-weight-bold\">&#8211; Det er lite milj\u00f8vennlig at store kjeder ikke tilbyr retur i butikk. Det burde v\u00e6rt en selvf\u00f8lge for b\u00e5de milj\u00f8et og kundene. De kunne enkelt sendt varene tilbake til hovedlager selv.<\/p>\n<p>Hun ser ogs\u00e5 samme utfordring n\u00e5r det gjelder ammekl\u00e6r.<\/p>\n<p>&#8211; Jeg f\u00f8dte for tre uker siden, og ser at ammekl\u00e6r heller ikke finnes i butikk lenger, noe som gj\u00f8r det vanskeligere \u00e5 finne riktig passform og funksjon.<\/p>\n<p>        MISTER KONTROLLEN: En person er sendt til sykehus etter en dramatisk ulykke under en motorsport-festival i Victoria, Australia. Reporter: Anabelle Bruun\/Dagbladet TV<\/p>\n<p>N\u00e5 h\u00e5per Kristina at kjedene ser henne, og andre gravide sitt behov.<\/p>\n<p>&#8211; Det vil gj\u00f8r alt s\u00e5 mye enklere for oss &#8211; i det minste n\u00e5r det gjelder retur i butikk. Det ville gjort en enorm forskjell. <\/p>\n<p>Kleskjedene bekrefter: &#8211; Bare p\u00e5 nett<\/p>\n<p>&#8211; Hoveddelen\u00a0av v\u00e5rt utvalg av kl\u00e6r til gravide,\u00a0Mama, vil fra n\u00e5 av v\u00e6re tilgjengelig p\u00e5 Hm.com. Vi vurderer og tilpasser kontinuerlig sortimentet v\u00e5rt for \u00e5 m\u00f8te kundenes ettersp\u00f8rsel b\u00e5de i butikk og p\u00e5 nett, og siden ettersp\u00f8rselen i \u00f8kende grad har flyttet seg til nett, er dette en naturlig utvikling, sier kommunikasjons- og presseansvarlig for H&amp;M Norge, Clara Oldenburg, til Dagbladet.\u00a0\u00a0<\/p>\n<p class=\"font-weight-bold m-font-weight-bold\" data-lab-font_weight=\"font-weight-bold\">Hun sier at H&amp;M har fremdeles et utvalgt sortiment av Mama-undert\u00f8y tilgjengelig i butikk.\u00a0<\/p>\n<p data-lab-font_weight=\"\">De besvarer ikke sp\u00f8rsm\u00e5let om det er mulig \u00e5 levere gravidkl\u00e6r fysisk til butikkene i retur, men inne p\u00e5 nettsidene deres kan man lese i liten skrift at det ikke er mulig.\u00a0<\/p>\n<p>        <img loading=\"lazy\" decoding=\"async\" src=\"https:\/\/www.europesays.com\/no\/wp-content\/uploads\/2026\/01\/83937883.webp.webp\" width=\"686\" height=\"652\" title=\"G\u00c5R IKKE: Med liten skrift st\u00e5r det at man ikke kan levere gravidkl\u00e6r tilbake i butikk p\u00e5 H&amp;Ms nettside. Foto: Skjermdump \/ H&amp;M\" alt=\"\" class=\"\" style=\"--aspect-ratio-image: 1.05; \"\/><\/p>\n<p>\n        G\u00c5R IKKE: Med liten skrift st\u00e5r det at man ikke kan levere gravidkl\u00e6r tilbake i butikk p\u00e5 H&amp;Ms nettside. Foto: Skjermdump \/ H&amp;M\n    <\/p>\n<p data-lab-font_weight=\"\">&#8211; Jeg tror veldig f\u00e5 er klar over at H&amp;M ikke tar gravidkl\u00e6r i retur i butikk lenger. Det st\u00e5r n\u00e5 med liten skrift \u00f8verst p\u00e5 MAMA-kolleksjonen, og man m\u00e5 til og med trykke p\u00e5 en informasjonsknapp for \u00e5 f\u00e5 opp hele teksten. Dette er noe de fleste kunder aldri legger merke til, mener Kristina.\u00a0<\/p>\n<p data-lab-font_weight=\"font-weight-bold\" class=\"font-weight-bold m-font-weight-bold\">Pressetalsperson i Lindex, Hanne Wergeland, sier til Dagbladet at de ogs\u00e5 tilbyr sine MOM- og ammekl\u00e6r bare p\u00e5 nett.\u00a0<\/p>\n<p>&#8211; Sortimentet best\u00e5r av behovsstyrte basisplagg samt et mindre antall mer sesongbaserte og uttrykksfulle plagg. I tillegg finnes amme-BH-er, ammetopper, gravidtruser- og tights tilgjengelig i v\u00e5re fysiske butikker, sier Wergeland.\u00a0<\/p>\n<p class=\"font-weight-normal m-font-weight-normal\" data-lab-font_weight=\"font-weight-normal\">Hun bekrefter at kundene deres kan returnere alle typer MOM-produkter i alle Lindex-butikker hvis de \u00f8nsker det.<\/p>\n<p>&#8211; Vi f\u00f8lger kontinuerlig kundenes tilbakemeldinger og vurderer sortimentet v\u00e5rt for \u00e5 m\u00f8te deres behov og trender i motebildet.<\/p>\n<p>P\u00e5 Cubus&#8217; hjemmeside, st\u00e5r det oppf\u00f8rt p\u00e5 alle gravid-artiklene at de bare kan kj\u00f8pes p\u00e5 nett. If\u00f8lge nettsiden kan gravidkl\u00e6rne deres returneres eller byttes i butikk.\u00a0<\/p>\n<p>    <a itemprop=\"url\" href=\"https:\/\/www.dagbladet.no\/nyheter\/har-du-tissa-pa-deg\/83910030\" rel=\"nofollow noopener\" target=\"_blank\"><\/p>\n<p>        <img loading=\"lazy\" decoding=\"async\" src=\"https:\/\/www.europesays.com\/no\/wp-content\/uploads\/2026\/01\/83914886.webp.webp\" width=\"147\" height=\"98\" title=\"- Har du tissa p\u00e5 deg?\" alt=\"\" class=\"lazyload\" style=\"--aspect-ratio-image: 1.50; \"\/><\/p>\n<p>        &#8211; Har du tissa p\u00e5 deg?<\/p>\n<p>    <\/a><\/p>\n","protected":false},"excerpt":{"rendered":"Kort fortalt Flere store norske kleskjeder har sluttet \u00e5 selge gravidkl\u00e6r i fysiske butikker, noe som skaper stress&hellip;\n","protected":false},"author":2,"featured_media":127817,"comment_status":"","ping_status":"","sticky":false,"template":"","format":"standard","meta":{"footnotes":""},"categories":[5],"tags":[20,21,24,25,15,19,22,23,17,18,13,30,28,29,14,16,26,27,412],"class_list":{"0":"post-127816","1":"post","2":"type-post","3":"status-publish","4":"format-standard","5":"has-post-thumbnail","7":"category-overskrifter","8":"tag-breaking-news","9":"tag-breakingnews","10":"tag-featured-news","11":"tag-featurednews","12":"tag-headlines","13":"tag-hovedoppslag","14":"tag-latest-news","15":"tag-latestnews","16":"tag-main-news","17":"tag-mainnews","18":"tag-news","19":"tag-no","20":"tag-norge","21":"tag-norway","22":"tag-nyheter","23":"tag-overskrifter","24":"tag-top-stories","25":"tag-topstories","26":"tag-utenriks"},"share_on_mastodon":{"url":"https:\/\/pubeurope.com\/@no\/115831155155787233","error":""},"_links":{"self":[{"href":"https:\/\/www.europesays.com\/no\/wp-json\/wp\/v2\/posts\/127816","targetHints":{"allow":["GET"]}}],"collection":[{"href":"https:\/\/www.europesays.com\/no\/wp-json\/wp\/v2\/posts"}],"about":[{"href":"https:\/\/www.europesays.com\/no\/wp-json\/wp\/v2\/types\/post"}],"author":[{"embeddable":true,"href":"https:\/\/www.europesays.com\/no\/wp-json\/wp\/v2\/users\/2"}],"replies":[{"embeddable":true,"href":"https:\/\/www.europesays.com\/no\/wp-json\/wp\/v2\/comments?post=127816"}],"version-history":[{"count":0,"href":"https:\/\/www.europesays.com\/no\/wp-json\/wp\/v2\/posts\/127816\/revisions"}],"wp:featuredmedia":[{"embeddable":true,"href":"https:\/\/www.europesays.com\/no\/wp-json\/wp\/v2\/media\/127817"}],"wp:attachment":[{"href":"https:\/\/www.europesays.com\/no\/wp-json\/wp\/v2\/media?parent=127816"}],"wp:term":[{"taxonomy":"category","embeddable":true,"href":"https:\/\/www.europesays.com\/no\/wp-json\/wp\/v2\/categories?post=127816"},{"taxonomy":"post_tag","embeddable":true,"href":"https:\/\/www.europesays.com\/no\/wp-json\/wp\/v2\/tags?post=127816"}],"curies":[{"name":"wp","href":"https:\/\/api.w.org\/{rel}","templated":true}]}}