{"id":127818,"date":"2026-01-03T12:30:25","date_gmt":"2026-01-03T12:30:25","guid":{"rendered":"https:\/\/www.europesays.com\/no\/127818\/"},"modified":"2026-01-03T12:30:25","modified_gmt":"2026-01-03T12:30:25","slug":"drangedal-gautefall-kjorte-seg-fast-i-skibakken","status":"publish","type":"post","link":"https:\/\/www.europesays.com\/no\/127818\/","title":{"rendered":"Drangedal, Gautefall | Kj\u00f8rte seg fast i skibakken"},"content":{"rendered":"\n<p>Ved 03.32-tiden fikk politiet melding om at en bil hadde kj\u00f8rt seg fast i en skibakke ved Rytterspranget p\u00e5 Gautefall.<\/p>\n<p>\u2013 Politiet har v\u00e6rt p\u00e5 stedet og kommet i kontakt med eier av kj\u00f8ret\u00f8yet og vi har ogs\u00e5 v\u00e6rt i kontakt med personene som disponerer bilen, skriver operasjonsleder Lise Bj\u00f8rnsund i operasjonsloggen.<\/p>\n<p>Litt senere oppdaterer operasjonsleder Inge Landsr\u00f8d i S\u00f8r-\u00d8st politidistrikt hendelsen til NTB.<\/p>\n<p>  <a href=\"https:\/\/www.ta.no\/5-50-2253264\" class=\"related-teaser has-image default-story-teaser article--c-eRUmMG article--c-eRUmMG-jKCPdD-design-default\" rel=\"nofollow noopener\" target=\"_blank\"><\/p>\n<p>    <img decoding=\"async\" loading=\"lazy\"  src=\"https:\/\/www.europesays.com\/no\/wp-content\/uploads\/2026\/01\/ulovlig.jpg\" alt=\"\" class=\"brick-c-cFOWSL\" style=\"\"\/><\/p>\n<p>\n            Les ogs\u00e5<\/p>\n<p>              Her har beboere klaget p\u00e5 ulovlig kj\u00f8ring i flere \u00e5r \u2013 n\u00e5 skal det settes en stopper for problemet\n        <\/p>\n<p>  <\/a><\/p>\n<p>\u2013 Meldingen kom inn klokken 03.32. Det ble beskrevet overfor oss at bilen hadde hoppet ned hele bakken, forteller han.<\/p>\n<p>Da politipatruljen kom fram til stedet l\u00f8p to unge menn derfra, men etter hvert klarte man \u00e5 f\u00e5 kontakt med dem p\u00e5 telefon og de meldte seg frivillig p\u00e5 stedet.<\/p>\n<p>\u2013 De to guttene i slutten av ten\u00e5rene m\u00f8tte opp p\u00e5 hytta de hadde tilhold til. Det er opprettet sak p\u00e5 mistanke om kj\u00f8ring i rusp\u00e5virket tilstand, sier Landsr\u00f8d.<\/p>\n<p>Politiet har gjort unders\u00f8kelser p\u00e5 stedet, og oppretter sak.<\/p>\n","protected":false},"excerpt":{"rendered":"Ved 03.32-tiden fikk politiet melding om at en bil hadde kj\u00f8rt seg fast i en skibakke ved Rytterspranget&hellip;\n","protected":false},"author":2,"featured_media":1273,"comment_status":"","ping_status":"","sticky":false,"template":"","format":"standard","meta":{"footnotes":""},"categories":[10],"tags":[36,20,21,2232,24,25,14054,15,22,23,13,30,28,29,14,16,254,1510,26,27,224],"class_list":{"0":"post-127818","1":"post","2":"type-post","3":"status-publish","4":"format-standard","5":"has-post-thumbnail","7":"category-norge","8":"tag-art","9":"tag-breaking-news","10":"tag-breakingnews","11":"tag-drangedal","12":"tag-featured-news","13":"tag-featurednews","14":"tag-gautefall","15":"tag-headlines","16":"tag-latest-news","17":"tag-latestnews","18":"tag-news","19":"tag-no","20":"tag-norge","21":"tag-norway","22":"tag-nyheter","23":"tag-overskrifter","24":"tag-politi","25":"tag-story","26":"tag-top-stories","27":"tag-topstories","28":"tag-trafikk"},"share_on_mastodon":{"url":"https:\/\/pubeurope.com\/@no\/115831178755445746","error":""},"_links":{"self":[{"href":"https:\/\/www.europesays.com\/no\/wp-json\/wp\/v2\/posts\/127818","targetHints":{"allow":["GET"]}}],"collection":[{"href":"https:\/\/www.europesays.com\/no\/wp-json\/wp\/v2\/posts"}],"about":[{"href":"https:\/\/www.europesays.com\/no\/wp-json\/wp\/v2\/types\/post"}],"author":[{"embeddable":true,"href":"https:\/\/www.europesays.com\/no\/wp-json\/wp\/v2\/users\/2"}],"replies":[{"embeddable":true,"href":"https:\/\/www.europesays.com\/no\/wp-json\/wp\/v2\/comments?post=127818"}],"version-history":[{"count":0,"href":"https:\/\/www.europesays.com\/no\/wp-json\/wp\/v2\/posts\/127818\/revisions"}],"wp:featuredmedia":[{"embeddable":true,"href":"https:\/\/www.europesays.com\/no\/wp-json\/wp\/v2\/media\/1273"}],"wp:attachment":[{"href":"https:\/\/www.europesays.com\/no\/wp-json\/wp\/v2\/media?parent=127818"}],"wp:term":[{"taxonomy":"category","embeddable":true,"href":"https:\/\/www.europesays.com\/no\/wp-json\/wp\/v2\/categories?post=127818"},{"taxonomy":"post_tag","embeddable":true,"href":"https:\/\/www.europesays.com\/no\/wp-json\/wp\/v2\/tags?post=127818"}],"curies":[{"name":"wp","href":"https:\/\/api.w.org\/{rel}","templated":true}]}}