{"id":127835,"date":"2026-01-03T13:10:06","date_gmt":"2026-01-03T13:10:06","guid":{"rendered":"https:\/\/www.europesays.com\/no\/127835\/"},"modified":"2026-01-03T13:10:06","modified_gmt":"2026-01-03T13:10:06","slug":"himmelfenomen-astronomi-i-kveld-ma-du-titte-opp-det-blir-bade-supermane-supersol-og-en-sverm-av-meteorer-moss-avis","status":"publish","type":"post","link":"https:\/\/www.europesays.com\/no\/127835\/","title":{"rendered":"Himmelfenomen, Astronomi | I kveld m\u00e5 du titte opp: Det blir b\u00e5de superm\u00e5ne, supersol og en sverm av meteorer &#8211; Moss Avis"},"content":{"rendered":"<ol>\n<li><a href=\"https:\/\/news.google.com\/rss\/articles\/CBMivAFBVV95cUxQVmZ4WU9BUTRHY3RVd1NBR09zTkFzOXFMSDhNQXg5OGVja2JSX3hPNXZKYWhZbG01SkpRN0dkeUlYdS1rOWJDRC1UUWZLdjhVdHRhTHpORkJWSVhscXluNV9LVHFacy1JcGJqRWFGOWthRkwzeVpGc2txeDJDdE9xdTBnV1JEeU1Vc0lMRVk5UXJKMVlmOUFTckJIN1hGR21URmZMbUU3VzM0Sk43anNaamQ3VE1KSEZBQmF0OA?oc=5\" target=\"_blank\" rel=\"nofollow noopener\">Himmelfenomen, Astronomi | I kveld m\u00e5 du titte opp: Det blir b\u00e5de superm\u00e5ne, supersol og en sverm av meteorer<\/a>&nbsp;&nbsp;Moss Avis<\/li>\n<li><a href=\"https:\/\/news.google.com\/rss\/articles\/CBMinAFBVV95cUxOVXBJZU5jZVdGTjdjSUI1bTVnXzNtR0ticThSZkFFRVEtenRqclVMaW13Yzh0WF8zQ2FORWpMSjBqVFBEMlRNX0FWZURaNG1Zc2pIeFJiSzU3aHBWTWw1cUswNzJhc0g5TDJwWmJmZ1RLWWdSUzdleEpsU2tDeERoblNvX1NUNkxzYS1uWEJSNUZnMmtmLXExdlF3UFQ?oc=5\" target=\"_blank\" rel=\"nofollow noopener\">2026 blir et spektakul\u00e6rt himmel\u00e5r \u2013 starter allerede i dag<\/a>&nbsp;&nbsp;Bergens Tidende<\/li>\n<li><a href=\"https:\/\/news.google.com\/rss\/articles\/CBMiiAFBVV95cUxOUVpkWFpUT0ZSQTRmcTR5TjE1RzlNcnB0dVBudFVTVTl6UXJ5SjNKMll2aC1QWFVGdUNLS2psZVVSeUMzSWMzYUNKR3pZcW9ka0hSZDIyXzBRcGtWOWZMcC1yLUtCQTdHbnBrX25vR2tJUy0xTGtNUHpuVFhnTWhTaFhnRFpXMU5X?oc=5\" target=\"_blank\" rel=\"nofollow noopener\">Nyheter, Naturfenomen | I kveld b\u00f8r du kikke opp: \u2013 Et forsinket fyrverkeri<\/a>&nbsp;&nbsp;Romerikes Blad<\/li>\n<li><a href=\"https:\/\/news.google.com\/rss\/articles\/CBMidkFVX3lxTE1vYi1MNWp1RHNiT0VUUTJIeUVqWmI0OXpaVUowakRBYWRXYk1DNHN1dUNhRkt5WGxOWUVRRFMxQkttOHM5aFlkWllqZnc2WGxuS19LWDYyRElQdjltQXBKM0EydVVlNmlocTdvUHk3Yk5SOTZlLVE?oc=5\" target=\"_blank\" rel=\"nofollow noopener\">Dette skjer i dag<\/a>&nbsp;&nbsp;adressa.no<\/li>\n<li><a href=\"https:\/\/news.google.com\/rss\/articles\/CBMilgFBVV95cUxPT0NzUGFhSHdrS21IeFd4UXp6bEdzTEV0endSNmY4TE9UMVBGSHJFZlpNM0hJVlU3RUFyTW1ETDBuU0RwTks5cUhfaDdPN1FRZDB0NVE3dVE4bmNVZHpRQWN2VGVsWWFKdHBrZHNhdzIya3VZNHJhVUZ1TXA3ZXpqUEZMYjlNbGJFWWRnSUlvejVqVkl3SXc?oc=5\" target=\"_blank\" rel=\"nofollow noopener\">Se opp for spesielle fenomen: \u2013 Spekta\u00adkul\u00e6rt<\/a>&nbsp;&nbsp;smp.no<\/li>\n<\/ol>\n","protected":false},"excerpt":{"rendered":"Himmelfenomen, Astronomi | I kveld m\u00e5 du titte opp: Det blir b\u00e5de superm\u00e5ne, supersol og en sverm av&hellip;\n","protected":false},"author":2,"featured_media":127836,"comment_status":"","ping_status":"","sticky":false,"template":"","format":"standard","meta":{"footnotes":""},"categories":[57],"tags":[30,28,29,65,63,64,66,70,69,67,68],"class_list":{"0":"post-127835","1":"post","2":"type-post","3":"status-publish","4":"format-standard","5":"has-post-thumbnail","7":"category-vitenskap-og-teknologi","8":"tag-no","9":"tag-norge","10":"tag-norway","11":"tag-science","12":"tag-science-and-technology","13":"tag-scienceandtechnology","14":"tag-technology","15":"tag-teknologi","16":"tag-vitenskap","17":"tag-vitenskap-og-teknologi","18":"tag-vitenskapteknologi"},"share_on_mastodon":{"url":"https:\/\/pubeurope.com\/@no\/115831335998462953","error":""},"_links":{"self":[{"href":"https:\/\/www.europesays.com\/no\/wp-json\/wp\/v2\/posts\/127835","targetHints":{"allow":["GET"]}}],"collection":[{"href":"https:\/\/www.europesays.com\/no\/wp-json\/wp\/v2\/posts"}],"about":[{"href":"https:\/\/www.europesays.com\/no\/wp-json\/wp\/v2\/types\/post"}],"author":[{"embeddable":true,"href":"https:\/\/www.europesays.com\/no\/wp-json\/wp\/v2\/users\/2"}],"replies":[{"embeddable":true,"href":"https:\/\/www.europesays.com\/no\/wp-json\/wp\/v2\/comments?post=127835"}],"version-history":[{"count":0,"href":"https:\/\/www.europesays.com\/no\/wp-json\/wp\/v2\/posts\/127835\/revisions"}],"wp:featuredmedia":[{"embeddable":true,"href":"https:\/\/www.europesays.com\/no\/wp-json\/wp\/v2\/media\/127836"}],"wp:attachment":[{"href":"https:\/\/www.europesays.com\/no\/wp-json\/wp\/v2\/media?parent=127835"}],"wp:term":[{"taxonomy":"category","embeddable":true,"href":"https:\/\/www.europesays.com\/no\/wp-json\/wp\/v2\/categories?post=127835"},{"taxonomy":"post_tag","embeddable":true,"href":"https:\/\/www.europesays.com\/no\/wp-json\/wp\/v2\/tags?post=127835"}],"curies":[{"name":"wp","href":"https:\/\/api.w.org\/{rel}","templated":true}]}}