{"id":127854,"date":"2026-01-03T13:39:15","date_gmt":"2026-01-03T13:39:15","guid":{"rendered":"https:\/\/www.europesays.com\/no\/127854\/"},"modified":"2026-01-03T13:39:15","modified_gmt":"2026-01-03T13:39:15","slug":"bolig-og-eiendom-strompris-absolutt-ingen-i-alstahaug-og-vefsn-har-valgt-denne-stromavtalen-og-det-kan-de-vaere-glade-for","status":"publish","type":"post","link":"https:\/\/www.europesays.com\/no\/127854\/","title":{"rendered":"Bolig og eiendom, Str\u00f8mpris | Absolutt ingen i Alstahaug og Vefsn har valgt denne str\u00f8mavtalen, og det kan de v\u00e6re glade for"},"content":{"rendered":"\n<p>Mens husholdninger i S\u00f8r-Norge sparte store bel\u00f8p p\u00e5 Norgespris i h\u00f8st, viser tallene at str\u00f8mkunder i Nord-Norge ville tapt penger p\u00e5 samme avtale. Men ingen husholdninger i Alstahaug og Vefsn, og noen av de andre kommunene p\u00e5 Helgeland, har valgt Norgespris hittil.<\/p>\n<p>\u2013 I Nord-Norge har spotprisene v\u00e6rt s\u00e5 lave i h\u00f8st at en fastpris p\u00e5 40 \u00f8re rett og slett ikke har l\u00f8nt seg. Norgespris er en forsikring mot h\u00f8ye priser, og i nord har prisene v\u00e6rt lave, sier Alf-Henning Drage i <a href=\"http:\/\/strompriser.no\/\" rel=\"nofollow noopener\" target=\"_blank\">strompriser.no<\/a> i en pressemelding. <\/p>\n<p>For en gjennomsnittlig husholdning p\u00e5 Helgeland ville Norgespris gitt en betydelig merkostnad i fjerde kvartal:<\/p>\n<ul>\n<li>Oktober: ca. 660 kroner dyrere<\/li>\n<li>November: ca. 260 kroner dyrere<\/li>\n<li>Desember: ca. 300 kroner dyrere<\/li>\n<\/ul>\n<p>Totalt ville dette gitt en ekstrautgift p\u00e5 rundt 1.200 kroner for \u00e5rets tre siste m\u00e5neder sammenlignet med spotpris.<\/p>\n<p>Forskjellene i str\u00f8mmarkedet er enorme. Mens en husholdning i Nord-Norge ville tapt penger, sparte en tilsvarende husholdning i S\u00f8r-Norge (NO1\/NO2) spart rundt 1.400 kroner p\u00e5 den samme avtalen i samme periode. I Midt-Norge hadde besparelsen v\u00e6rt cirka 250 koner.<\/p>\n<p>\u2013 Tallene illustrerer hvor delt det norske str\u00f8mmarkedet er. I s\u00f8r s\u00f8ker folk trygghet fra prissjokk, mens i nord nyter man godt av et kraftoverskudd som holder prisene nede, forklarer Drage.<\/p>\n","protected":false},"excerpt":{"rendered":"Mens husholdninger i S\u00f8r-Norge sparte store bel\u00f8p p\u00e5 Norgespris i h\u00f8st, viser tallene at str\u00f8mkunder i Nord-Norge ville&hellip;\n","protected":false},"author":2,"featured_media":127855,"comment_status":"","ping_status":"","sticky":false,"template":"","format":"standard","meta":{"footnotes":""},"categories":[10],"tags":[2486,36,198,20,21,24,25,15,22,23,1068,13,30,28,29,14,16,1953,1510,1490,26,27,1203],"class_list":{"0":"post-127854","1":"post","2":"type-post","3":"status-publish","4":"format-standard","5":"has-post-thumbnail","7":"category-norge","8":"tag-alstahaug","9":"tag-art","10":"tag-bolig-og-eiendom","11":"tag-breaking-news","12":"tag-breakingnews","13":"tag-featured-news","14":"tag-featurednews","15":"tag-headlines","16":"tag-latest-news","17":"tag-latestnews","18":"tag-mosjoen","19":"tag-news","20":"tag-no","21":"tag-norge","22":"tag-norway","23":"tag-nyheter","24":"tag-overskrifter","25":"tag-sandnessjoen","26":"tag-story","27":"tag-strompris","28":"tag-top-stories","29":"tag-topstories","30":"tag-vefsn"},"share_on_mastodon":{"url":"https:\/\/pubeurope.com\/@no\/115831450054020151","error":""},"_links":{"self":[{"href":"https:\/\/www.europesays.com\/no\/wp-json\/wp\/v2\/posts\/127854","targetHints":{"allow":["GET"]}}],"collection":[{"href":"https:\/\/www.europesays.com\/no\/wp-json\/wp\/v2\/posts"}],"about":[{"href":"https:\/\/www.europesays.com\/no\/wp-json\/wp\/v2\/types\/post"}],"author":[{"embeddable":true,"href":"https:\/\/www.europesays.com\/no\/wp-json\/wp\/v2\/users\/2"}],"replies":[{"embeddable":true,"href":"https:\/\/www.europesays.com\/no\/wp-json\/wp\/v2\/comments?post=127854"}],"version-history":[{"count":0,"href":"https:\/\/www.europesays.com\/no\/wp-json\/wp\/v2\/posts\/127854\/revisions"}],"wp:featuredmedia":[{"embeddable":true,"href":"https:\/\/www.europesays.com\/no\/wp-json\/wp\/v2\/media\/127855"}],"wp:attachment":[{"href":"https:\/\/www.europesays.com\/no\/wp-json\/wp\/v2\/media?parent=127854"}],"wp:term":[{"taxonomy":"category","embeddable":true,"href":"https:\/\/www.europesays.com\/no\/wp-json\/wp\/v2\/categories?post=127854"},{"taxonomy":"post_tag","embeddable":true,"href":"https:\/\/www.europesays.com\/no\/wp-json\/wp\/v2\/tags?post=127854"}],"curies":[{"name":"wp","href":"https:\/\/api.w.org\/{rel}","templated":true}]}}