{"id":127860,"date":"2026-01-03T14:02:11","date_gmt":"2026-01-03T14:02:11","guid":{"rendered":"https:\/\/www.europesays.com\/no\/127860\/"},"modified":"2026-01-03T14:02:11","modified_gmt":"2026-01-03T14:02:11","slug":"det-er-kaos","status":"publish","type":"post","link":"https:\/\/www.europesays.com\/no\/127860\/","title":{"rendered":"&#8211; Det er kaos"},"content":{"rendered":"<p>Meldingen fra Donald Trump p\u00e5 Truth Social slo l\u00f8rdag ned som en bombe: USA har fanget Venezuelas president\u00a0Nicol\u00e1s Maduro og hans kone Cilia Flores &#8211; og fl\u00f8yet <a href=\"https:\/\/www.dagbladet.no\/nyheter\/usa-maduro-tatt-til-fange\/84050231\" rel=\"nofollow noopener\" target=\"_blank\">dem ut av landet<\/a>.<\/p>\n<p>De er tiltalt for en rekke punkter og skal stilles for retten i New York.<\/p>\n<p>Natt til l\u00f8rdag angrep USA flere milit\u00e6re m\u00e5l i Venezuela, inkludert i landets hovedstad, Caracas.<\/p>\n<p>    <a itemprop=\"url\" href=\"https:\/\/www.dagbladet.no\/nyheter\/usa-maduro-tatt-til-fange\/84050231\" rel=\"nofollow noopener\" target=\"_blank\"><\/p>\n<p>        <img loading=\"lazy\" decoding=\"async\" src=\"https:\/\/www.europesays.com\/no\/wp-content\/uploads\/2026\/01\/84050702.webp.webp\" width=\"147\" height=\"98\" title=\"USA: Maduro tatt til fange\" alt=\"\" class=\"lazyload\" style=\"--aspect-ratio-image: 1.50; \"\/><\/p>\n<p>        USA: Maduro tatt til fange<\/p>\n<p>    <\/a><\/p>\n<p>Forsvarssjefen i Venezuela har manet til mobilisering &#8211; og det internasjonale samfunnet f\u00f8lger situasjonen n\u00f8ye. N\u00e5 hersker det usikkerhet om hva som skjer framover.<\/p>\n<p>Latin-Amerika-kjenner og forfatter Vegard Bye kaller situasjonen i Venezuela sv\u00e6rt alvorlig.<\/p>\n<p>&#8211; Dette er veldig alvorlig. Jeg har spurt meg selv om hvilket internasjonalt rettsgrunnlag USA har for \u00e5 gj\u00f8re dette, sier Bye til Dagbladet.<\/p>\n<p>    Dette har skjedd i Venezuela:<\/p>\n<ul>\n<li>Natt til l\u00f8rdag 3. januar angrep amerikanske luftstyrker milit\u00e6re m\u00e5l i Caracas og andre regioner i det Latin-Amerikanske landet.<\/li>\n<li>Samtidig skal amerikanske spesialstyrker ha fanget landets president Nicol\u00e1s Maduro og hans kone Cilia Flores.<\/li>\n<li>USAs president Donald Trump har varslet en pressekonferanse klokka 17.00 norsk tid.<\/li>\n<li>Konflikten mellom Maduro-regimet og Donald Trump har v\u00e6rt p\u00e5g\u00e5ende i flere m\u00e5neder. Trumps administrasjon har angrepet b\u00e5ter utenfor Venezuela og hevdet de smugler narkotika. Trump har flere ganger bedt Maduro g\u00e5 av.<\/li>\n<li>If\u00f8lge justisminister Pam Bondi skal Maduro stilles for retten i New York.<\/li>\n<li>Maduro, som representerer et venstreorientert og autorit\u00e6rt regime, har hatt makten i Venezuela siden 2013.<\/li>\n<li>Flere land ford\u00f8mmer likevel USAs aksjon n\u00e5. Russland og Iran har g\u00e5tt s\u00e6rlig hardt ut mot USA.<\/li>\n<li>Forsvarsministeren i Venezuela har varslet at han vil mobilisere landets store h\u00e6r for \u00e5 kjempe mot amerikansk tilstedev\u00e6relse i landet.<\/li>\n<\/ul>\n<p>      Vis mer<br \/>\n      Vis mindre<\/p>\n<p>Han tror p\u00e5gripelsen vil v\u00e6re sv\u00e6rt kontroversiell, ogs\u00e5 i USA.<\/p>\n<p>&#8211; Det vil bli en skikkelig oppvask i Kongressen. De har krav p\u00e5 \u00e5 bli h\u00f8rt, og \u00e5 gi sitt samtykke til milit\u00e6re aksjoner, sier Bye.<\/p>\n<p>Han viser ogs\u00e5 til at Columbias president, Gustavo Petro, har varslet at FNs sikkerhetsr\u00e5d vil bli kalt inn.<\/p>\n<p>&#8211; Det vil bli et diplomatisk spill rundt dette, sier Bye.<\/p>\n<p>        ALVORLIG: Donald Trump bekrefter at USA har g\u00e5tt til angrep p\u00e5 Venezuela, og at landets president Nicol\u00e1s Maduro er tatt til fange. Programleder: Anabelle Bruun\/Dagbladet TV<\/p>\n<p>Kritisk til UD  <\/p>\n<p>Norges utenriksdepartement har fortalt Dagbladet at de\u00a0\u00abf\u00f8lger situasjonen n\u00f8ye\u00bb.<\/p>\n<p>Venezuela-kjenneren etterlyser mer fra norske myndigheter.<\/p>\n<p>&#8211; Hadde norske myndigheter sagt det samme etter en russisk milit\u00e6raksjon mot Ukraina, s\u00e5 ville jeg blitt sterkt overrasket, sier Bye.<\/p>\n<p>Han viser til at Norge, i likhet med land som Italia og Tyskland, har sagt de f\u00f8lger situasjonen i Venezuela.<\/p>\n<p>        <img loading=\"lazy\" decoding=\"async\" src=\"https:\/\/www.europesays.com\/no\/wp-content\/uploads\/2026\/01\/84050993.webp.webp\" width=\"686\" height=\"460\" title=\"SV\u00c6RT ALVORLIG: Latin-Amerika-kjenner og forfatter Vegard Bye kaller situasjonen i Venezuela sv\u00e6rt alvorlig. Foto: J\u00f8rn H. Moen \/ Dagbladet\" alt=\"\" class=\"\" style=\"--aspect-ratio-image: 1.49; \"\/><\/p>\n<p>\n        SV\u00c6RT ALVORLIG: Latin-Amerika-kjenner og forfatter Vegard Bye kaller situasjonen i Venezuela sv\u00e6rt alvorlig. Foto: J\u00f8rn H. Moen \/ Dagbladet\n    <\/p>\n<p>&#8211; Her velger man rett og slett \u00e5 ikke ha noen holdning. Milit\u00e6ropptrappingen har p\u00e5g\u00e5tt i flere m\u00e5neder, uten europeisk, eller norsk, innblanding, sier Bye og legger til:<\/p>\n<p>&#8211; Dersom man heller ikke n\u00e5, etter at statsoverhodet i et suverent land blir fanget av USA, ikke ser at dette er i strid med internasjonal rett: Da blir jeg bekymret.<\/p>\n<p>Dagbladet har kontaktet UD for ytterligere kommentarer til situasjonen.<\/p>\n<p>        EKSPLOSJONER: Det spres videoer og bilder i sosiale medier av det som hevdes \u00e5 vise eksplosjoner i Venezuelas hovedstad, Caracas. Video: X<\/p>\n<p>Flere hundre tusen<\/p>\n<p>USAs utenriksminister Marco Ruboi skal ha varslet at USA ikke kommer til \u00e5 utf\u00f8re noe mer p\u00e5 bakken i Venezuela i n\u00e5v\u00e6rende stund.<\/p>\n<p>Venezuelas forsvarsminister,\u00a0Vladimir Padrino L\u00f3pez, har imidlertid varslet full mobilisering etter angrepene.<\/p>\n<p>Bye p\u00e5peker at regimet kan ha store styrker \u00e5 mobilisere.<\/p>\n<p>&#8211; Det er flere mennesker i Venezuelas regime enn Maduro. Regimet har politiske ledere, men ikke minst store v\u00e6pnede styrker, sier han og utdyper:<\/p>\n<p>        <img loading=\"lazy\" decoding=\"async\" src=\"https:\/\/www.europesays.com\/no\/wp-content\/uploads\/2026\/01\/84051006.webp.webp\" width=\"667\" height=\"481\" title=\"TATT TIL FANGE: Venezuelas president Nicol\u00e1s Maduro og kona Cilia Flores ble tatt til fange av den amerikanske h\u00e6rens Delta-styrke, if\u00f8lge CBS. Foto: Federico Parra \/ AFP \/ NTB\" alt=\"\" class=\"\" style=\"--aspect-ratio-image: 1.39; \"\/><\/p>\n<p>\n        TATT TIL FANGE: Venezuelas president Nicol\u00e1s Maduro og kona Cilia Flores ble tatt til fange av den amerikanske h\u00e6rens Delta-styrke, if\u00f8lge CBS. Foto: Federico Parra \/ AFP \/ NTB\n    <\/p>\n<p>&#8211; Vi snakker flere hundre tusen mann, medregnet offisielle styrker, sivilforsvar og uformelle militser til sammen. I tillegg er det v\u00e6pnet columbiansk gerilja som til en viss grad st\u00f8tter regimet.<\/p>\n<p>&#8211; N\u00e5 sp\u00f8rs det hva USA foretar seg. Er de forn\u00f8yd med \u00e5 f\u00e5 tak i Maduro? \u00d8nsker de \u00e5 kontrollere territorium, er jeg redd det vil f\u00f8re til en ny, stor krig, sier Bye.<\/p>\n<p>    <a itemprop=\"url\" href=\"https:\/\/www.dagbladet.no\/nyheter\/frykter-kaos-veldig-sjokkerende\/84050404\" rel=\"nofollow noopener\" target=\"_blank\"><\/p>\n<p>        <img loading=\"lazy\" decoding=\"async\" src=\"https:\/\/www.europesays.com\/no\/wp-content\/uploads\/2026\/01\/84050453.webp.webp\" width=\"980\" height=\"441\" title=\"Frykter kaos: - Veldig sjokkerende\" alt=\"\" class=\"lazyload\" style=\"--aspect-ratio-image: 2.22; \"\/><\/p>\n<p>        Frykter kaos: &#8211; Veldig sjokkerende<\/p>\n<p>    <\/a><\/p>\n<p>Opposisjonen tyst<\/p>\n<p>Forel\u00f8pig har opposisjonen i Venezuela ikke kommentert fangetakningen. Det har ogs\u00e5 v\u00e6rt stille fra vinneren av Nobels fredspris i fjor,\u00a0Mar\u00eda Corina Machado.<\/p>\n<p>Bye er helt klar p\u00e5 at Machado har n\u00e6ret tette b\u00e5nd til USA.<\/p>\n<p>&#8211; Hennes kandidat vant valget i Venezuela i fjor, det er det liten tvil om.\u00a0<\/p>\n<p>Maduro erkl\u00e6rte valgseier &#8211; i et valg som har blitt ford\u00f8mt som illegitimt av store deler av det internasjonale samfunnet, inkludert Norge.<\/p>\n<p>&#8211; Siden da har Machado samordnet sin strategi med USA og Marco Rubio, fremfor alle.<\/p>\n<p>Bye sier han tror Machado har kjent til l\u00f8rdagens aksjon.<\/p>\n<p>&#8211; Machado sa, for f\u00e5 m\u00e5neder siden, at det ville komme en stor forandring i landet. Hun ba venezualenere v\u00e6re klare.<\/p>\n<p>&#8211; Helt sentral<\/p>\n<p>17. desember forlot Machado Norge, etter \u00e5 ha mottatt Nobels fredspris i Oslo. Siden er det uklart hvor hun har befunnet seg.<\/p>\n<p>&#8211; Hun har v\u00e6rt en helt sentral del av dette, sier Bye om nattens aksjon. Han legger til:<\/p>\n<p>&#8211; N\u00e5r hun ikke har latt h\u00f8re fra seg siden hun var i Oslo, s\u00e5 regner jeg med at hun har v\u00e6rt helt aktivt med i forberedelsen av denne aksjonen.<\/p>\n<p>Machado har flere ganger ytret st\u00f8tte til USAs president Donald Trump.<\/p>\n<p>        FREDSPRISEN: Mar\u00eda Corina Machado skal ha landet p\u00e5 Gardermoen rett f\u00f8r midnatt. Video: Maja Walberg Klev.<\/p>\n<p> I desember, samme dag som Nobelprisen ble utdelt, uttalte Bye seg sv\u00e6rt kritisk til at Machado fikk prisen overfor NTB.<\/p>\n<p>&#8211;\u00a0Jeg har v\u00e6rt kritisk til Nobelkomiteen. Jeg mener de ga prisen til en vinner som \u00e5penbart har planlagt mot sitt eget land, sier Bye til Dagbladet.\u00a0<\/p>\n<p>I desember svarte Nobelkomiteens medlem Kristian Berg Harpviken f\u00f8lgende til Byes kritikk:<\/p>\n<p>&#8211;\u00a0 Nobelkomiteen\u00a0er helt uavhengig og skal ikke ta hensyn til hva som er prioriteringene i norsk utenrikspolitikk. Det er ikke oppgaven, den er definert i Alfred Nobels testamente, sier Harpviken. <\/p>\n<p>Dagbladet har bedt Nobelkomiteen om en kommentar til kritikken fra Bye. Denne er forl\u00f8pig ikke besvar.<\/p>\n","protected":false},"excerpt":{"rendered":"Meldingen fra Donald Trump p\u00e5 Truth Social slo l\u00f8rdag ned som en bombe: USA har fanget Venezuelas president\u00a0Nicol\u00e1s&hellip;\n","protected":false},"author":2,"featured_media":127861,"comment_status":"","ping_status":"","sticky":false,"template":"","format":"standard","meta":{"footnotes":""},"categories":[59],"tags":[398,30,28,29,83,82,12662,3428],"class_list":{"0":"post-127860","1":"post","2":"type-post","3":"status-publish","4":"format-standard","5":"has-post-thumbnail","7":"category-sport","8":"tag-langrenn","9":"tag-no","10":"tag-norge","11":"tag-norway","12":"tag-sport","13":"tag-sports","14":"tag-tour-de-ski","15":"tag-vinter-ol"},"share_on_mastodon":{"url":"https:\/\/pubeurope.com\/@no\/115831540471147099","error":""},"_links":{"self":[{"href":"https:\/\/www.europesays.com\/no\/wp-json\/wp\/v2\/posts\/127860","targetHints":{"allow":["GET"]}}],"collection":[{"href":"https:\/\/www.europesays.com\/no\/wp-json\/wp\/v2\/posts"}],"about":[{"href":"https:\/\/www.europesays.com\/no\/wp-json\/wp\/v2\/types\/post"}],"author":[{"embeddable":true,"href":"https:\/\/www.europesays.com\/no\/wp-json\/wp\/v2\/users\/2"}],"replies":[{"embeddable":true,"href":"https:\/\/www.europesays.com\/no\/wp-json\/wp\/v2\/comments?post=127860"}],"version-history":[{"count":0,"href":"https:\/\/www.europesays.com\/no\/wp-json\/wp\/v2\/posts\/127860\/revisions"}],"wp:featuredmedia":[{"embeddable":true,"href":"https:\/\/www.europesays.com\/no\/wp-json\/wp\/v2\/media\/127861"}],"wp:attachment":[{"href":"https:\/\/www.europesays.com\/no\/wp-json\/wp\/v2\/media?parent=127860"}],"wp:term":[{"taxonomy":"category","embeddable":true,"href":"https:\/\/www.europesays.com\/no\/wp-json\/wp\/v2\/categories?post=127860"},{"taxonomy":"post_tag","embeddable":true,"href":"https:\/\/www.europesays.com\/no\/wp-json\/wp\/v2\/tags?post=127860"}],"curies":[{"name":"wp","href":"https:\/\/api.w.org\/{rel}","templated":true}]}}