{"id":127873,"date":"2026-01-03T14:39:39","date_gmt":"2026-01-03T14:39:39","guid":{"rendered":"https:\/\/www.europesays.com\/no\/127873\/"},"modified":"2026-01-03T14:39:39","modified_gmt":"2026-01-03T14:39:39","slug":"snaroya-casper-ruud-tv2-na-er-snaroya-paret-gift","status":"publish","type":"post","link":"https:\/\/www.europesays.com\/no\/127873\/","title":{"rendered":"Snar\u00f8ya, Casper Ruud | TV2: \u2013 N\u00e5 er Snar\u00f8ya-paret gift"},"content":{"rendered":"\n<p>Det skriver blant annet <a href=\"https:\/\/www.tv2.no\/underholdning\/casper-ruud-og-maria-galligani-har-giftet-seg\/18426777\/\" rel=\"Follow nofollow noopener\" target=\"_blank\">TV2<\/a> fredag. Det bekreftes av Casper Ruuds tante og manager Tina Falster. <\/p>\n<p>\u2013 Det stemmer at de formelt har giftet seg, men utad \u00f8nsker de ikke oppmerksomheten rundt dette ettersom selve bryllupsfeiringen finner sted p\u00e5 et senere tidspunkt. Utover dette har vi ingen kommentar, sier Falster til <a href=\"https:\/\/www.tv2.no\/underholdning\/casper-ruud-og-maria-galligani-har-giftet-seg\/18426777\/\" rel=\"Follow nofollow noopener\" target=\"_blank\">TV2<\/a>.<\/p>\n<p>If\u00f8lge TV2 var det Se og H\u00f8r som omtalte bryllupet f\u00f8rst. <\/p>\n<p>Casper Ruud fra Snar\u00f8ya i B\u00e6rum har i flere \u00e5r v\u00e6rt en av verdens beste tennisspillere. Han har ogs\u00e5 i flere \u00e5r v\u00e6rt kj\u00e6reste med Maria Galligani. Frieriet skjedde p\u00e5 Maldivene i 2024 har Casper Ruud tidligere sagt til NTB.<\/p>\n<p>\u2013 Det var en hyggelig setting p\u00e5 stranden. Vi var p\u00e5 ferie p\u00e5 Maldivene, faktisk, sa Ruud til NTB i 2024.<\/p>\n<p>\u2013 Det er et ganske romantisk sted. Det er mange par som velger \u00e5 dra dit. Det er ikke s\u00e5 mange uker og dager Maria og jeg f\u00e5r alene sammen i l\u00f8pet av et \u00e5r, s\u00e5 det var riktig tidspunkt, sa han da.<\/p>\n<p>Oslo r\u00e5dhus<\/p>\n<p><a href=\"https:\/\/www.seher.no\/kjendis\/har-giftet-seg\/83998129\" rel=\"nofollow noopener\" target=\"_blank\">Se og H\u00f8r<\/a> omtalte saken f\u00f8rst og skriver at bryllupet fant sted i midten av desember 2025 ved Oslo r\u00e5dhus. <\/p>\n<p>Paret offentliggjorde ogs\u00e5 nylig at de skal bli foreldre.<\/p>\n<p>Den nyheten delte de p\u00e5 Instagram i september 2025.<\/p>\n","protected":false},"excerpt":{"rendered":"Det skriver blant annet TV2 fredag. Det bekreftes av Casper Ruuds tante og manager Tina Falster. \u2013 Det&hellip;\n","protected":false},"author":2,"featured_media":127874,"comment_status":"","ping_status":"","sticky":false,"template":"","format":"standard","meta":{"footnotes":""},"categories":[59],"tags":[36,908,30,28,29,4499,83,82,1510,909],"class_list":{"0":"post-127873","1":"post","2":"type-post","3":"status-publish","4":"format-standard","5":"has-post-thumbnail","7":"category-sport","8":"tag-art","9":"tag-casper-ruud","10":"tag-no","11":"tag-norge","12":"tag-norway","13":"tag-snaroya","14":"tag-sport","15":"tag-sports","16":"tag-story","17":"tag-tennis"},"share_on_mastodon":{"url":"https:\/\/pubeurope.com\/@no\/115831686012053591","error":""},"_links":{"self":[{"href":"https:\/\/www.europesays.com\/no\/wp-json\/wp\/v2\/posts\/127873","targetHints":{"allow":["GET"]}}],"collection":[{"href":"https:\/\/www.europesays.com\/no\/wp-json\/wp\/v2\/posts"}],"about":[{"href":"https:\/\/www.europesays.com\/no\/wp-json\/wp\/v2\/types\/post"}],"author":[{"embeddable":true,"href":"https:\/\/www.europesays.com\/no\/wp-json\/wp\/v2\/users\/2"}],"replies":[{"embeddable":true,"href":"https:\/\/www.europesays.com\/no\/wp-json\/wp\/v2\/comments?post=127873"}],"version-history":[{"count":0,"href":"https:\/\/www.europesays.com\/no\/wp-json\/wp\/v2\/posts\/127873\/revisions"}],"wp:featuredmedia":[{"embeddable":true,"href":"https:\/\/www.europesays.com\/no\/wp-json\/wp\/v2\/media\/127874"}],"wp:attachment":[{"href":"https:\/\/www.europesays.com\/no\/wp-json\/wp\/v2\/media?parent=127873"}],"wp:term":[{"taxonomy":"category","embeddable":true,"href":"https:\/\/www.europesays.com\/no\/wp-json\/wp\/v2\/categories?post=127873"},{"taxonomy":"post_tag","embeddable":true,"href":"https:\/\/www.europesays.com\/no\/wp-json\/wp\/v2\/tags?post=127873"}],"curies":[{"name":"wp","href":"https:\/\/api.w.org\/{rel}","templated":true}]}}