{"id":127875,"date":"2026-01-03T14:40:11","date_gmt":"2026-01-03T14:40:11","guid":{"rendered":"https:\/\/www.europesays.com\/no\/127875\/"},"modified":"2026-01-03T14:40:11","modified_gmt":"2026-01-03T14:40:11","slug":"espen-lind-apner-hver-gang-vi-motes-litt-som-en-heidundrende-fest","status":"publish","type":"post","link":"https:\/\/www.europesays.com\/no\/127875\/","title":{"rendered":"Espen Lind \u00e5pner \u00abHver gang vi m\u00f8tes\u00bb: \u2013 Litt som en heidundrende fest"},"content":{"rendered":"<p>\u2013 Jeg kan sammenligne \u00abHver gang vi m\u00f8tes\u00bb med \u00e5 ha v\u00e6rt p\u00e5 en heidundrendes fest. Og s\u00e5 v\u00e5kner du opp dagen etterp\u00e5, sier Espen Lind til NTB.<\/p>\n<p>L\u00f8rdag kommer f\u00f8rste episode av den nye sesongen av \u00abHver gang vi m\u00f8tes\u00bb, som er nummer 16 i rekken. I \u00e5r er det artistene Espen Lind, Marit Larsen, Herborg Kr\u00e5kevik, Synne Vo, Marcus og Martinus, Musti og Andr\u00e9 Larsen som deltar.<\/p>\n<p>Sesongen \u00e5pnes av Espen Lind. Han beskriver det \u00e5 ha v\u00e6rt med i programmet som en \u00abheidundrende fest\u00bb.<\/p>\n<p>\u2013 Det er en slags fylleangst. Alt som skjedde i de to ukene, jeg grugleder meg til \u00e5 se det, sier Espen Lind om den nye sesongen.<\/p>\n<p>Gruet seg til innspillingen<\/p>\n<p>\u2013 Jeg gruet meg veldig til \u00e5 v\u00e6re den f\u00f8rste, sier Lind.<\/p>\n<p>Han beskriver det som krevende \u00e5 v\u00e6re i s\u00f8kelyset i en slik setting. Det \u00e5 skulle snakke i en forsamling eller \u00e5 holde taler har han ikke noe problem med. Men \u00e5 f\u00e5 all oppmerksomhet er verre.<\/p>\n<p>\u2013 Jeg kan godt v\u00e6re i en bursdag, men jeg syns det er litt kleint \u00e5 v\u00e6re i min egen bursdag, forklarer han.<\/p>\n<p>Likevel synes han det var veldig fint \u00e5 v\u00e6re sammen med resten av artistene i denne sesongen.<\/p>\n<p>\u2013 Helt fra vi m\u00f8ttes p\u00e5 den f\u00f8rste middagen f\u00f8r vi dro inn dit, var det tydelig at det er veldig god kjemi mellom oss \u2013 til tross for at vi er veldig forskjellige artister, sier han.<\/p>\n<p>\u2013 Hvis jeg skal v\u00e6re med, s\u00e5 er det n\u00e5<\/p>\n<p>Tidligere har 54-\u00e5ringen sagt nei til \u00e5 delta i \u00abHver gang vi m\u00f8tes\u00bb hvert \u00e5r.<\/p>\n<p>\u2013 Jeg har v\u00e6rt veldig opptatt. Jeg har bodd i utlandet i mange \u00e5r og har alltid f\u00f8lt at: Nei, n\u00e5 er jeg produsent og l\u00e5tskriver, n\u00e5 jobber jeg med disse tingene, forklarer han.<\/p>\n<p>N\u00e5, derimot, var det perfekte tidspunktet.<\/p>\n<p>I fjor spilte han sm\u00e5 intimkonserter og opplevde at det var et publikum for ham som soloartist.<\/p>\n<p>\u2013 Jeg ble oppmerksom p\u00e5 at det faktisk var et publikum som savnet de l\u00e5tene, og jeg tenkte at hvis jeg noen gang skal v\u00e6re med p\u00e5 \u00abHver gang vi m\u00f8tes\u00bb, s\u00e5 er det n\u00e5. Det f\u00f8ltes helt riktig.<\/p>\n<p>Egen turn\u00e9 p\u00e5 gang<\/p>\n<p>Lind har skrevet l\u00e5ter for mange store artister som Beyonc\u00e9, Taylor Swift og Jennifer Hudson og har ogs\u00e5 gitt ut egen musikk.<\/p>\n<p>Sway var artistnavnet da han debuterte i 1995. Han har vunnet flere Spellemannspriser, blant annet \u00c5rets spellemann i 2008. I tillegg har han v\u00e6rt mentor i programmet The Voice i flere \u00e5r.<\/p>\n<p>N\u00e5 skal han prioritere solokarrieren.<\/p>\n<p>\u2013 Jeg skal gj\u00f8re en ordentlig turn\u00e9 som blir en oppsummering av l\u00e5tene jeg har skrevet fra starten av og fram til i dag. Det jeg gleder jeg meg veldig til. Det er lenge siden jeg har v\u00e6rt ute og spilt og m\u00f8tt publikum, sier han.<\/p>\n<p>P\u00e5 repertoaret st\u00e5r b\u00e5de egne l\u00e5ter og l\u00e5ter han har skrevet for andre.<\/p>\n<p>\u2013 Skal ikke bruke seg selv opp<\/p>\n<p>Artisten sammenligner det \u00e5 delta i \u00abHver gang vi m\u00f8tes\u00bb med et live portrettintervju. Skummelt, er betegnelsen hans.<\/p>\n<p>\u2013 Jeg kommer jo fra ei tid hvor man pr\u00f8vde \u00e5 holde igjen, sier han.<\/p>\n<p>Det \u00e5 dele mye personlig om seg selv var ikke vanlig da karrieren hans begynte p\u00e5 90-tallet.<\/p>\n<p>\u2013 Man skulle verne s\u00e5 mye om privatlivet. Da var ideen at man ikke m\u00e5tte bruke seg selv opp. Det \u00e5 snakke \u00e5pent om ting og slippe folk litt tettere innp\u00e5, er noe jeg alltid har st\u00e5tt imot, sier han.<\/p>\n<p>Marit Larsen tolket \u00abWhen Susannah Cries\u00bb<\/p>\n<p>\u2013 Jeg syns det var veldig mye som var veldig bra, men Marits versjon av \u00abWhen Susanna Cries\u00bb, det var ganske flott, sier han.<\/p>\n<p>Han gleder seg til at sesongen kommer p\u00e5 TV.<\/p>\n<p>\u2013 Det var veldig flott, og jeg gleder meg til resten av Norge skal f\u00e5 h\u00f8re det, sier han.<\/p>\n<p>Blant annet tolker Synne Vo Espen Linds Beyonc\u00e9-l\u00e5t \u00abIrreplaceable\u00bb, mens Marcus og Martinus tolker \u00abNight Rider\u00bb.<\/p>\n","protected":false},"excerpt":{"rendered":"\u2013 Jeg kan sammenligne \u00abHver gang vi m\u00f8tes\u00bb med \u00e5 ha v\u00e6rt p\u00e5 en heidundrendes fest. Og s\u00e5&hellip;\n","protected":false},"author":2,"featured_media":127876,"comment_status":"","ping_status":"","sticky":false,"template":"","format":"standard","meta":{"footnotes":""},"categories":[58],"tags":[71,1875,30,28,29,72],"class_list":{"0":"post-127875","1":"post","2":"type-post","3":"status-publish","4":"format-standard","5":"has-post-thumbnail","7":"category-underholdning","8":"tag-entertainment","9":"tag-espen-lind","10":"tag-no","11":"tag-norge","12":"tag-norway","13":"tag-underholdning"},"share_on_mastodon":{"url":"https:\/\/pubeurope.com\/@no\/115831689884229068","error":""},"_links":{"self":[{"href":"https:\/\/www.europesays.com\/no\/wp-json\/wp\/v2\/posts\/127875","targetHints":{"allow":["GET"]}}],"collection":[{"href":"https:\/\/www.europesays.com\/no\/wp-json\/wp\/v2\/posts"}],"about":[{"href":"https:\/\/www.europesays.com\/no\/wp-json\/wp\/v2\/types\/post"}],"author":[{"embeddable":true,"href":"https:\/\/www.europesays.com\/no\/wp-json\/wp\/v2\/users\/2"}],"replies":[{"embeddable":true,"href":"https:\/\/www.europesays.com\/no\/wp-json\/wp\/v2\/comments?post=127875"}],"version-history":[{"count":0,"href":"https:\/\/www.europesays.com\/no\/wp-json\/wp\/v2\/posts\/127875\/revisions"}],"wp:featuredmedia":[{"embeddable":true,"href":"https:\/\/www.europesays.com\/no\/wp-json\/wp\/v2\/media\/127876"}],"wp:attachment":[{"href":"https:\/\/www.europesays.com\/no\/wp-json\/wp\/v2\/media?parent=127875"}],"wp:term":[{"taxonomy":"category","embeddable":true,"href":"https:\/\/www.europesays.com\/no\/wp-json\/wp\/v2\/categories?post=127875"},{"taxonomy":"post_tag","embeddable":true,"href":"https:\/\/www.europesays.com\/no\/wp-json\/wp\/v2\/tags?post=127875"}],"curies":[{"name":"wp","href":"https:\/\/api.w.org\/{rel}","templated":true}]}}