{"id":127877,"date":"2026-01-03T14:44:07","date_gmt":"2026-01-03T14:44:07","guid":{"rendered":"https:\/\/www.europesays.com\/no\/127877\/"},"modified":"2026-01-03T14:44:07","modified_gmt":"2026-01-03T14:44:07","slug":"trafikk-stormyra-ny-utforkjoring-ved-rundkjoringa-pa-stormyra","status":"publish","type":"post","link":"https:\/\/www.europesays.com\/no\/127877\/","title":{"rendered":"Trafikk, Stormyra | Ny utforkj\u00f8ring ved rundkj\u00f8ringa p\u00e5 Stormyra"},"content":{"rendered":"\n<p>Fremover har blitt tipset av en leser som er ute i trafikken denne l\u00f8rdagen.<\/p>\n<p>Det har v\u00e6rt en ny ulykke ved rundkj\u00f8ringa p\u00e5 Stormyra. Skadeomfanget er usikkert.<\/p>\n<p>Denne gangen er det en st\u00f8rre pick-up som ser ut til \u00e5 ha f\u00e5tt problemer i rundkj\u00f8ringen. Bilen skal if\u00f8lge opplysninger Fremover har f\u00e5tt fra en tipser ha en lastet henger som ogs\u00e5 har fulgt med ut av veien.<\/p>\n<p>Et bilde Fremover har f\u00e5tt tilsendt tyder p\u00e5 at trafikken er blokkert i kj\u00f8refeltet ut av rundkj\u00f8ringen \u2013 s\u00f8rover \u2013 mot Narvik.<\/p>\n<p>Politiet sendte ut en melding etter \u00e5 ha v\u00e6rt innom stedet, l\u00f8rdag ettermiddag:<\/p>\n<p>\u2013 Det er en bil med henger som har f\u00e5tt sleng. Det var bilberger p\u00e5 stedet da politiet ankom. Politiet avslutter p\u00e5 stedet, skriver operasjonsleder Thomas Jarn\u00e6s Coe.<\/p>\n<p>Dette er dagens andre trafikkulykke i den ulykkesutsatte rundkj\u00f8ringen.<a href=\"https:\/\/www.fremover.no\/trafikkulykke-pa-e6-barn-til-legevakten\/s\/5-17-1452737\" rel=\"Follow nofollow noopener\" target=\"_blank\"> Natt til l\u00f8rdag kj\u00f8rte en bil rett gjennom rundkj\u00f8ringen og havnet i autovernet.<\/a><\/p>\n<p>  <a href=\"https:\/\/www.fremover.no\/5-17-1452737\" class=\"related-teaser has-image default-story-teaser article--c-eRUmMG article--c-eRUmMG-jKCPdD-design-default article--c-eRUmMG-kpKLOW-cv\" rel=\"nofollow noopener\" target=\"_blank\"><\/p>\n<p>\n            Les ogs\u00e5<\/p>\n<p>              Trafikkulykke p\u00e5 E6: \u2013 Barn til legevakten\n        <\/p>\n<p>  <\/a><\/p>\n","protected":false},"excerpt":{"rendered":"Fremover har blitt tipset av en leser som er ute i trafikken denne l\u00f8rdagen. Det har v\u00e6rt en&hellip;\n","protected":false},"author":2,"featured_media":127878,"comment_status":"","ping_status":"","sticky":false,"template":"","format":"standard","meta":{"footnotes":""},"categories":[10],"tags":[36,20,21,24,25,15,22,23,13,30,28,29,14,16,14954,1510,26,27,224,51],"class_list":{"0":"post-127877","1":"post","2":"type-post","3":"status-publish","4":"format-standard","5":"has-post-thumbnail","7":"category-norge","8":"tag-art","9":"tag-breaking-news","10":"tag-breakingnews","11":"tag-featured-news","12":"tag-featurednews","13":"tag-headlines","14":"tag-latest-news","15":"tag-latestnews","16":"tag-news","17":"tag-no","18":"tag-norge","19":"tag-norway","20":"tag-nyheter","21":"tag-overskrifter","22":"tag-stormyra","23":"tag-story","24":"tag-top-stories","25":"tag-topstories","26":"tag-trafikk","27":"tag-ulykke"},"share_on_mastodon":{"url":"https:\/\/pubeurope.com\/@no\/115831705617725869","error":""},"_links":{"self":[{"href":"https:\/\/www.europesays.com\/no\/wp-json\/wp\/v2\/posts\/127877","targetHints":{"allow":["GET"]}}],"collection":[{"href":"https:\/\/www.europesays.com\/no\/wp-json\/wp\/v2\/posts"}],"about":[{"href":"https:\/\/www.europesays.com\/no\/wp-json\/wp\/v2\/types\/post"}],"author":[{"embeddable":true,"href":"https:\/\/www.europesays.com\/no\/wp-json\/wp\/v2\/users\/2"}],"replies":[{"embeddable":true,"href":"https:\/\/www.europesays.com\/no\/wp-json\/wp\/v2\/comments?post=127877"}],"version-history":[{"count":0,"href":"https:\/\/www.europesays.com\/no\/wp-json\/wp\/v2\/posts\/127877\/revisions"}],"wp:featuredmedia":[{"embeddable":true,"href":"https:\/\/www.europesays.com\/no\/wp-json\/wp\/v2\/media\/127878"}],"wp:attachment":[{"href":"https:\/\/www.europesays.com\/no\/wp-json\/wp\/v2\/media?parent=127877"}],"wp:term":[{"taxonomy":"category","embeddable":true,"href":"https:\/\/www.europesays.com\/no\/wp-json\/wp\/v2\/categories?post=127877"},{"taxonomy":"post_tag","embeddable":true,"href":"https:\/\/www.europesays.com\/no\/wp-json\/wp\/v2\/tags?post=127877"}],"curies":[{"name":"wp","href":"https:\/\/api.w.org\/{rel}","templated":true}]}}