{"id":127879,"date":"2026-01-03T14:51:09","date_gmt":"2026-01-03T14:51:09","guid":{"rendered":"https:\/\/www.europesays.com\/no\/127879\/"},"modified":"2026-01-03T14:51:09","modified_gmt":"2026-01-03T14:51:09","slug":"tv-anmeldelse-tv-anmeldelse-tabu-usedvanlige-folks-tur","status":"publish","type":"post","link":"https:\/\/www.europesays.com\/no\/127879\/","title":{"rendered":"TV-anmeldelse: TV-anmeldelse \u00abTabu\u00bb: Usedvanlige folks tur"},"content":{"rendered":"\n<p class=\"_prefix_nfjwc_1\">TV-anmeldelse\u00abTabu\u00bb<\/p>\n<p>Terningkast 5<\/p>\n<p class=\"_lead_o9xde_2 _lead_xtcu6_50 layout-component text-serif-m layout-normal text-serif-l _lead_1k67c_21 layout-component layout-normal layout-padded layout-padded\">Hvem skulle trodd at barbeint Lars Berrum i rottingsofa kunne bli bindeleddet mellom usedvanlige folk og v\u00e5re egne fordommer?<\/p>\n<p><img alt=\"TABU-LARS: Lars Berrum har en unik evne til \u00e5 m\u00f8te mennesker. Foto: VIDAR JOSDAL\/NRK \" class=\"_image_qp4xg_65 layout-component layout-wide\" data-fullscreen- data-track-element-type=\"Article image fullscreen\" data-track-name=\"ImageFullscreen\" fetchpriority=\"high\" decoding=\"sync\" loading=\"eager\" height=\"3648\" itemprop=\"image\"  src=\"https:\/\/www.europesays.com\/no\/wp-content\/uploads\/2026\/01\/4ece0326-d432-424a-84fd-eae1e59d3d31.png\"  style=\"object-position:0% 0%\" width=\"5472\"\/>TABU-LARS: Lars Berrum har en unik evne til \u00e5 m\u00f8te mennesker. Foto: VIDAR JOSDAL\/NRK L\u00f8rdag 3. januar kl. 15:20     <\/p>\n<p class=\"_paragraph_o9xde_4 _paragraph_xtcu6_10 layout-component text-serif-m layout-normal text-serif-m layout-padded\">Lars Berrum er noe helt for seg selv. <\/p>\n<p class=\"_paragraph_o9xde_4 _paragraph_xtcu6_10 layout-component text-serif-m layout-normal text-serif-m layout-padded\">De som har h\u00f8rt <a href=\"https:\/\/www.vg.no\/rampelys\/i\/737vE9\/berrum-og-beyer-forlater-nrk\" data-track-element-type=\"Link\" data-track-id=\"link:737vE9\" class=\"_link_o9xde_39\" rel=\"nofollow noopener\" target=\"_blank\">podkasten komikeren har sammen med Martin Beyer Olsen har forlengst skj\u00f8nt akkurat d\u00e9t<\/a>. Han byr gjerne p\u00e5 alle sider av eget liv. Etter at duoen utvidet med konseptet \u00abgjest og greier\u00bb har han ogs\u00e5 vist seg som en raus og lyttende samtalepartner.<\/p>\n<p class=\"font-weight-semi-bold color-accent label-medium _label_16v91_20\">Anmeldelse<\/p>\n<p> \u00abTabu\u00bb<\/p>\n<ul class=\"_list_o9xde_3 _list_xtcu6_9 _list_16v91_9 _unordered_o9xde_106 layout-component text-serif-m layout-normal text-sans-m layout-padded\">\n<li class=\"_item_o9xde_30\">Norsk dokumentar\/humorserie i seks deler<\/li>\n<li class=\"_item_o9xde_30\">Programleder: Lars Berrum<\/li>\n<li class=\"_item_o9xde_30\">Regi og klipp: Vidar Josdal<\/li>\n<li class=\"_item_o9xde_30\">Premiere l\u00f8rdag 3. januar p\u00e5 NRK1 og i NRK TV<\/li>\n<li class=\"_item_o9xde_30\">Sendes p\u00e5 NRK og NRK TV l\u00f8rdager<\/li>\n<\/ul>\n<p>Vis mer<\/p>\n<p class=\"_paragraph_o9xde_4 _paragraph_xtcu6_10 layout-component text-serif-m layout-normal text-serif-m layout-padded\">En som ikke er redd for \u00e5 si noe \u00abfeil\u00bb, for kjernen i <a href=\"https:\/\/www.vg.no\/rampelys\/i\/qWO8Gz\/lars-berrum-ikke-min-siste-smell\" data-track-element-type=\"Link\" data-track-id=\"link:qWO8Gz\" class=\"_link_o9xde_39\" rel=\"nofollow noopener\" target=\"_blank\">39-\u00e5ringens indre visdom er selverkjennelsen<\/a>. Han vet at han ikke vet noe. Denne Sokrates-aktige innsikten gj\u00f8r ham til en st\u00f8dig, selvironisk standuper, men enda viktigere: en oppmerksom intervjuer som f\u00e5r folk til \u00e5 fortelle.<\/p>\n<p class=\"_paragraph_o9xde_4 _paragraph_xtcu6_10 layout-component text-serif-m layout-normal text-serif-m layout-padded\">Dette opprinnelige belgiske TV-konseptet kobler Berrums mellommenneskelige superkrefter med mennesker som ogs\u00e5 er noe helt for seg selv, og som ofte m\u00f8tes av fordommer og ber\u00f8ringsangst. <\/p>\n<p><img alt=\"TOURETTES: Mira, Adrian, Martin og Silje Johansen Ubostad. Lars Berrum foran. De fire gjestene har Tourettes syndrom.  Foto: Vidar Josdal \/ NRK\" class=\"_image_qp4xg_65 layout-component layout-normal\" data-fullscreen- data-track-element-type=\"Article image fullscreen\" data-track-name=\"ImageFullscreen\" decoding=\"async\" loading=\"lazy\" height=\"3648\" itemprop=\"image\"  src=\"https:\/\/www.europesays.com\/no\/wp-content\/uploads\/2026\/01\/6c08063a-6b23-43d0-a955-5e78147dcaa1.jpeg\"  style=\"object-position:0% 0%\" width=\"4998\"\/>TOURETTES: Mira, Adrian, Martin og Silje Johansen Ubostad. Lars Berrum foran. De fire gjestene har Tourettes syndrom.  Foto: Vidar Josdal \/ NRK<\/p>\n<p class=\"_paragraph_o9xde_4 _paragraph_xtcu6_10 layout-component text-serif-m layout-normal text-serif-m layout-padded\">De samles p\u00e5 det eiendomsmeglere ville kalt \u00abfantastisk landssted med maritim beliggenhet\u00bb. Og s\u00e5 m\u00f8tes de igjen i en full sal litt senere, som hedersgjester, n\u00e5r Berrum lager humor basert p\u00e5 det de har opplevd og snakket om.<\/p>\n<p class=\"_paragraph_o9xde_4 _paragraph_xtcu6_10 layout-component text-serif-m layout-normal text-serif-m layout-padded\">Det kan framst\u00e5 som en fremtvungen tanke. Et prosjekt som kollapser under vekten av egen indre etiske konflikt. Kan man t\u00f8yse med dette, da? <\/p>\n<p class=\"_paragraph_o9xde_4 _paragraph_xtcu6_10 layout-component text-serif-m layout-normal text-serif-m layout-padded\">Ja. Og nettopp derfor. <\/p>\n<p class=\"_paragraph_o9xde_4 _paragraph_xtcu6_10 layout-component text-serif-m layout-normal text-serif-m layout-padded\">Balansen mellom disse to  vanskelige disiplinene gj\u00f8r programmet aldri for alvorlig og heller aldri for tullete. I stedet skapes en helt egen ro,  som b\u00e5de er r\u00f8rende og underholdende.<\/p>\n<p class=\"_paragraph_o9xde_4 _paragraph_xtcu6_10 layout-component text-serif-m layout-normal text-serif-m layout-padded\">I programmene <a href=\"https:\/\/www.vg.no\/tag\/nrk?utm_source=vg-article&amp;utm_medium=auto-tagger&amp;utm_campaign=9pvARr\" class=\"_link_o9xde_39\" rel=\"nofollow noopener\" target=\"_blank\">NRK<\/a> har sendt til vurdering i forkant behandles henholdsvis Tourettes syndrom og d\u00f8delige sykdommer. Nyansene i deltakerne er finstemt, fra utagerende Tourettes til hun som klarer \u00e5 kontrollere ticsene til det umerkelige, og fra hun som lever med brystkreft med spredning, til han som har f\u00e5tt bekreftet Huntingtons sykdom.<\/p>\n<p><img alt=\"D\u00d8DELIGE SYKE: Synn\u00f8ve, Mats, Lars, Gaute og Rikke. De fire gjestene har en d\u00f8delig sykdom.  Foto: VIDAR JOSDAL\/NRK\" class=\"_image_qp4xg_65 layout-component layout-normal\" data-fullscreen- data-track-element-type=\"Article image fullscreen\" data-track-name=\"ImageFullscreen\" decoding=\"async\" loading=\"lazy\" height=\"3528\" itemprop=\"image\"  src=\"https:\/\/www.europesays.com\/no\/wp-content\/uploads\/2026\/01\/44106672-56e4-4b71-88a3-7044e8c729dc.jpeg\"  style=\"object-position:0% 0%\" width=\"5293\"\/>D\u00d8DELIGE SYKE: Synn\u00f8ve, Mats, Lars, Gaute og Rikke. De fire gjestene har en d\u00f8delig sykdom.  Foto: VIDAR JOSDAL\/NRK<\/p>\n<p class=\"_paragraph_o9xde_4 _paragraph_xtcu6_10 layout-component text-serif-m layout-normal text-serif-m layout-padded\"><a href=\"https:\/\/www.vg.no\/rampelys\/i\/wAM9WP\/komiker-lars-berrum-37-har-blitt-far\" data-track-element-type=\"Link\" data-track-id=\"link:wAM9WP\" class=\"_link_o9xde_39\" rel=\"nofollow noopener\" target=\"_blank\">Berrum h\u00e5ndterer samtlige respektfullt, \u00e5pent og varmt<\/a>. Han evner \u00e5 stille sp\u00f8rsm\u00e5l med emosjonelle kul\u00f8rer, uten \u00e5 bli verken for personlig, dypg\u00e5ende eller ufin. Det handler om \u00e5 se og m\u00f8te mennesker, og vise dem som de komplette personene de er, ikke redusere dem til en tilstand.<\/p>\n<p class=\"_paragraph_o9xde_4 _paragraph_xtcu6_10 layout-component text-serif-m layout-normal text-serif-m layout-padded\">Det m\u00e5 sies at Hege Bakken Riise som har gjort research og er deltageransvarlig virkelig fortjener en ekstra honn\u00f8r. Hovedpersonene her er noen av de varmeste, morsomste og \u00e6rligste menneskene man kan se p\u00e5 TV akkurat n\u00e5, og f\u00f8lger i s\u00e5 m\u00e5te linjene fra b\u00e5de \u00abTeam P\u00f8lsa\u00bb og \u00abA-laget\u00bb: all underholdning trenger ikke \u00e5 v\u00e6re avhengig av kjendiser.<\/p>\n<p class=\"_paragraph_o9xde_4 _paragraph_xtcu6_10 layout-component text-serif-m layout-normal text-serif-m layout-padded\">Det er riktignok \u00e9n kjendis med. Men Lars Berrum kan vi like gjerne gi eget talkshow med det samme. <\/p>\n<p class=\"_paragraph_o9xde_4 _paragraph_xtcu6_10 layout-component text-serif-m layout-normal text-serif-m layout-padded\">Anmelderen har f\u00e5tt se de to f\u00f8rste episodene<\/p>\n<p id=\"product-583234\" aria-expanded=\"false\" class=\"product-overview _productOverview_1m98o_134\">Kan man tulle med alt? Komiker Lars Berrum tester hvor grensa g\u00e5r etter \u00e5 ha blitt kjent med folk det ikke er lov \u00e5 le av.<\/p>\n<p><a class=\"_imgCont_1m98o_174\" href=\"https:\/\/saga.vg.no\/show\/tabu-1\" rel=\"nofollow noopener\" target=\"_blank\"><img decoding=\"async\" src=\"https:\/\/www.europesays.com\/no\/wp-content\/uploads\/2026\/01\/9503131503151173306.jpeg\" loading=\"lazy\" alt=\"Tabu\"\/><\/a>      <\/p>\n","protected":false},"excerpt":{"rendered":"TV-anmeldelse\u00abTabu\u00bb Terningkast 5 Hvem skulle trodd at barbeint Lars Berrum i rottingsofa kunne bli bindeleddet mellom usedvanlige folk&hellip;\n","protected":false},"author":2,"featured_media":127880,"comment_status":"","ping_status":"","sticky":false,"template":"","format":"standard","meta":{"footnotes":""},"categories":[10],"tags":[118,20,21,24,25,14955,15,5238,22,23,13,30,28,29,787,14,16,26,27,9628],"class_list":{"0":"post-127879","1":"post","2":"type-post","3":"status-publish","4":"format-standard","5":"has-post-thumbnail","7":"category-norge","8":"tag-anmeldelse","9":"tag-breaking-news","10":"tag-breakingnews","11":"tag-featured-news","12":"tag-featurednews","13":"tag-fjern-tv-guide-boks","14":"tag-headlines","15":"tag-lars-berrum","16":"tag-latest-news","17":"tag-latestnews","18":"tag-news","19":"tag-no","20":"tag-norge","21":"tag-norway","22":"tag-nrk","23":"tag-nyheter","24":"tag-overskrifter","25":"tag-top-stories","26":"tag-topstories","27":"tag-tv-anmeldelse"},"share_on_mastodon":{"url":"https:\/\/pubeurope.com\/@no\/115831733189466864","error":""},"_links":{"self":[{"href":"https:\/\/www.europesays.com\/no\/wp-json\/wp\/v2\/posts\/127879","targetHints":{"allow":["GET"]}}],"collection":[{"href":"https:\/\/www.europesays.com\/no\/wp-json\/wp\/v2\/posts"}],"about":[{"href":"https:\/\/www.europesays.com\/no\/wp-json\/wp\/v2\/types\/post"}],"author":[{"embeddable":true,"href":"https:\/\/www.europesays.com\/no\/wp-json\/wp\/v2\/users\/2"}],"replies":[{"embeddable":true,"href":"https:\/\/www.europesays.com\/no\/wp-json\/wp\/v2\/comments?post=127879"}],"version-history":[{"count":0,"href":"https:\/\/www.europesays.com\/no\/wp-json\/wp\/v2\/posts\/127879\/revisions"}],"wp:featuredmedia":[{"embeddable":true,"href":"https:\/\/www.europesays.com\/no\/wp-json\/wp\/v2\/media\/127880"}],"wp:attachment":[{"href":"https:\/\/www.europesays.com\/no\/wp-json\/wp\/v2\/media?parent=127879"}],"wp:term":[{"taxonomy":"category","embeddable":true,"href":"https:\/\/www.europesays.com\/no\/wp-json\/wp\/v2\/categories?post=127879"},{"taxonomy":"post_tag","embeddable":true,"href":"https:\/\/www.europesays.com\/no\/wp-json\/wp\/v2\/tags?post=127879"}],"curies":[{"name":"wp","href":"https:\/\/api.w.org\/{rel}","templated":true}]}}