{"id":127882,"date":"2026-01-03T14:57:10","date_gmt":"2026-01-03T14:57:10","guid":{"rendered":"https:\/\/www.europesays.com\/no\/127882\/"},"modified":"2026-01-03T14:57:10","modified_gmt":"2026-01-03T14:57:10","slug":"befinner-seg-pa-amerikansk-krigsskip","status":"publish","type":"post","link":"https:\/\/www.europesays.com\/no\/127882\/","title":{"rendered":"Befinner seg p\u00e5 amerikansk krigsskip"},"content":{"rendered":"\n<p class=\"_paragraph_o9xde_4 _paragraph_xtcu6_10 layout-component text-serif-m layout-normal text-serif-m layout-padded\">L\u00f8rdag stiller den amerikanske presidenten opp i et telefonintervju p\u00e5 frokost-TV p\u00e5 <a href=\"https:\/\/www.foxnews.com\/live-news\/us-strikes-venezuela-maduro-captured-january-3-2026\" class=\"_link_o9xde_39\" rel=\"nofollow noopener\" target=\"_blank\">Fox News<\/a> \u2013 timer etter angrepet der Venezuelas president <a href=\"https:\/\/www.vg.no\/tag\/nicolas-maduro?utm_source=vg-article&amp;utm_medium=auto-tagger&amp;utm_campaign=0pnAMo\" class=\"_link_o9xde_39\" rel=\"nofollow noopener\" target=\"_blank\">Nicol\u00e1s Maduro<\/a> og kona ble tatt til fange og fl\u00f8yet ut av landet. <\/p>\n<p class=\"_paragraph_o9xde_4 _paragraph_xtcu6_10 layout-component text-serif-m layout-normal text-serif-m layout-padded\">\u2013 De amerikanske styrkene som p\u00e5 l\u00f8rdag tok den venezuelanske presidenten Nicol\u00e1s Maduro til fange, fikk noen f\u00e5 skadede, men ingen d\u00f8de, sa president Donald Trump til programmet Fox &amp; Friends. <\/p>\n<p class=\"_paragraph_o9xde_4 _paragraph_xtcu6_10 layout-component text-serif-m layout-normal text-serif-m layout-padded\">Han sier videre at \u00abde ventet fire dager p\u00e5 operasjonen, p\u00e5 bedre v\u00e6r\u00bb, melder nyhetsbyr\u00e5et Reuters.<\/p>\n<p class=\"_paragraph_o9xde_4 _paragraph_xtcu6_10 layout-component text-serif-m layout-normal text-serif-m layout-padded\">Han sier at Maduro og kona n\u00e5 befinner seg p\u00e5 det amerikanske krigsskipet Iwo Jima, og at han og kona vil fraktes til New York.<\/p>\n<p><img alt=\"Iwo Jima til kai i Puerto Rico i desember i fjor.  Foto: Eva Marie Uzcategui \/ Reuters \/ NTB\" class=\"_image_qp4xg_65 layout-component layout-normal\" data-fullscreen- data-track-element-type=\"Article image fullscreen\" data-track-name=\"ImageFullscreen\" decoding=\"async\" loading=\"lazy\" height=\"3633\" itemprop=\"image\"  src=\"https:\/\/www.europesays.com\/no\/wp-content\/uploads\/2026\/01\/54f07507-b77d-4488-9ac0-4699369ed7f2.jpeg\"  style=\"object-position:0% 0%\" width=\"5447\"\/>Iwo Jima til kai i Puerto Rico i desember i fjor.  Foto: Eva Marie Uzcategui \/ Reuters \/ NTBFulgte aksjonen live<\/p>\n<p class=\"_paragraph_o9xde_4 _paragraph_xtcu6_10 layout-component text-serif-m layout-normal text-serif-m layout-padded\">Trump \u2013 som befinner seg p\u00e5 feriestedet Mar-a-Lago i Florida, sier at han fulgte aksjonen live. <\/p>\n<p class=\"_paragraph_o9xde_4 _paragraph_xtcu6_10 layout-component text-serif-m layout-normal text-serif-m layout-padded\">\u2013 Vel, vi s\u00e5 det fra et rom. Vi hadde et rom, og vi s\u00e5 det, og vi s\u00e5 alle aspekter av det. Vi var omgitt av mange mennesker, inkludert generaler, og de visste alt som skjedde. Og det var veldig komplisert, ekstremt komplisert, sier Trump.<\/p>\n<p class=\"_paragraph_o9xde_4 _paragraph_xtcu6_10 layout-component text-serif-m layout-normal text-serif-m layout-padded\">\u2013 De br\u00f8t seg faktisk bare inn, og de br\u00f8t seg inn p\u00e5 steder som egentlig ikke var mulig \u00e5 bryte seg inn p\u00e5, br\u00f8t seg inn gjennom st\u00e5ld\u00f8rer som var satt opp nettopp av denne grunn, og de ble tatt ut i l\u00f8pet av sekunder. Jeg har aldri sett noe lignende,\u00bb fortsatte Trump.<\/p>\n<p class=\"_paragraph_o9xde_4 _paragraph_xtcu6_10 layout-component text-serif-m layout-normal text-serif-m layout-padded\"><a href=\"https:\/\/edition.cnn.com\/world\/live-news\/venezuela-explosions-caracas-intl-hnk-01-03-26\" class=\"_link_o9xde_39\" rel=\"nofollow noopener\" target=\"_blank\">CNN<\/a> viser til anonyme kilder som beskriver at Maduro og kona ble dratt ut fra soverommet deres. <\/p>\n<p><img alt=\"President Nicolas Maduro og f\u00f8rstedame Cilia Flore i januar 2024.  Foto: Jesus Vargas \/ AP \/ NTB\" class=\"_image_qp4xg_65 layout-component layout-normal\" data-fullscreen- data-track-element-type=\"Article image fullscreen\" data-track-name=\"ImageFullscreen\" decoding=\"async\" loading=\"lazy\" height=\"3417\" itemprop=\"image\"  src=\"https:\/\/www.europesays.com\/no\/wp-content\/uploads\/2026\/01\/3dcfad17-4ceb-4f57-99a6-b461079bd3c7.jpeg\"  style=\"object-position:58.46829268292682% 58.01872988001171%\" width=\"5125\"\/>President Nicolas Maduro og f\u00f8rstedame Cilia Flore i januar 2024.  Foto: Jesus Vargas \/ AP \/ NTB<\/p>\n<p class=\"_paragraph_o9xde_4 _paragraph_xtcu6_10 layout-component text-serif-m layout-normal text-serif-m layout-padded\"><a href=\"https:\/\/www.cbsnews.com\/live-updates\/venezuela-us-military-strikes-maduro-trump\/\" class=\"_link_o9xde_39\" rel=\"nofollow noopener\" target=\"_blank\">CBS<\/a>\u00a0og\u00a0<a href=\"https:\/\/edition.cnn.com\/world\/live-news\/venezuela-explosions-caracas-intl-hnk-01-03-26?post-id=cmjy8xtmc00003b6pyn33rk76\" class=\"_link_o9xde_39\" rel=\"nofollow noopener\" target=\"_blank\">CNN<\/a>\u00a0melder at Maduro ble fanget av Delta-styrken, en eliteenhet i den amerikanske h\u00e6ren. <\/p>\n<p class=\"_paragraph_o9xde_4 _paragraph_xtcu6_10 layout-component text-serif-m layout-normal text-serif-m layout-padded\">Det var ogs\u00e5 Delta-styrken som\u00a0<a href=\"https:\/\/www.vg.no\/nyheter\/i\/nal1y5\/delta-force-den-hemmelige-spesialstyrken-som-tok-is-lederen\" data-track-element-type=\"Link\" data-track-id=\"link:nal1y5\" class=\"_link_o9xde_39\" rel=\"nofollow noopener\" target=\"_blank\">gjennomf\u00f8rte oppdraget som drepte IS-lederen Abu Bakr al-Baghdadi i 2019<\/a>. Det skal ha v\u00e6rt CIA som sporet posisjonen til Maduro.<\/p>\n<p class=\"_paragraph_o9xde_4 _paragraph_xtcu6_10 layout-component text-serif-m layout-normal text-serif-m layout-padded\">B\u00e5de nyhetsbyr\u00e5et Reuters og <a href=\"https:\/\/www.nytimes.com\/2026\/01\/03\/world\/americas\/cia-venezuela-maduro.html?smid=url-share\" class=\"_link_o9xde_39\" rel=\"nofollow noopener\" target=\"_blank\">New York Times<\/a> anonyme kilder tett p\u00e5 operasjonen som hevder at CIA hadde kilde i den venezuelanske regjeringen som hjalp dem med \u00e5 spore og lokalisere Maduro.<\/p>\n<p class=\"_paragraph_o9xde_4 _paragraph_xtcu6_10 layout-component text-serif-m layout-normal text-serif-m layout-padded\">If\u00f8lge USAs justisminister Pam Bondi er det tatt ut tiltale mot Maduro og kona Cilia Flores i New York.<\/p>\n<p>   \u2013 Jeg ville ikke forhandle<\/p>\n<p class=\"_paragraph_o9xde_4 _paragraph_xtcu6_10 layout-component text-serif-m layout-normal text-serif-m layout-padded\">I intervjuet f\u00e5r han sp\u00f8rsm\u00e5l om hva som skjer n\u00e5 som Maduro er p\u00e5grepet. <\/p>\n<p class=\"_paragraph_o9xde_4 _paragraph_xtcu6_10 layout-component text-serif-m layout-normal text-serif-m layout-padded\">\u2013 Vel, vi tar den beslutningen n\u00e5. Vi kan ikke ta sjansen p\u00e5 \u00e5 la noen andre styre landet og bare ta over det han etterlot seg. S\u00e5 vi tar den beslutningen n\u00e5. Vi vil v\u00e6re sv\u00e6rt involvert. Og vi \u00f8nsker \u00e5 gi frihet til folket, sa han til Fox &amp; Friends.<\/p>\n<p class=\"_paragraph_o9xde_4 _paragraph_xtcu6_10 layout-component text-serif-m layout-normal text-serif-m layout-padded\">Han sier i intervjuet at han snakket med Maduro for en uke siden, og at den venezuelanske presidenten fors\u00f8kte \u00e5 forhandle. <\/p>\n<p class=\"_paragraph_o9xde_4 _paragraph_xtcu6_10 layout-component text-serif-m layout-normal text-serif-m layout-padded\">\u2013 Jeg ville ikke forhandle. Jeg sa: \u00abNei, vi er n\u00f8dt til \u00e5 gj\u00f8re det\u00bb.<\/p>\n<p class=\"_paragraph_o9xde_4 _paragraph_xtcu6_10 layout-component text-serif-m layout-normal text-serif-m layout-padded\">De som forblir lojale mot Maduro vil ha en \u00abd\u00e5rlig fremtid\u00bb, uttaler han, if\u00f8lge nyhetsbyr\u00e5et.<\/p>\n<p class=\"_paragraph_o9xde_4 _paragraph_xtcu6_10 layout-component text-serif-m layout-normal text-serif-m layout-padded\">Han ytrer seg ogs\u00e5 om fredsprisvinner og opposisjonsleder Mar\u00eda Corina Machados muligheter for \u00e5 lede landet videre:<\/p>\n<p class=\"_paragraph_o9xde_4 _paragraph_xtcu6_10 layout-component text-serif-m layout-normal text-serif-m layout-padded\">\u2013 Vil m\u00e5 se p\u00e5 om Machado vil lede, akkurat n\u00e5 har de en visepresident, sier Trump, if\u00f8lge Reuters.<\/p>\n<p class=\"_paragraph_o9xde_4 _paragraph_xtcu6_10 layout-component text-serif-m layout-normal text-serif-m layout-padded\">Trump sier ogs\u00e5 at USA vil v\u00e6re sterkt involvert i Venezuelas oljeindustri.<\/p>\n<p class=\"_paragraph_o9xde_4 _paragraph_xtcu6_10 layout-component text-serif-m layout-normal text-serif-m layout-padded\">Utenriksminister Espen Barth Eide uttaler at angrepet p\u00e5 Venezuela er et brudd p\u00e5 folkeretten.<\/p>\n<p class=\"_paragraph_o9xde_4 _paragraph_xtcu6_10 layout-component text-serif-m layout-normal text-serif-m layout-padded\">\u2013 Folkeretten er universell og forpliktende for alle stater. Den amerikanske intervensjonen i Venezuela er ikke i tr\u00e5d med folkeretten, skriver han i en pressemelding.<\/p>\n<p class=\"_paragraph_o9xde_4 _paragraph_xtcu6_10 layout-component text-serif-m layout-normal text-serif-m layout-padded\">\u2013 Utviklingen i Venezuela er en dramatisk eskalering av en allerede sv\u00e6rt anspent situasjon. Det er viktig n\u00e5 at fakta om det som har skjedd kommer frem, fortsetter utenriksministeren.<\/p>\n<p>    <img decoding=\"async\" alt=\"Tips oss illustrasjon\" src=\"https:\/\/www.europesays.com\/no\/wp-content\/uploads\/2025\/10\/pssst-small.webp.webp\"\/>    <\/p>\n<p class=\"title-serif-s\">Har du tips?<\/p>\n<p class=\"text-sans-m\">Send oss informasjon, bilder eller video.<\/p>\n<p>  <a href=\"https:\/\/www.vg.no\/tips-oss\" rel=\"nofollow noopener\" target=\"_blank\"> Tips oss <\/a>      <\/p>\n","protected":false},"excerpt":{"rendered":"L\u00f8rdag stiller den amerikanske presidenten opp i et telefonintervju p\u00e5 frokost-TV p\u00e5 Fox News \u2013 timer etter angrepet&hellip;\n","protected":false},"author":2,"featured_media":127883,"comment_status":"","ping_status":"","sticky":false,"template":"","format":"standard","meta":{"footnotes":""},"categories":[12],"tags":[31,20,21,55,24,25,15,22,23,8707,13,4037,30,28,29,14,16,26,27,50,95,42,43,44,45],"class_list":{"0":"post-127882","1":"post","2":"type-post","3":"status-publish","4":"format-standard","5":"has-post-thumbnail","7":"category-verden","8":"tag-breaking","9":"tag-breaking-news","10":"tag-breakingnews","11":"tag-donald-trump","12":"tag-featured-news","13":"tag-featurednews","14":"tag-headlines","15":"tag-latest-news","16":"tag-latestnews","17":"tag-maria-corina-machado","18":"tag-news","19":"tag-nicolas-maduro","20":"tag-no","21":"tag-norge","22":"tag-norway","23":"tag-nyheter","24":"tag-overskrifter","25":"tag-top-stories","26":"tag-topstories","27":"tag-usa","28":"tag-venezuela","29":"tag-verden","30":"tag-world","31":"tag-world-news","32":"tag-worldnews"},"share_on_mastodon":{"url":"https:\/\/pubeurope.com\/@no\/115831756787644374","error":""},"_links":{"self":[{"href":"https:\/\/www.europesays.com\/no\/wp-json\/wp\/v2\/posts\/127882","targetHints":{"allow":["GET"]}}],"collection":[{"href":"https:\/\/www.europesays.com\/no\/wp-json\/wp\/v2\/posts"}],"about":[{"href":"https:\/\/www.europesays.com\/no\/wp-json\/wp\/v2\/types\/post"}],"author":[{"embeddable":true,"href":"https:\/\/www.europesays.com\/no\/wp-json\/wp\/v2\/users\/2"}],"replies":[{"embeddable":true,"href":"https:\/\/www.europesays.com\/no\/wp-json\/wp\/v2\/comments?post=127882"}],"version-history":[{"count":0,"href":"https:\/\/www.europesays.com\/no\/wp-json\/wp\/v2\/posts\/127882\/revisions"}],"wp:featuredmedia":[{"embeddable":true,"href":"https:\/\/www.europesays.com\/no\/wp-json\/wp\/v2\/media\/127883"}],"wp:attachment":[{"href":"https:\/\/www.europesays.com\/no\/wp-json\/wp\/v2\/media?parent=127882"}],"wp:term":[{"taxonomy":"category","embeddable":true,"href":"https:\/\/www.europesays.com\/no\/wp-json\/wp\/v2\/categories?post=127882"},{"taxonomy":"post_tag","embeddable":true,"href":"https:\/\/www.europesays.com\/no\/wp-json\/wp\/v2\/tags?post=127882"}],"curies":[{"name":"wp","href":"https:\/\/api.w.org\/{rel}","templated":true}]}}