{"id":127889,"date":"2026-01-03T15:04:45","date_gmt":"2026-01-03T15:04:45","guid":{"rendered":"https:\/\/www.europesays.com\/no\/127889\/"},"modified":"2026-01-03T15:04:45","modified_gmt":"2026-01-03T15:04:45","slug":"amerikaneres-mentale-helse-pa-historisk-lavt-niva","status":"publish","type":"post","link":"https:\/\/www.europesays.com\/no\/127889\/","title":{"rendered":"Amerikaneres mentale helse p\u00e5 historisk lavt niv\u00e5"},"content":{"rendered":"<p><strong>Amerikanernes vurdering av egen mentale helse fortsetter \u00e5 forverres. For f\u00f8rste gang siden m\u00e5lingene til <a href=\"https:\/\/news.gallup.com\/poll\/700079\/mental-health-ratings-continue-worsen.aspx\" rel=\"nofollow noopener\" target=\"_blank\">Gallup <\/a>startet, oppgir f\u00e6rre enn 30 prosent av voksne i USA at de har \u00abutmerket\u00bb mental helse.<\/strong><\/p>\n<p>Andelen som vurderer sin mentale helse som enten utmerket eller god er nede i 72 prosent \u2013 et historisk lavt niv\u00e5. Nedgangen g\u00e5r igjen i alle demografiske grupper, men er klart sterkest blant yngre voksne.<\/p>\n<p><strong>Pandemien som vendepunkt<\/strong><\/p>\n<p>If\u00f8lge <a href=\"https:\/\/news.gallup.com\/poll\/700079\/mental-health-ratings-continue-worsen.aspx\" rel=\"nofollow noopener\" target=\"_blank\">unders\u00f8kelsen <\/a>beskriver n\u00e5 kun 29 prosent av amerikanske voksne sin mentale helse som utmerket. Til sammenligning var andelen 43 prosent i \u00e5rene f\u00f8r covid-19-pandemien.<\/p>\n<p>Kun 43 prosent selvrapporterer \u00abgod\u00bb mental helse. <\/p>\n<p><a href=\"https:\/\/news.gallup.com\/poll\/700079\/mental-health-ratings-continue-worsen.aspx\" rel=\"nofollow noopener\" target=\"_blank\">Gallup <\/a>peker p\u00e5 covid-19-pandemien som et tydelig vendepunkt. I perioden 2001\u20132019 rapporterte minst 42 prosent av amerikanerne utmerket mental helse hvert eneste \u00e5r. I november 2020 falt andelen br\u00e5tt til 34 prosent, og har siden fortsatt \u00e5 synke.<\/p>\n<p>Forverringen gjelder p\u00e5 tvers av kj\u00f8nn, utdanningsniv\u00e5 og etniske grupper, men er s\u00e6rlig markant blant yngre voksne. Andelen som rapporterer utmerket mental helse har falt med rundt 15 prosentpoeng blant b\u00e5de generasjon Z og millennial-generasjonen de siste seks \u00e5rene. <\/p>\n<p>Til sammenligning har nedgangen v\u00e6rt 11 prosentpoeng blant generasjon X og mindre blant eldre aldersgrupper.<\/p>\n<p>Ogs\u00e5 blant h\u00f8yt utdannede er utviklingen tydelig. College-utdannede har hatt et fall p\u00e5 17 prosentpoeng sammenlignet med perioden f\u00f8r pandemien, mot 10 prosentpoeng blant dem uten h\u00f8yere utdanning. Dermed er forskjellen i mental helse mellom disse gruppene i stor grad visket ut.<\/p>\n<p><strong>Flere s\u00f8ker hjelp<\/strong><\/p>\n<p>Samtidig som egenvurdert mental helse faller, har bruken av helsetjenester \u00f8kt. 24 prosent av amerikanske voksne oppgir at de har v\u00e6rt hos en psykolog, psykiater eller annen mental helse-ekspert det siste \u00e5ret, skriver <a href=\"https:\/\/news.gallup.com\/poll\/700079\/mental-health-ratings-continue-worsen.aspx\" rel=\"nofollow noopener\" target=\"_blank\">Gallup<\/a>.<\/p>\n<p>I gjennomsnitt har befolkningen n\u00e5 3,2 slike konsultasjoner \u00e5rlig, mot bare 1,1 i 2001 \u2013 n\u00e6r en tredobling.<\/p>\n<p>Yngre voksne st\u00e5r for mesteparten av \u00f8kningen. Over en tredjedel av generasjon Z har hatt minst \u00e9n konsultasjon det siste \u00e5ret, og b\u00e5de generasjon Z og millennials ligger i snitt p\u00e5 mer enn fire bes\u00f8k \u00e5rlig.<\/p>\n<p><strong>Les ogs\u00e5: <a href=\"https:\/\/inyheter.no\/2023\/01\/20\/arbeidsledighet-er-helseskadelig-spesielt-for-menn\/\" rel=\"nofollow noopener\" target=\"_blank\">Arbeidsledighet er helseskadelig \u2013 spesielt for menn<\/a><\/strong><\/p>\n<p><strong>Mental helse skiller seg fra fysisk helse<\/strong><\/p>\n<p>Utviklingen st\u00e5r i kontrast til vurderingen av fysisk helse, som har v\u00e6rt relativt stabil. <\/p>\n<p>I den nyeste m\u00e5lingen beskriver 25 prosent sin fysiske helse som utmerket, omtrent p\u00e5 niv\u00e5 med de siste \u00e5rene, if\u00f8lge <a href=\"https:\/\/news.gallup.com\/poll\/700079\/mental-health-ratings-continue-worsen.aspx\" rel=\"nofollow noopener\" target=\"_blank\">unders\u00f8kelsen<\/a>.<\/p>\n<p><a href=\"https:\/\/news.gallup.com\/poll\/700079\/mental-health-ratings-continue-worsen.aspx\" rel=\"nofollow noopener\" target=\"_blank\">Gallup <\/a>konkluderer med at amerikanernes mentale helse har g\u00e5tt fra to ti\u00e5r med stabilitet til et tydelig historisk tilbakeslag. Nedgangen er bred, men drevet s\u00e6rlig av yngre voksne \u2013 samtidig som det aldri f\u00f8r har v\u00e6rt mer vanlig \u00e5 s\u00f8ke profesjonell hjelp.<\/p>\n","protected":false},"excerpt":{"rendered":"Amerikanernes vurdering av egen mentale helse fortsetter \u00e5 forverres. For f\u00f8rste gang siden m\u00e5lingene til Gallup startet, oppgir&hellip;\n","protected":false},"author":2,"featured_media":127890,"comment_status":"","ping_status":"","sticky":false,"template":"","format":"standard","meta":{"footnotes":""},"categories":[12],"tags":[20,21,615,24,25,15,22,23,5109,13,30,28,29,14,16,26,27,42,43,44,45],"class_list":{"0":"post-127889","1":"post","2":"type-post","3":"status-publish","4":"format-standard","5":"has-post-thumbnail","7":"category-verden","8":"tag-breaking-news","9":"tag-breakingnews","10":"tag-depresjon","11":"tag-featured-news","12":"tag-featurednews","13":"tag-headlines","14":"tag-latest-news","15":"tag-latestnews","16":"tag-mental-helse","17":"tag-news","18":"tag-no","19":"tag-norge","20":"tag-norway","21":"tag-nyheter","22":"tag-overskrifter","23":"tag-top-stories","24":"tag-topstories","25":"tag-verden","26":"tag-world","27":"tag-world-news","28":"tag-worldnews"},"share_on_mastodon":{"url":"https:\/\/pubeurope.com\/@no\/115831784304163618","error":""},"_links":{"self":[{"href":"https:\/\/www.europesays.com\/no\/wp-json\/wp\/v2\/posts\/127889","targetHints":{"allow":["GET"]}}],"collection":[{"href":"https:\/\/www.europesays.com\/no\/wp-json\/wp\/v2\/posts"}],"about":[{"href":"https:\/\/www.europesays.com\/no\/wp-json\/wp\/v2\/types\/post"}],"author":[{"embeddable":true,"href":"https:\/\/www.europesays.com\/no\/wp-json\/wp\/v2\/users\/2"}],"replies":[{"embeddable":true,"href":"https:\/\/www.europesays.com\/no\/wp-json\/wp\/v2\/comments?post=127889"}],"version-history":[{"count":0,"href":"https:\/\/www.europesays.com\/no\/wp-json\/wp\/v2\/posts\/127889\/revisions"}],"wp:featuredmedia":[{"embeddable":true,"href":"https:\/\/www.europesays.com\/no\/wp-json\/wp\/v2\/media\/127890"}],"wp:attachment":[{"href":"https:\/\/www.europesays.com\/no\/wp-json\/wp\/v2\/media?parent=127889"}],"wp:term":[{"taxonomy":"category","embeddable":true,"href":"https:\/\/www.europesays.com\/no\/wp-json\/wp\/v2\/categories?post=127889"},{"taxonomy":"post_tag","embeddable":true,"href":"https:\/\/www.europesays.com\/no\/wp-json\/wp\/v2\/tags?post=127889"}],"curies":[{"name":"wp","href":"https:\/\/api.w.org\/{rel}","templated":true}]}}