{"id":127891,"date":"2026-01-03T15:05:18","date_gmt":"2026-01-03T15:05:18","guid":{"rendered":"https:\/\/www.europesays.com\/no\/127891\/"},"modified":"2026-01-03T15:05:18","modified_gmt":"2026-01-03T15:05:18","slug":"snoskred-snoskredfare-fylkesvei-ryddet-etter-snoskred-i-morges","status":"publish","type":"post","link":"https:\/\/www.europesays.com\/no\/127891\/","title":{"rendered":"Sn\u00f8skred, Sn\u00f8skredfare | Fylkesvei ryddet etter sn\u00f8skred i morges"},"content":{"rendered":"\n<p>Det er Troms politidistrikt som melder dette l\u00f8rdag morgen.<\/p>\n<p>Like etter klokka 10.30 melder Veitrafikksentralen i Nord-Norge at veien er \u00e5pnet igjen etter at oppryddingsarbeidet er fullf\u00f8rt.<\/p>\n<p>\u2013 Det er ingen indikasjoner p\u00e5 at noen er tatt av skredet, skrev operasjonsleder Karl Erik Thomassen i Troms politidistrikt i politiloggen l\u00f8rdag morgen.<\/p>\n<p>NVE melder l\u00f8rdag faregrad tre for sn\u00f8skred i Nord-Troms og Lyngen, og oppgraderte farevarselet ogs\u00e5 for Troms\u00f8-regionen til faregrad 3 litt senere p\u00e5 morgenkvisten.<\/p>\n<p>\u00abPolart lavtrykksaktivitet ga store nysn\u00f8mengder og kraftig vind fra flere retninger. Vi forventer store skred som l\u00f8sner av seg selv utsatte steder, s\u00e6rlig i kystn\u00e6re str\u00f8k. Hold avstand til skredterreng\u00bb, skriver Varsom i sin skredfarevurdering.<\/p>\n","protected":false},"excerpt":{"rendered":"Det er Troms politidistrikt som melder dette l\u00f8rdag morgen. Like etter klokka 10.30 melder Veitrafikksentralen i Nord-Norge at&hellip;\n","protected":false},"author":2,"featured_media":2176,"comment_status":"","ping_status":"","sticky":false,"template":"","format":"standard","meta":{"footnotes":""},"categories":[10],"tags":[36,20,21,24,25,15,22,23,13,30,28,29,14,16,10502,12080,1510,26,27,1625],"class_list":{"0":"post-127891","1":"post","2":"type-post","3":"status-publish","4":"format-standard","5":"has-post-thumbnail","7":"category-norge","8":"tag-art","9":"tag-breaking-news","10":"tag-breakingnews","11":"tag-featured-news","12":"tag-featurednews","13":"tag-headlines","14":"tag-latest-news","15":"tag-latestnews","16":"tag-news","17":"tag-no","18":"tag-norge","19":"tag-norway","20":"tag-nyheter","21":"tag-overskrifter","22":"tag-snoskred","23":"tag-snoskredfare","24":"tag-story","25":"tag-top-stories","26":"tag-topstories","27":"tag-troms-politidistrikt"},"share_on_mastodon":{"url":"https:\/\/pubeurope.com\/@no\/115831788160467989","error":""},"_links":{"self":[{"href":"https:\/\/www.europesays.com\/no\/wp-json\/wp\/v2\/posts\/127891","targetHints":{"allow":["GET"]}}],"collection":[{"href":"https:\/\/www.europesays.com\/no\/wp-json\/wp\/v2\/posts"}],"about":[{"href":"https:\/\/www.europesays.com\/no\/wp-json\/wp\/v2\/types\/post"}],"author":[{"embeddable":true,"href":"https:\/\/www.europesays.com\/no\/wp-json\/wp\/v2\/users\/2"}],"replies":[{"embeddable":true,"href":"https:\/\/www.europesays.com\/no\/wp-json\/wp\/v2\/comments?post=127891"}],"version-history":[{"count":0,"href":"https:\/\/www.europesays.com\/no\/wp-json\/wp\/v2\/posts\/127891\/revisions"}],"wp:featuredmedia":[{"embeddable":true,"href":"https:\/\/www.europesays.com\/no\/wp-json\/wp\/v2\/media\/2176"}],"wp:attachment":[{"href":"https:\/\/www.europesays.com\/no\/wp-json\/wp\/v2\/media?parent=127891"}],"wp:term":[{"taxonomy":"category","embeddable":true,"href":"https:\/\/www.europesays.com\/no\/wp-json\/wp\/v2\/categories?post=127891"},{"taxonomy":"post_tag","embeddable":true,"href":"https:\/\/www.europesays.com\/no\/wp-json\/wp\/v2\/tags?post=127891"}],"curies":[{"name":"wp","href":"https:\/\/api.w.org\/{rel}","templated":true}]}}