{"id":127892,"date":"2026-01-03T15:12:43","date_gmt":"2026-01-03T15:12:43","guid":{"rendered":"https:\/\/www.europesays.com\/no\/127892\/"},"modified":"2026-01-03T15:12:43","modified_gmt":"2026-01-03T15:12:43","slug":"advarer-om-sterk-sidevind-og-kraftig-turbulens-pa-flyplassene","status":"publish","type":"post","link":"https:\/\/www.europesays.com\/no\/127892\/","title":{"rendered":"Advarer om sterk sidevind og kraftig turbulens p\u00e5 flyplassene"},"content":{"rendered":"<p>Spanias statlige, meteorologiske institutt (Aemet) advarer p\u00e5 X om at avganger og landinger p\u00e5 Kanari\u00f8yenes flyplasser kan bli besv\u00e6rlige i dag, fredag.<\/p>\n<p>&laquo;Det blir en sv\u00e6rt vanskelig dag for flyvning&raquo;, skriver Aemet Canarias.<\/p>\n<p>Torsdag ble fem flyvninger innstilt og andre fly omdirigert p\u00e5 La Palma, Tenerife og Gran Canaria, og i dag skjer landinger og avganger p\u00e5 de fleste flyplassene p\u00e5 Kanari\u00f8yene med sterk sidevind.<\/p>\n<p><strong>Vindb\u00f8lger<\/strong><\/p>\n<p>Stormen Francis skaper vindb\u00f8lger som er tydelig synlige p\u00e5 satellitter i og med at det er fuktig, overskyet v\u00e6r.<\/p>\n<p>Under normale forhold utgj\u00f8r disse b\u00f8lgene en risiko for luftfarten, opplyser Aemet.<\/p>\n<p>&laquo;Fra et luftfartsperspektiv kommer det til \u00e5 bli en veldig komplisert dag, b\u00e5de p\u00e5 grunn av turbulensen for\u00e5rsaket av den sterke vinden, og fjellb\u00f8lgene som dannes i motvind&raquo;, opplyste Aemet i formiddag.<\/p>\n<p>P\u00e5 La Palma ble minst tre flyvninger mellom \u00f8yene p\u00e5virket av d\u00e5rlig v\u00e6r i formiddag, melder spanske flyveledere p\u00e5 X.<\/p>\n<p><strong>Farevarsler aktivert<\/strong><\/p>\n<p>Det er aktive farevarsler fra Kanari\u00f8yenes direktorat for sikkerhet og beredskap for sterk vind og b\u00f8lger i dag.<\/p>\n<p>Det er m\u00e5lt vind med orkanstyrke i kastene i Vallehermoso, sterk storm i kastene i h\u00f8yfjellet p\u00e5 Tenerife, og full storm i andre fjellomr\u00e5der.<\/p>\n<p>Det kom ogs\u00e5 over 80 millimeter nedb\u00f8r i h\u00f8yfjellet p\u00e5 La Palma p\u00e5 torsdag, og mye nedb\u00f8r andre steder p\u00e5 \u00f8ygruppen.<\/p>\n<p>Hittil i dag har det kommet over 30 millimeter p\u00e5 La Palma, og nesten 21 millimeter i fjellomr\u00e5der p\u00e5 Gran Canaria.<\/p>\n<p>Varslene for vind og b\u00f8lger er aktive i morgen ogs\u00e5.<\/p>\n<p>I skrivende stund har det ikke blitt rapportert om alvorlige hendelser for\u00e5rsaket av v\u00e6ret fra n\u00f8dsentralen p\u00e5 Kanari\u00f8yene.<\/p>\n<blockquote class=\"wp-block-quote\">\n<p>Bli privatsponsor du ogs\u00e5! Canariajournalen har valgt \u00e5 ha alt innhold utenfor betalingsmurer, og finansierer driften med annonser og privatsponsorer, uten abonnement eller pressest\u00f8tte. Det koster \u00e5 drive kvalitetsjournalistikk, og du kan hjelpe oss til \u00e5 bli enda bedre: Bli sponsor, Vipps eller Swish en valgfri slant med penger:\u00a0Vipps: 95 74 94 69. Swish: 070 2314 263. P\u00e5 forh\u00e5nd takk for din st\u00f8tte!<\/p>\n<\/blockquote>\n","protected":false},"excerpt":{"rendered":"Spanias statlige, meteorologiske institutt (Aemet) advarer p\u00e5 X om at avganger og landinger p\u00e5 Kanari\u00f8yenes flyplasser kan bli&hellip;\n","protected":false},"author":2,"featured_media":127893,"comment_status":"","ping_status":"","sticky":false,"template":"","format":"standard","meta":{"footnotes":""},"categories":[12],"tags":[20,21,24,25,6693,15,5600,22,23,13,30,28,29,14,16,26,27,387,42,43,44,45],"class_list":{"0":"post-127892","1":"post","2":"type-post","3":"status-publish","4":"format-standard","5":"has-post-thumbnail","7":"category-verden","8":"tag-breaking-news","9":"tag-breakingnews","10":"tag-featured-news","11":"tag-featurednews","12":"tag-flytrafikk","13":"tag-headlines","14":"tag-kanarioyene","15":"tag-latest-news","16":"tag-latestnews","17":"tag-news","18":"tag-no","19":"tag-norge","20":"tag-norway","21":"tag-nyheter","22":"tag-overskrifter","23":"tag-top-stories","24":"tag-topstories","25":"tag-vaeret","26":"tag-verden","27":"tag-world","28":"tag-world-news","29":"tag-worldnews"},"share_on_mastodon":{"url":"https:\/\/pubeurope.com\/@no\/115831815755009226","error":""},"_links":{"self":[{"href":"https:\/\/www.europesays.com\/no\/wp-json\/wp\/v2\/posts\/127892","targetHints":{"allow":["GET"]}}],"collection":[{"href":"https:\/\/www.europesays.com\/no\/wp-json\/wp\/v2\/posts"}],"about":[{"href":"https:\/\/www.europesays.com\/no\/wp-json\/wp\/v2\/types\/post"}],"author":[{"embeddable":true,"href":"https:\/\/www.europesays.com\/no\/wp-json\/wp\/v2\/users\/2"}],"replies":[{"embeddable":true,"href":"https:\/\/www.europesays.com\/no\/wp-json\/wp\/v2\/comments?post=127892"}],"version-history":[{"count":0,"href":"https:\/\/www.europesays.com\/no\/wp-json\/wp\/v2\/posts\/127892\/revisions"}],"wp:featuredmedia":[{"embeddable":true,"href":"https:\/\/www.europesays.com\/no\/wp-json\/wp\/v2\/media\/127893"}],"wp:attachment":[{"href":"https:\/\/www.europesays.com\/no\/wp-json\/wp\/v2\/media?parent=127892"}],"wp:term":[{"taxonomy":"category","embeddable":true,"href":"https:\/\/www.europesays.com\/no\/wp-json\/wp\/v2\/categories?post=127892"},{"taxonomy":"post_tag","embeddable":true,"href":"https:\/\/www.europesays.com\/no\/wp-json\/wp\/v2\/tags?post=127892"}],"curies":[{"name":"wp","href":"https:\/\/api.w.org\/{rel}","templated":true}]}}