{"id":127916,"date":"2026-01-03T15:43:07","date_gmt":"2026-01-03T15:43:07","guid":{"rendered":"https:\/\/www.europesays.com\/no\/127916\/"},"modified":"2026-01-03T15:43:07","modified_gmt":"2026-01-03T15:43:07","slug":"ol-sprintloypa-far-kritikk-etter-tour-de-ski","status":"publish","type":"post","link":"https:\/\/www.europesays.com\/no\/127916\/","title":{"rendered":"OL-sprintl\u00f8ypa f\u00e5r kritikk etter Tour de Ski"},"content":{"rendered":"\n<p class=\"_lead_o9xde_2 _lead_xtcu6_50 layout-component text-serif-m layout-normal text-serif-l layout-component layout-wide layout-padded _wide_17hqh_1 layout-padded\">Den nye OL-sprintl\u00f8ypa i Val di Fiemme f\u00e5r kraftig kritikk etter Tour de Ski-sprinten l\u00f8rdag. <\/p>\n<p><img alt=\"Ingrid Bergene Aabrekk beskrev OL-sprintl\u00f8ypa som \u00abt\u00e5pelig\u00bb.  Foto: Terje Pedersen \/ NTB\" class=\"_image_qp4xg_65 layout-component layout-wide\" data-fullscreen- data-track-element-type=\"Article image fullscreen\" data-track-name=\"ImageFullscreen\" fetchpriority=\"high\" decoding=\"sync\" loading=\"eager\" height=\"4000\" itemprop=\"image\"  src=\"https:\/\/www.europesays.com\/no\/wp-content\/uploads\/2026\/01\/e6fa28ce-bf56-40a6-8fbb-1c7d3cdada2d.jpeg\"  style=\"object-position:0% 0%\" width=\"6000\"\/>Ingrid Bergene Aabrekk beskrev OL-sprintl\u00f8ypa som \u00abt\u00e5pelig\u00bb.  Foto: Terje Pedersen \/ NTBVal di Fiemme, Italia  Oppdatert l\u00f8rdag 3. januar kl. 16:42    <\/p>\n<ul class=\"_list_o9xde_3 _list_64s2r_85 _unordered_o9xde_106 text-sans-m\">\n<li class=\"_item_o9xde_30\">OL-sprintl\u00f8ypa i Val di Fiemme f\u00e5r kraftig kritikk etter Tour de Ski-sprinten.<\/li>\n<li class=\"_item_o9xde_30\">Mange mener l\u00f8ypa er for lang, inkludert Heidi Weng og Ingrid Bergene Aabrekk.<\/li>\n<li class=\"_item_o9xde_30\">Johannes H\u00f8sflot Kl\u00e6bo har tidligere ogs\u00e5 kritisert l\u00f8ypa som krevende.<\/li>\n<li class=\"_item_o9xde_30\">Svenske Ebba Andersson mener derimot at norske l\u00f8pere kan trene seg til \u00e5 mestre l\u00f8ypa.<\/li>\n<\/ul>\n<p>Vis mer <\/p>\n<p class=\"_paragraph_o9xde_4 _paragraph_xtcu6_10 layout-component text-serif-m layout-normal text-serif-m layout-padded\">Reaksjonene var sterke etter l\u00f8rdagens sprint i Tour de Ski i Val di Fiemme, der l\u00f8perne fikk teste OL-l\u00f8ypa som skal brukes om \u00e9n m\u00e5ned.<\/p>\n<p class=\"_paragraph_o9xde_4 _paragraph_xtcu6_10 layout-component text-serif-m layout-normal text-serif-m layout-padded\">\u2013 Den er lang. Litt lang til \u00e5 v\u00e6re damel\u00f8ype, men jeg tror kanskje de gj\u00f8r om og kutter ned. Da synes jeg de skal kutte p\u00e5 guttas ogs\u00e5, n\u00e5r de har bestemt at jentene og guttene skal g\u00e5 like langt, sier <a href=\"https:\/\/www.vg.no\/tag\/heidi-weng?utm_source=vg-article&amp;utm_medium=auto-tagger&amp;utm_campaign=ExWAO2\" class=\"_link_o9xde_39\" rel=\"nofollow noopener\" target=\"_blank\">Heidi Weng<\/a> til VG.<\/p>\n<p><img alt=\"Heidi Weng r\u00f8k ut i kvartfinalen i l\u00f8rdagens sprint i Tour de Ski.  Foto: Terje Pedersen \/ NTB\" class=\"_image_qp4xg_65 layout-component layout-normal\" data-fullscreen- data-track-element-type=\"Article image fullscreen\" data-track-name=\"ImageFullscreen\" decoding=\"async\" loading=\"lazy\" height=\"3815\" itemprop=\"image\"  src=\"https:\/\/www.europesays.com\/no\/wp-content\/uploads\/2026\/01\/beddd533-e63f-46f4-9fb7-352c32be4160.jpeg\"  style=\"object-position:0% 0%\" width=\"5722\"\/>Heidi Weng r\u00f8k ut i kvartfinalen i l\u00f8rdagens sprint i Tour de Ski.  Foto: Terje Pedersen \/ NTB<\/p>\n<p class=\"_paragraph_o9xde_4 _paragraph_xtcu6_10 layout-component text-serif-m layout-normal text-serif-m layout-padded\">Val di Fiemme skal om kort tid v\u00e6re vertskap for OL, og foran mesterskapet er sprintl\u00f8ypa endret denne sesongen. De nye OL-l\u00f8ypene fremst\u00e5r langt t\u00f8ffere enn i de foreg\u00e5ende klassiske sprintene i verdenscupen, og sammenlignet med prologen i Ruka er l\u00f8ypa nesten ett minutt lengre i l\u00f8pstid.<\/p>\n<p class=\"_paragraph_o9xde_4 _paragraph_xtcu6_10 layout-component text-serif-m layout-normal text-serif-m layout-padded\">\u2013 T\u00e5pelig at det er en l\u00f8ype som tar fire minutter, sa Ingrid Bergene Aabrekk til NRK.<\/p>\n<p class=\"_paragraph_o9xde_4 _paragraph_xtcu6_10 layout-component text-serif-m layout-normal text-serif-m layout-padded\">Overfor VG utdyper hun:<\/p>\n<p class=\"_paragraph_o9xde_4 _paragraph_xtcu6_10 layout-component text-serif-m layout-normal text-serif-m layout-padded\">\u2013 Det er jo det. Vi g\u00e5r ikke s\u00e5 lange sprinter i norgescup engang, ogs\u00e5 skal vi gj\u00f8re det her. Det er for langt, sier Aabrekk.<\/p>\n<p class=\"_paragraph_o9xde_4 _paragraph_xtcu6_10 layout-component text-serif-m layout-normal text-serif-m layout-padded\">Italienske Federica Cassol stiller seg bak de norske jentene.<\/p>\n<p class=\"_paragraph_o9xde_4 _paragraph_xtcu6_10 layout-component text-serif-m layout-normal text-serif-m layout-padded\">\u2013 Jeg synes den er litt for lang, sier hun til VG.<\/p>\n<p class=\"_paragraph_o9xde_4 _paragraph_xtcu6_10 layout-component text-serif-m layout-normal text-serif-m layout-padded\"><a href=\"https:\/\/www.vg.no\/sport\/i\/dRxxJj\/johannes-hoesflot-klaebo-kan-vinne-seks-gull-i-ol-i-italia\" data-track-element-type=\"Link\" data-track-id=\"link:dRxxJj\" class=\"_link_o9xde_39\" rel=\"nofollow noopener\" target=\"_blank\">Sprintl\u00f8ypa har ogs\u00e5 f\u00e5tt kritikk tidligere, blant annet fra Johannes H\u00f8sflot Kl\u00e6bo<\/a>. Til VG beskrev han l\u00f8ypa som krevende.<\/p>\n<p class=\"_paragraph_o9xde_4 _paragraph_xtcu6_10 layout-component text-serif-m layout-normal text-serif-m layout-padded\">\u2013 Den er krevende fordi det har vist seg at det g\u00e5r egentlig ikke \u00e5 sette seg f\u00f8rst ned. Men noen har likevel vist at du kan sette seg f\u00f8rst. Det er noen muligheter, men erfaringsmessig er den vanskelig. Du kan komme fra femte og sjette posisjon \u00e5 vinne l\u00f8pet. Det er ikke mange andre l\u00f8yper hvor det er mulig.<\/p>\n<p class=\"_paragraph_o9xde_4 _paragraph_xtcu6_10 layout-component text-serif-m layout-normal text-serif-m layout-padded\">Samtidig er det ikke alle som deler misn\u00f8yen.<\/p>\n<p class=\"_paragraph_o9xde_4 _paragraph_xtcu6_10 layout-component text-serif-m layout-normal text-serif-m layout-padded\">\u2013 De norske jentene f\u00e5r trene p\u00e5 de kvalitetene som trengs i denne l\u00f8ypa, sier svenske Ebba Andersson til VG.<\/p>\n<p class=\"_paragraph_o9xde_4 _paragraph_xtcu6_10 layout-component text-serif-m layout-normal text-serif-m layout-padded\">\u2013 L\u00f8ypa er bra, synes jeg. Det er klart at den er litt lengre, men bestemann vinner jo, sier Edvin Anger.<\/p>\n<p class=\"_paragraph_o9xde_4 _paragraph_xtcu6_10 layout-component text-serif-m layout-normal text-serif-m layout-padded\">Heidi Weng, som er eneste norske kvinne med reell mulighet til \u00e5 kjempe om pallplass i Tour de Ski-sammendraget, tok seg videre til utslagsrundene med et n\u00f8dskrik i sprinten. Der ble det imidlertid stopp i kvartfinalen. Det samme utfallet fikk svenske Frida Karlsson.<\/p>\n<p class=\"_paragraph_o9xde_4 _paragraph_xtcu6_10 layout-component text-serif-m layout-normal text-serif-m layout-padded\">\u2013 Da klarer ikke Frida \u00e5 ta mange sekunder p\u00e5 Heidi, som har et vesentlig bedre utgangspunkt opp Alpe Cermis i morgen, sier Viaplay-ekspert Niklas Dyrhaug.<\/p>\n<p class=\"_paragraph_o9xde_4 _paragraph_xtcu6_10 layout-component text-serif-m layout-normal text-serif-m layout-padded\">Samtidig kan sprinten f\u00e5 konsekvenser i kampen om pallplassene sammenlagt.<\/p>\n<p class=\"_paragraph_o9xde_4 _paragraph_xtcu6_10 layout-component text-serif-m layout-normal text-serif-m layout-padded\">\u2013 Hun taper samtidig mange viktige sekunder mot Moa Ilar som seiler opp til en ordentlig kandidat til \u00e5 klatre opp til en pall-kandidat i tour-sammendraget, sier Jan Christian Bj\u00f8rn.<\/p>\n<p class=\"_paragraph_o9xde_4 _paragraph_xtcu6_10 layout-component text-serif-m layout-normal text-serif-m layout-padded\">Julie Bjervig Drivenes ble dagens beste norske kvinne, men r\u00f8k i semifinalen etter denne situasjonen:<\/p>\n<p class=\"_paragraph_o9xde_4 _paragraph_xtcu6_10 layout-component text-serif-m layout-normal text-serif-m layout-padded\">\u2013 I dag f\u00f8lte jeg meg finalegod, og jeg f\u00f8lte jeg hadde hatt noe \u00e5 gj\u00f8re i finalen. Det er irriterende, n\u00e5r jeg f\u00f8ler at jeg l\u00f8ser den semifinalen s\u00e5 bra, og s\u00e5 ryker det p\u00e5 de siste meterne, sier Drivenes til VG.<\/p>\n<p class=\"_paragraph_o9xde_4 _paragraph_xtcu6_10 layout-component text-serif-m layout-normal text-serif-m layout-padded\">I motsetning til Weng og Aabrekk, er Drivenes positiv til l\u00f8ypa.<\/p>\n<p class=\"_paragraph_o9xde_4 _paragraph_xtcu6_10 layout-component text-serif-m layout-normal text-serif-m layout-padded\">\u2013 Jeg elsker den, jeg.<\/p>\n<p class=\"_paragraph_o9xde_4 _paragraph_xtcu6_10 layout-component text-serif-m layout-normal text-serif-m layout-padded\"><a href=\"https:\/\/www.vg.no\/sport\/i\/vrQj9j\/skistad-reiser-hjem-fra-tour-de-ski\" data-track-element-type=\"Link\" data-track-id=\"link:vrQj9j\" class=\"_link_o9xde_39\" rel=\"nofollow noopener\" target=\"_blank\">Kristine Stav\u00e5s Skistad, som var Norges st\u00f8rste h\u00e5p i l\u00f8rdagens sprint, m\u00e5tte bryte Tour de Ski p\u00e5 grunn av sykdom.<\/a><\/p>\n","protected":false},"excerpt":{"rendered":"Den nye OL-sprintl\u00f8ypa i Val di Fiemme f\u00e5r kraftig kritikk etter Tour de Ski-sprinten l\u00f8rdag. Ingrid Bergene Aabrekk&hellip;\n","protected":false},"author":2,"featured_media":127917,"comment_status":"","ping_status":"","sticky":false,"template":"","format":"standard","meta":{"footnotes":""},"categories":[5],"tags":[20,21,24,25,15,5413,19,794,22,23,17,18,13,30,28,29,14,16,26,27,12662],"class_list":{"0":"post-127916","1":"post","2":"type-post","3":"status-publish","4":"format-standard","5":"has-post-thumbnail","7":"category-overskrifter","8":"tag-breaking-news","9":"tag-breakingnews","10":"tag-featured-news","11":"tag-featurednews","12":"tag-headlines","13":"tag-heidi-weng","14":"tag-hovedoppslag","15":"tag-kristine-stavas-skistad","16":"tag-latest-news","17":"tag-latestnews","18":"tag-main-news","19":"tag-mainnews","20":"tag-news","21":"tag-no","22":"tag-norge","23":"tag-norway","24":"tag-nyheter","25":"tag-overskrifter","26":"tag-top-stories","27":"tag-topstories","28":"tag-tour-de-ski"},"share_on_mastodon":{"url":"https:\/\/pubeurope.com\/@no\/115831937776413771","error":""},"_links":{"self":[{"href":"https:\/\/www.europesays.com\/no\/wp-json\/wp\/v2\/posts\/127916","targetHints":{"allow":["GET"]}}],"collection":[{"href":"https:\/\/www.europesays.com\/no\/wp-json\/wp\/v2\/posts"}],"about":[{"href":"https:\/\/www.europesays.com\/no\/wp-json\/wp\/v2\/types\/post"}],"author":[{"embeddable":true,"href":"https:\/\/www.europesays.com\/no\/wp-json\/wp\/v2\/users\/2"}],"replies":[{"embeddable":true,"href":"https:\/\/www.europesays.com\/no\/wp-json\/wp\/v2\/comments?post=127916"}],"version-history":[{"count":0,"href":"https:\/\/www.europesays.com\/no\/wp-json\/wp\/v2\/posts\/127916\/revisions"}],"wp:featuredmedia":[{"embeddable":true,"href":"https:\/\/www.europesays.com\/no\/wp-json\/wp\/v2\/media\/127917"}],"wp:attachment":[{"href":"https:\/\/www.europesays.com\/no\/wp-json\/wp\/v2\/media?parent=127916"}],"wp:term":[{"taxonomy":"category","embeddable":true,"href":"https:\/\/www.europesays.com\/no\/wp-json\/wp\/v2\/categories?post=127916"},{"taxonomy":"post_tag","embeddable":true,"href":"https:\/\/www.europesays.com\/no\/wp-json\/wp\/v2\/tags?post=127916"}],"curies":[{"name":"wp","href":"https:\/\/api.w.org\/{rel}","templated":true}]}}