{"id":127938,"date":"2026-01-03T16:20:13","date_gmt":"2026-01-03T16:20:13","guid":{"rendered":"https:\/\/www.europesays.com\/no\/127938\/"},"modified":"2026-01-03T16:20:13","modified_gmt":"2026-01-03T16:20:13","slug":"apen-om-kampen-mot-alkoholavhengighet","status":"publish","type":"post","link":"https:\/\/www.europesays.com\/no\/127938\/","title":{"rendered":"\u00c5pen om kampen mot alkoholavhengighet"},"content":{"rendered":"<p class=\"kicker \" style=\"\">Lucy Hale:<\/p>\n<p>  \u00abPretty Little Liars\u00bb-stjernen deler \u00e5pent om kampen mot avhengighet.<\/p>\n<p>\n    EDRU: Lucy Hale delte nylig gladnyheten om at hun har klart \u00e5 holde seg unna alkohol i fire \u00e5r. Foto: Vianney Le Caer\/NTB\n  <\/p>\n<p>Skuespilleren og sangeren Lucy Hale (36) har tidligere v\u00e6rt \u00e5pen om at hun pr\u00f8vde alkohol for f\u00f8rste gang som 14-\u00e5ring og etter hvert utviklet et alkoholproblem.<\/p>\n<p>    <a itemprop=\"url\" href=\"https:\/\/www.seher.no\/kjendis\/dater-realitystjerne-fansen-skeptisk\/82852903\" rel=\"nofollow noopener\" target=\"_blank\"><\/p>\n<p>        <img loading=\"lazy\" decoding=\"async\" src=\"https:\/\/www.europesays.com\/no\/wp-content\/uploads\/2026\/01\/82856502.webp.webp\" width=\"980\" height=\"441\" title=\"Dater realitystjerne: Fansen skeptisk\" alt=\"\" class=\"lazyload\" style=\"--aspect-ratio-image: 2.22; \"\/><\/p>\n<p>        Dater realitystjerne: Fansen skeptisk<\/p>\n<p>    <\/a><\/p>\n<p class=\"font-weight-bold m-font-weight-bold\" data-lab-font_weight=\"font-weight-bold\">Etter \u00e5 ha lagt alkoholen p\u00e5 hylla i 2022, kunne\u00a036-\u00e5ringen fredag 2. januar\u00a0markere fire \u00e5r edru.<\/p>\n<p>Nyheten delte hun i et f\u00f8lelsesladd innlegg p\u00e5 <a href=\"https:\/\/www.instagram.com\/p\/DTBFxtjj5OB\/?utm_source=ig_web_copy_link&amp;igsh=MzRlODBiNWFlZA==\" rel=\"nofollow noopener\" target=\"_blank\">Instagram<\/a>.<\/p>\n<p>        OPPHETET: Det oppst\u00e5r full krangel mellom Pierre Louis og Ulrik Giske inne p\u00e5 villaen i \u00abEx on the Beach\u00bb. Video: Thea Hope\/ Dplay\/R\u00f8d L\u00f8per<\/p>\n<p>\u00abFor fire \u00e5r siden n\u00e5dde jeg et veldig m\u00f8rkt kapittel og mitt personlige bunnpunkt. Det er vilt \u00e5 si, men det endte opp med \u00e5 bli den st\u00f8rste gaven og det st\u00f8rste vendepunktet i livet mitt\u00bb, skriver hun.<\/p>\n<p>Budskap til andre\t<\/p>\n<p>Veien mot edruelighet beskriver hun som krevende, men verdifull.<\/p>\n<p>\u00abDet har v\u00e6rt smerte, ubehag, ensomhet og dyp selvkonfrontasjon. Men edruskap ga meg livet mitt tilbake. Jeg er dypt takknemlig for hvert eneste \u00f8yeblikk som har brakt meg til dette punktet\u00bb, st\u00e5r det i innlegget.<\/p>\n<p>Hale avslutter med et h\u00e5pefullt budskap til andre som befinner seg i lignende situasjoner.<\/p>\n<p>    <a itemprop=\"url\" href=\"https:\/\/www.seher.no\/kjendis\/en-fryktelig-reise\/78689094\" rel=\"nofollow noopener\" target=\"_blank\"><\/p>\n<p>        <img loading=\"lazy\" decoding=\"async\" src=\"https:\/\/www.europesays.com\/no\/wp-content\/uploads\/2026\/01\/78688753.webp.webp\" width=\"980\" height=\"441\" title=\"- En fryktelig reise\" alt=\"\" class=\"lazyload\" style=\"--aspect-ratio-image: 2.22; \"\/><\/p>\n<p>        &#8211; En fryktelig reise<\/p>\n<p>    <\/a><\/p>\n<p>\u00abHvis du sliter, v\u00e6r s\u00e5 snill og vit dette: Det er alltid en sjanse til \u00e5 begynne p\u00e5 nytt. Fortsett. Fortsett \u00e5 si din sannhet. Be om hjelp. Og husk at du er s\u00e5 verdig til et liv du er stolt av. Din eksistens betyr noe, og det gj\u00f8r ogs\u00e5 historien du b\u00e6rer p\u00e5. Det BLIR bedre\u00bb.<\/p>\n<p>        SANGSTJERNE: Artisten Andreas Haukeland, aka \u00abTix\u00bb, er kjent for sine mange dr\u00f8ye sangtekster. Her forklarer \u00abParadise\u00bb-deltakeren betydningen bak noen av tekstene. Video: Jonas Scheie Hammer \/ Edit: Kine Falch<\/p>\n<p>Til slutt legger TV-stjernen til at m\u00f8rket ikke alltid er noe man b\u00f8r frykte, men kan v\u00e6re selve tingen som leder mot lyset.<\/p>\n<p>St\u00f8tte fra kolleger\t<\/p>\n<p>Det tok ikke lang tid f\u00f8r kommentarfeltet ble fylt opp med st\u00f8ttende ord fra f\u00f8lgere og kolleger. En av dem var Hales tidligere \u00abPretty Little Liars\u00bb-kollega Tyler Blackburn (39).<\/p>\n<p>        <img loading=\"lazy\" decoding=\"async\" src=\"https:\/\/www.europesays.com\/no\/wp-content\/uploads\/2026\/01\/84051000.webp.webp\" width=\"667\" height=\"921\" title=\"ST\u00d8TTER: Tyler Blackburn viste sin st\u00f8tte i kommentarfeltet til Hale. Foto: Matt Baron\/REX\/NTB\" alt=\"\" class=\"\" style=\"--aspect-ratio-image: 0.72; \"\/><\/p>\n<p>\n        ST\u00d8TTER: Tyler Blackburn viste sin st\u00f8tte i kommentarfeltet til Hale. Foto: Matt Baron\/REX\/NTB\n    <\/p>\n<p>\u00abS\u00e5 stolt av deg!\u00bb, skriver han.<\/p>\n<p>I et intervju med podkasten \u00ab<a href=\"https:\/\/www.youtube.com\/watch?v=xlYbp36HPb0\" rel=\"nofollow noopener\" target=\"_blank\">Diary of a CEO<\/a>\u00bb, fortalte Hale i 2023 at <a href=\"https:\/\/www.seher.no\/kjendis\/en-fryktelig-reise\/78689094\" rel=\"nofollow noopener\" target=\"_blank\">hun har jobbet beinhardt med \u00e5 bli edru<\/a> siden hun var 20 \u00e5r.<\/p>\n<p>    <a itemprop=\"url\" href=\"https:\/\/www.seher.no\/kjendis\/aldri-igjen\/79929094\" rel=\"nofollow noopener\" target=\"_blank\"><\/p>\n<p>        <img loading=\"lazy\" decoding=\"async\" src=\"https:\/\/www.europesays.com\/no\/wp-content\/uploads\/2026\/01\/79929111.webp.webp\" width=\"980\" height=\"441\" title=\"- Aldri igjen\" alt=\"\" class=\"lazyload\" style=\"--aspect-ratio-image: 2.22; \"\/><\/p>\n<p>        &#8211; Aldri igjen<\/p>\n<p>    <\/a><\/p>\n<p>&#8211; Jeg sa til meg selv at jeg fortjener mer ut av dette livet. Jeg m\u00e5 pr\u00f8ve det p\u00e5 en annen m\u00e5te, sa hun den gang, og forklarte at hun opptil flere ganger befant seg helt p\u00e5 b\u00e5nn f\u00f8r hun tok grep.<\/p>\n<p><script async src=\"\/\/www.instagram.com\/embed.js\"><\/script><\/p>\n","protected":false},"excerpt":{"rendered":"Lucy Hale: \u00abPretty Little Liars\u00bb-stjernen deler \u00e5pent om kampen mot avhengighet. EDRU: Lucy Hale delte nylig gladnyheten om&hellip;\n","protected":false},"author":2,"featured_media":127939,"comment_status":"","ping_status":"","sticky":false,"template":"","format":"standard","meta":{"footnotes":""},"categories":[58],"tags":[12618,71,479,2543,14957,30,28,29,14958,72],"class_list":{"0":"post-127938","1":"post","2":"type-post","3":"status-publish","4":"format-standard","5":"has-post-thumbnail","7":"category-underholdning","8":"tag-edru","9":"tag-entertainment","10":"tag-kjendis","11":"tag-kjendisdesken","12":"tag-lucy-hale","13":"tag-no","14":"tag-norge","15":"tag-norway","16":"tag-tyler-blackburn","17":"tag-underholdning"},"share_on_mastodon":{"url":"https:\/\/pubeurope.com\/@no\/115832083110233584","error":""},"_links":{"self":[{"href":"https:\/\/www.europesays.com\/no\/wp-json\/wp\/v2\/posts\/127938","targetHints":{"allow":["GET"]}}],"collection":[{"href":"https:\/\/www.europesays.com\/no\/wp-json\/wp\/v2\/posts"}],"about":[{"href":"https:\/\/www.europesays.com\/no\/wp-json\/wp\/v2\/types\/post"}],"author":[{"embeddable":true,"href":"https:\/\/www.europesays.com\/no\/wp-json\/wp\/v2\/users\/2"}],"replies":[{"embeddable":true,"href":"https:\/\/www.europesays.com\/no\/wp-json\/wp\/v2\/comments?post=127938"}],"version-history":[{"count":0,"href":"https:\/\/www.europesays.com\/no\/wp-json\/wp\/v2\/posts\/127938\/revisions"}],"wp:featuredmedia":[{"embeddable":true,"href":"https:\/\/www.europesays.com\/no\/wp-json\/wp\/v2\/media\/127939"}],"wp:attachment":[{"href":"https:\/\/www.europesays.com\/no\/wp-json\/wp\/v2\/media?parent=127938"}],"wp:term":[{"taxonomy":"category","embeddable":true,"href":"https:\/\/www.europesays.com\/no\/wp-json\/wp\/v2\/categories?post=127938"},{"taxonomy":"post_tag","embeddable":true,"href":"https:\/\/www.europesays.com\/no\/wp-json\/wp\/v2\/tags?post=127938"}],"curies":[{"name":"wp","href":"https:\/\/api.w.org\/{rel}","templated":true}]}}