{"id":127942,"date":"2026-01-03T16:29:14","date_gmt":"2026-01-03T16:29:14","guid":{"rendered":"https:\/\/www.europesays.com\/no\/127942\/"},"modified":"2026-01-03T16:29:14","modified_gmt":"2026-01-03T16:29:14","slug":"holdt-nede-sluttet-a-puste","status":"publish","type":"post","link":"https:\/\/www.europesays.com\/no\/127942\/","title":{"rendered":"Holdt nede &#8211; sluttet \u00e5 puste"},"content":{"rendered":"<p>    Kort fortalt<\/p>\n<ul lang=\"nb-NO\">\n<li>En mann i 40-\u00e5ra d\u00f8de etter \u00e5 ha blitt holdt nede av tre naboer i Stavanger.<\/li>\n<li>De tre mennene, som er i 20-\u00e5ra, 40-\u00e5ra og 60-\u00e5ra, er siktet for grov kroppskrenkelse med d\u00f8dsf\u00f8lge.<\/li>\n<li>Forsvarerne mener at mennene handlet lovlig og ikke hadde til hensikt \u00e5 skade.<\/li>\n<li>Politiet etterforsker saken og s\u00f8ker vitner eller videoopptak som kan belyse hendelsen.<\/li>\n<\/ul>\n<p class=\"italic ai-disclaimer\" data-lab-italic=\"italic\">Sammendraget er laget av ChatGPT og godkjent av Dagbladet.<\/p>\n<p>      Vis mer<br \/>\n      Vis mindre<\/p>\n<p>En mann i 40-\u00e5ra d\u00f8de torsdag kveld etter \u00e5 ha blitt holdt<br \/>\nnede av tre naboer p\u00e5 Tjensvoll i Stavanger.\u00a0<\/p>\n<p>De tre mennene &#8211; som er i 20-\u00e5ra, 40-\u00e5ra og 60-\u00e5ra &#8211; er siktet for grov<br \/>\nkroppskrenkelse med d\u00f8dsf\u00f8lge, opplyser S\u00f8r-Vest politidistrikt i en pressemelding.<\/p>\n<p>Det var rett f\u00f8r klokka 22.00 torsdag kveld at politiet fikk melding om at tre beboere i et boligomr\u00e5de p\u00e5 Tjensvoll hadde tatt fysisk kontroll over<br \/>\nen mann i 40-\u00e5ra p\u00e5 en n\u00e6rliggende byggeplass.<\/p>\n<p>De tre mennene mistenkte at den n\u00e5 avd\u00f8de mannen fors\u00f8kte \u00e5 stjele<br \/>\ngjenstander fra byggeplassen, if\u00f8lge politiet.<\/p>\n<p class=\"font-weight-normal m-font-weight-normal\" data-lab-font_weight=\"font-weight-normal\">&#8211; De tre samarbeidet om \u00e5 overmanne ham fysisk. Politiet var<br \/>\ni kontakt med de involverte hele<br \/>\nveien, men i l\u00f8pet av kort tid sluttet<br \/>\nmannen \u00e5 puste og mistet puls, sier politiadvokat Kjetil Solhaug til Dagbladet.<\/p>\n<p data-lab-font_weight=\"\">Hendelsen skal ha vart i bare noen f\u00e5 minutter.<\/p>\n<p>&#8211; Det var ikke snakk om lang tid f\u00f8r han mistet puls, sier<br \/>\nSolhaug.<\/p>\n<p>        <img loading=\"lazy\" decoding=\"async\" src=\"https:\/\/www.europesays.com\/no\/wp-content\/uploads\/2026\/01\/84048933.webp.webp\" width=\"686\" height=\"460\" title=\"ETTERFORSKER: Politiet unders\u00f8ker om det finnes videooverv\u00e5kning av hendelsen. Det er s\u00e5 langt ikke kjent om det var noen vitner. Foto: Carina Johansen \/ NTB\" alt=\"\" class=\"\" style=\"--aspect-ratio-image: 1.49; \"\/><\/p>\n<p>\n        ETTERFORSKER: Politiet unders\u00f8ker om det finnes videooverv\u00e5kning av hendelsen. Det er s\u00e5 langt ikke kjent om det var noen vitner. Foto: Carina Johansen \/ NTB\n    <\/p>\n<p>Forklarte seg p\u00e5 stedet\t<\/p>\n<p>Det ble umiddelbart igangsatt hjerte- og lungeredning p\u00e5<br \/>\nstedet. Mannen ble fraktet til Stavanger universitetssykehus med ambulanse, men<br \/>\nlivet sto ikke til \u00e5 redde.<\/p>\n<p class=\"font-weight-normal m-font-weight-normal\" data-lab-font_weight=\"font-weight-normal\">Han ble erkl\u00e6rt d\u00f8d klokka 22.51 torsdag kveld.<\/p>\n<p>De tre siktede skal ha samarbeidet om \u00e5 holde ham nede. Det ble ikke brukt v\u00e5pen under hendelsen, if\u00f8lge politiet.<\/p>\n<p>&#8211; Hvordan dette konkret foregikk, fors\u00f8ker vi n\u00e5 \u00e5 klarlegge<br \/>\ngjennom etterforskningen. De har forklart seg p\u00e5 stedet, men vi kan ikke g\u00e5 i<br \/>\ndetaljer om fastholdelsen n\u00e5, sier Solhaug.<\/p>\n<p>De siktede blir l\u00f8slatt fredag ettermiddag, bekrefter\u00a0politiadvokat Unni Byberg Malmin til\u00a0<a href=\"https:\/\/www.vg.no\/nyheter\/i\/M7RkRm\/mann-doed-etter-kroppskkrenkelse-i-stavanger\" target=\"_blank\" rel=\"nofollow noopener\">VG<\/a>.\u00a0Politiet har sikret n\u00f8dvendige spor og det er ikke bevisforspillelsesfare.<\/p>\n<p>Nekter straffskyld\t<\/p>\n<p>Advokat \u00d8rjan Eskeland er oppnevnt som forsvarer for mannen i 60-\u00e5ra. Han ble avh\u00f8rt fredag formiddag og nekter straffskyld.<\/p>\n<p>&#8211; Slik jeg vurderer det, hadde han lovlig grunnlag for \u00e5 holde ham igjen sammen med de to andre. Derfor mener jeg at det ikke er riktig \u00e5 holde ham ansvarlig for kroppskrenkelse. N\u00e5r det gjelder det tragiske utfallet med d\u00f8dsf\u00f8lgen, oppfatter jeg at dette ikke er noe min klient har sett for seg i det hele tatt. Det er rimelig klart for meg at han ikke skal holdes ansvarlig for kroppskrenkelse eller d\u00f8dsf\u00f8lgen, sier han til Dagbladet.<\/p>\n<p>        <img loading=\"lazy\" decoding=\"async\" itemprop=\"image\" src=\"https:\/\/www.europesays.com\/no\/wp-content\/uploads\/2026\/01\/84047764.webp.webp\" width=\"180\" height=\"180\" alt=\"\u00d8rjan Eskeland\"\/><\/p>\n<p>            \u00d8rjan Eskeland<br \/>\n            \u00d8rjan<br \/>\n            Eskeland        <\/p>\n<p>Forsvarer for mannen i 60-\u00e5ra.<br \/>Foto: Annika Byrde \/ NTB<\/p>\n<p class=\"italic m-italic\" data-lab-italic=\"italic\">&#8211; Du mener siktelsen burde frafalles?<\/p>\n<p>&#8211; Ja, i hvert fall ut ifra s\u00e5nn jeg kjenner saken n\u00e5. Vi vet ikke \u00e5rsaken til d\u00f8dsfallet heller. Det kan det v\u00e6re mange grunner til, sier han.<\/p>\n<p>Eskeland forteller at klienten hans tar siktelsen tungt.<\/p>\n<p>&#8211; Han er veldig lei seg for utfallet, selv om han er\u00a0tydelig p\u00e5 at han ikke skal\u00a0holdes ansvarlig for\u00a0det. S\u00e5nn jeg opplever ham, tenker han p\u00e5 alle involverte. Dette er en vanlig mann i gata med familie og alt, sier han.<\/p>\n<p>Han \u00f8nsker ikke \u00e5 kommentere selve fastholdingen i detalj, men forklarer f\u00f8lgende om hendelsesforl\u00f8pet i forkant:<\/p>\n<p>&#8211; Da mannen ble observert var atferden mistenkelig nok til at min klient vurderte det slik at han burde gripe inn og kontakte politiet, som han ogs\u00e5 gjorde litt tidligere. Dermed gikk han ut for \u00e5 se om han kunne finne denne personen. Som sivil har man en viss anledning til \u00e5 holde igjen en person som man tar p\u00e5 fersk gjerning for et lovbrudd. Derfor mener jeg at de i utgangspunktet hadde lov til \u00e5 holde p\u00e5, sier Eskeland.<\/p>\n<p>Advokat Anne Kroken er forsvarer for mannen i 40-\u00e5ra, og skrev f\u00f8lgende i en SMS til Dagbladet i 12.00-tida:<\/p>\n<p>&#8211; Han forklarer seg n\u00e5 og erkjenner ikke skyld.<\/p>\n<p>Det har forel\u00f8pig ikke lykkes Dagbladet \u00e5 f\u00e5 en kommentar fra advokat Knut Lerum, som forsvarer mannen i 20-\u00e5ra. Han nekter straffskyld, if\u00f8lge Stavanger Aftenblad.<\/p>\n<p>        <img loading=\"lazy\" decoding=\"async\" src=\"https:\/\/www.europesays.com\/no\/wp-content\/uploads\/2026\/01\/84047596.webp.webp\" width=\"667\" height=\"447\" title=\"ERKL\u00c6RT D\u00d8D: Mannen ble fraktet til Stavanger Universitetssykehus hvor han ble erkl\u00e6rt d\u00f8d rundt klokken 22.51 torsdag kveld. Foto: Carina Johansen \/ NTB\" alt=\"\" class=\"\" style=\"--aspect-ratio-image: 1.49; \"\/><\/p>\n<p>\n        ERKL\u00c6RT D\u00d8D: Mannen ble fraktet til Stavanger Universitetssykehus hvor han ble erkl\u00e6rt d\u00f8d rundt klokken 22.51 torsdag kveld. Foto: Carina Johansen \/ NTB\n    <\/p>\n<p>Naboer<\/p>\n<p> De tre siktede mennene er naboer i omr\u00e5det, men er ikke i familie med hverandre. De er siktet for grov kroppskrenkelse med d\u00f8dsf\u00f8lge<br \/>\neller medvirkning til dette.<\/p>\n<p>&#8211; V\u00e5r vurdering er at hensikten var \u00e5 ta kontroll over<br \/>\nmannen, ikke \u00e5 skade ham, sier Solhaug.<\/p>\n<p> Politiet har gjennomf\u00f8rt flere etterforskningsskritt p\u00e5 stedet. De siktede mennene er avh\u00f8rt, men det ble gjennomf\u00f8rt nye avh\u00f8r fredag. Det er i tillegg sikret de involvertes bekledning og digitale spor.<\/p>\n<p class=\"font-weight-bold m-font-weight-bold\" data-lab-font_weight=\"font-weight-bold\">Den avd\u00f8de mannen vil bli obdusert, og det er for tidlig \u00e5 fastsl\u00e5 d\u00f8ds\u00e5rsak, opplyser politiet.<\/p>\n<p>&#8211; Beslaget vil unders\u00f8kes, og eventuelle svar vil holdes opp mot \u00f8vrige opplysninger i saken. Politiet har sikret blodpr\u00f8ve av de tre siktede. Det er ikke mistanke om rus, sier politiadvokat Unni Byberg Malmin.<\/p>\n<p>Politiets unders\u00f8kelser av om det finnes videooverv\u00e5kning av hendelsen har s\u00e5 langt ikke gitt resultat. Det er heller ikke informasjon om at det skal ha v\u00e6rt vitner til selve hendelsen.<\/p>\n<p>    <a itemprop=\"url\" href=\"https:\/\/www.dagbladet.no\/nyheter\/may-torill-eriksen-48-funnet-dod-samboeren-pagrepet\/84034752\" rel=\"nofollow noopener\" target=\"_blank\"><\/p>\n<p>        <img loading=\"lazy\" decoding=\"async\" src=\"https:\/\/www.europesays.com\/no\/wp-content\/uploads\/2026\/01\/84034758.webp.webp\" width=\"980\" height=\"441\" title=\"May Torill Eriksen (48) funnet d\u00f8d - samboeren p\u00e5grepet\" alt=\"\" class=\"lazyload\" style=\"--aspect-ratio-image: 2.22; \"\/><\/p>\n<p>        May Torill Eriksen (48) funnet d\u00f8d &#8211; samboeren p\u00e5grepet<\/p>\n<p>    <\/a><\/p>\n<p>\u00d8nsker tips<\/p>\n<p>&#8211; Vi er interessert i \u00e5 komme i kontakt med personer som har opplysninger som kan belyse saken, sier Byberg Malmin.<\/p>\n<p>Politiets<br \/>\nunders\u00f8kelser av om det finnes videooverv\u00e5kning av hendelsen har s\u00e5 langt ikke<br \/>\ngitt resultat. Det er heller ikke informasjon om at det skal ha v\u00e6rt vitner til<br \/>\nselve hendelsen.<\/p>\n<p>&#8211; Vi er interessert i komme i kontakt med personer<br \/>\nsom har opplysninger som kan belyse saken, sier hun.<\/p>\n","protected":false},"excerpt":{"rendered":"Kort fortalt En mann i 40-\u00e5ra d\u00f8de etter \u00e5 ha blitt holdt nede av tre naboer i Stavanger.&hellip;\n","protected":false},"author":2,"featured_media":127943,"comment_status":"","ping_status":"","sticky":false,"template":"","format":"standard","meta":{"footnotes":""},"categories":[5],"tags":[20,21,576,24,25,15,19,2539,983,22,23,17,18,13,30,28,29,14,16,1306,26,27],"class_list":{"0":"post-127942","1":"post","2":"type-post","3":"status-publish","4":"format-standard","5":"has-post-thumbnail","7":"category-overskrifter","8":"tag-breaking-news","9":"tag-breakingnews","10":"tag-dodsfall","11":"tag-featured-news","12":"tag-featurednews","13":"tag-headlines","14":"tag-hovedoppslag","15":"tag-innenriks","16":"tag-krim","17":"tag-latest-news","18":"tag-latestnews","19":"tag-main-news","20":"tag-mainnews","21":"tag-news","22":"tag-no","23":"tag-norge","24":"tag-norway","25":"tag-nyheter","26":"tag-overskrifter","27":"tag-stavanger","28":"tag-top-stories","29":"tag-topstories"},"share_on_mastodon":{"url":"https:\/\/pubeurope.com\/@no\/115832118517759515","error":""},"_links":{"self":[{"href":"https:\/\/www.europesays.com\/no\/wp-json\/wp\/v2\/posts\/127942","targetHints":{"allow":["GET"]}}],"collection":[{"href":"https:\/\/www.europesays.com\/no\/wp-json\/wp\/v2\/posts"}],"about":[{"href":"https:\/\/www.europesays.com\/no\/wp-json\/wp\/v2\/types\/post"}],"author":[{"embeddable":true,"href":"https:\/\/www.europesays.com\/no\/wp-json\/wp\/v2\/users\/2"}],"replies":[{"embeddable":true,"href":"https:\/\/www.europesays.com\/no\/wp-json\/wp\/v2\/comments?post=127942"}],"version-history":[{"count":0,"href":"https:\/\/www.europesays.com\/no\/wp-json\/wp\/v2\/posts\/127942\/revisions"}],"wp:featuredmedia":[{"embeddable":true,"href":"https:\/\/www.europesays.com\/no\/wp-json\/wp\/v2\/media\/127943"}],"wp:attachment":[{"href":"https:\/\/www.europesays.com\/no\/wp-json\/wp\/v2\/media?parent=127942"}],"wp:term":[{"taxonomy":"category","embeddable":true,"href":"https:\/\/www.europesays.com\/no\/wp-json\/wp\/v2\/categories?post=127942"},{"taxonomy":"post_tag","embeddable":true,"href":"https:\/\/www.europesays.com\/no\/wp-json\/wp\/v2\/tags?post=127942"}],"curies":[{"name":"wp","href":"https:\/\/api.w.org\/{rel}","templated":true}]}}