{"id":127957,"date":"2026-01-03T16:55:17","date_gmt":"2026-01-03T16:55:17","guid":{"rendered":"https:\/\/www.europesays.com\/no\/127957\/"},"modified":"2026-01-03T16:55:17","modified_gmt":"2026-01-03T16:55:17","slug":"fa-veterinaerer-kan-redde-fugl","status":"publish","type":"post","link":"https:\/\/www.europesays.com\/no\/127957\/","title":{"rendered":"F\u00e5 veterin\u00e6rer kan redde fugl"},"content":{"rendered":"\n<p class=\"_paragraph_o9xde_4 _paragraph_xtcu6_10 layout-component text-serif-m layout-normal text-serif-m layout-padded\"><strong class=\"_strong_o9xde_25\">De er f\u00e5, og det er langt mellom dem. De er veterin\u00e6rene som tar imot pasientene ingen andre kan redde.<\/strong><\/p>\n<p class=\"_paragraph_o9xde_4 _paragraph_xtcu6_10 layout-component text-serif-m layout-normal text-serif-m layout-padded\">\u2013 Det ringer stadig vekk folk fra Vestlandet og Nord-Norge, som forteller at det ikke finnes noen som kan fugl der oppe. Da sier jeg at de kan komme hit, og s\u00e5 er det noen f\u00e5 som kommer. For mange blir reiseveien for lang, sier fugleveterin\u00e6ren Laurence Barton.<\/p>\n<p class=\"_paragraph_o9xde_4 _paragraph_xtcu6_10 layout-component text-serif-m layout-normal text-serif-m layout-padded\">Ikledd gr\u00f8nne operasjonskl\u00e6r legges instrumentene m\u00f8ysommelig utover et brett. <\/p>\n<p class=\"_paragraph_o9xde_4 _paragraph_xtcu6_10 layout-component text-serif-m layout-normal text-serif-m layout-padded\">Lukten av desinfeksjonssprit henger i luften og p\u00e5 operasjonsbordet ligger en noe uvanlig pasient: <\/p>\n<p class=\"_paragraph_o9xde_4 _paragraph_xtcu6_10 layout-component text-serif-m layout-normal text-serif-m layout-padded\">Det er stokkanden Samuel som skal under kniven. <\/p>\n<p class=\"_paragraph_o9xde_4 _paragraph_xtcu6_10 layout-component text-serif-m layout-normal text-serif-m layout-padded\">I over et \u00e5r har han levd med en komplisert skade p\u00e5 undernebbet. N\u00e5 skal han f\u00e5 hjelp av Barton, en av landets f\u00e5 veterin\u00e6rer med spesialkompetanse p\u00e5 fugl.<\/p>\n<p><img alt=\"\" class=\"_image_qp4xg_65 layout-component layout-left\" data-fullscreen- data-track-element-type=\"Article image fullscreen\" data-track-name=\"ImageFullscreen\" decoding=\"async\" loading=\"lazy\" height=\"5422\" itemprop=\"image\"  src=\"https:\/\/www.europesays.com\/no\/wp-content\/uploads\/2026\/01\/cf9e8513-475b-4a51-8c7f-98c5f7b08754.jpeg\"  style=\"object-position:0% 0%\" width=\"7229\"\/><img alt=\"\" class=\"_image_qp4xg_65 layout-component layout-right\" data-fullscreen- data-track-element-type=\"Article image fullscreen\" data-track-name=\"ImageFullscreen\" decoding=\"async\" loading=\"lazy\" height=\"5235\" itemprop=\"image\"  src=\"https:\/\/www.europesays.com\/no\/wp-content\/uploads\/2026\/01\/1c92ac47-6899-4593-a21d-ac32c8d38402.jpeg\"  style=\"object-position:0% 0%\" width=\"6980\"\/><\/p>\n<p class=\"_paragraph_o9xde_4 _paragraph_xtcu6_10 layout-component text-serif-m layout-normal text-serif-m layout-padded\">I Norge ansl\u00e5r man at det finnes mellom 20\u201330 veterin\u00e6rer som tar imot fugl. Av disse er det under en h\u00e5ndfull som kan utf\u00f8re komplekse operasjoner. <\/p>\n<p class=\"_paragraph_o9xde_4 _paragraph_xtcu6_10 layout-component text-serif-m layout-normal text-serif-m layout-padded\">F\u00e5 kan skilte med et st\u00f8rre artsmangfold enn klinikken p\u00e5 Oslos \u00f8stkant. <\/p>\n<p class=\"_paragraph_o9xde_4 _paragraph_xtcu6_10 layout-component text-serif-m layout-normal text-serif-m layout-padded\">Her kommer b\u00e5de tam- og villfugler, fra sm\u00e5spurv til store arapapeg\u00f8yer. Barton utf\u00f8rer alt fra kloklipping og nebbsliping til kompleks behandling av sykdom og skader. <\/p>\n<p><img alt=\"\" class=\"_image_qp4xg_65 layout-component layout-fullwidth\" data-fullscreen- data-track-element-type=\"Article image fullscreen\" data-track-name=\"ImageFullscreen\" decoding=\"async\" loading=\"lazy\" height=\"4553\" itemprop=\"image\"  src=\"https:\/\/www.europesays.com\/no\/wp-content\/uploads\/2026\/01\/f259f223-c78a-4f97-81e7-09e6eacc0073.jpeg\"  style=\"object-position:58.140556368960475% 64.53986382604876%\" width=\"3415\"\/><\/p>\n<p class=\"_paragraph_o9xde_4 _paragraph_xtcu6_10 layout-component text-serif-m layout-normal text-serif-m layout-padded\"><strong class=\"_strong_o9xde_25\">Veterin\u00e6rmangelen kjenner han p\u00e5 kroppen:<\/strong><\/p>\n<p class=\"_paragraph_o9xde_4 _paragraph_xtcu6_10 layout-component text-serif-m layout-normal text-serif-m layout-padded\">Ofte m\u00e5 han avvise folk grunnet manglende kapasitet, og alternativet kan v\u00e6re at de m\u00e5 kontakte vanlige sm\u00e5dyrveterin\u00e6rer.<\/p>\n<p class=\"_paragraph_o9xde_4 _paragraph_xtcu6_10 layout-component text-serif-m layout-normal text-serif-m layout-padded\">\u2013 F\u00f8lelsen min er vel at hvis det dreier seg om en papeg\u00f8ye, s\u00e5 vil de ikke ta den imot engang. Eller hvis de tar den imot s\u00e5 har de rett og slett ikke peiling p\u00e5 hva som er problemet.<\/p>\n<p><img alt=\"\" class=\"_image_qp4xg_65 layout-component layout-fullwidth\" data-fullscreen- data-track-element-type=\"Article image fullscreen\" data-track-name=\"ImageFullscreen\" decoding=\"async\" loading=\"lazy\" height=\"4569\" itemprop=\"image\"  src=\"https:\/\/www.europesays.com\/no\/wp-content\/uploads\/2026\/01\/a0f1546b-6659-49e1-8295-99ef102af46f.jpeg\"  style=\"object-position:74.52582433615407% 37.2729262420661%\" width=\"3427\"\/><\/p>\n<p class=\"_paragraph_o9xde_4 _paragraph_xtcu6_10 layout-component text-serif-m layout-normal text-serif-m layout-padded\">P\u00e5 grunn av deres fysiologi og anatomi er det vanskeligere \u00e5 gjenkjenne og behandle sykdom hos fugl enn hos hund og katt, sier han.<\/p>\n<p class=\"_paragraph_o9xde_4 _paragraph_xtcu6_10 layout-component text-serif-m layout-normal text-serif-m layout-padded\">\u2013 Fugler er byttedyr. Kroppen er i tillegg dekket av fj\u00e6r som skjuler veldig mye.<\/p>\n<p><img alt=\"\" class=\"_image_qp4xg_65 layout-component layout-left\" data-fullscreen- data-track-element-type=\"Article image fullscreen\" data-track-name=\"ImageFullscreen\" decoding=\"async\" loading=\"lazy\" height=\"3421\" itemprop=\"image\"  src=\"https:\/\/www.europesays.com\/no\/wp-content\/uploads\/2026\/01\/877658d2-48b1-404f-ab2b-c0a91b99e96c.jpeg\"  style=\"object-position:0% 0%\" width=\"4561\"\/><img alt=\"\" class=\"_image_qp4xg_65 layout-component layout-right\" data-fullscreen- data-track-element-type=\"Article image fullscreen\" data-track-name=\"ImageFullscreen\" decoding=\"async\" loading=\"lazy\" height=\"5674\" itemprop=\"image\"  src=\"https:\/\/www.europesays.com\/no\/wp-content\/uploads\/2026\/01\/61b8923f-44b0-4333-8757-c75f99d82e40.jpeg\"  style=\"object-position:0% 0%\" width=\"7565\"\/><\/p>\n<p class=\"_paragraph_o9xde_4 _paragraph_xtcu6_10 layout-component text-serif-m layout-normal text-serif-m layout-padded\">Barton har alltid satt h\u00f8ye m\u00e5l til seg selv. <\/p>\n<p class=\"_paragraph_o9xde_4 _paragraph_xtcu6_10 layout-component text-serif-m layout-normal text-serif-m layout-padded\">Det var den gnagende f\u00f8lelsen av \u00e5 ikke kunne nok, som gjorde at han videreutdannet seg innen fuglemedisin. For \u00e5 gj\u00f8re dette m\u00e5tte han reise til England.<\/p>\n<p class=\"_paragraph_o9xde_4 _paragraph_xtcu6_10 layout-component text-serif-m layout-normal text-serif-m layout-padded\">\u2013 M\u00e5let mitt er \u00e5 tilby like bra tjenester til fugl som jeg gj\u00f8r til hund og katt. Det er jo en prosess som krever enorm innsats over flere \u00e5r, forklarer han.<\/p>\n<p><img alt=\"\" class=\"_image_qp4xg_65 layout-component layout-normal\" data-fullscreen- data-track-element-type=\"Article image fullscreen\" data-track-name=\"ImageFullscreen\" decoding=\"async\" loading=\"lazy\" height=\"5760\" itemprop=\"image\"  src=\"https:\/\/www.europesays.com\/no\/wp-content\/uploads\/2026\/01\/11e6a1f5-577f-41c2-83be-5b55c8c144ef.jpeg\"  style=\"object-position:0% 0%\" width=\"7680\"\/><\/p>\n<p class=\"_paragraph_o9xde_4 _paragraph_xtcu6_10 layout-component text-serif-m layout-normal text-serif-m layout-padded\">Han oppfordrer kollegaer til \u00e5 legge inn ekstraarbeid for \u00e5 \u00f8ke sin kompetanse.<\/p>\n<p class=\"_paragraph_o9xde_4 _paragraph_xtcu6_10 layout-component text-serif-m layout-normal text-serif-m layout-padded\">\u2013 Veterin\u00e6rer b\u00f8r ha lavere terskel for \u00e5 ta imot fugl og heller sp\u00f8rre kollegaer med fuglekompetanse om r\u00e5d. Og via den prosessen vil de kanskje fatte interesse for \u00e5 l\u00e6re mer.<\/p>\n<p><img alt=\"\" class=\"_image_qp4xg_65 layout-component layout-left\" data-fullscreen- data-track-element-type=\"Article image fullscreen\" data-track-name=\"ImageFullscreen\" decoding=\"async\" loading=\"lazy\" height=\"5760\" itemprop=\"image\"  src=\"https:\/\/www.europesays.com\/no\/wp-content\/uploads\/2026\/01\/24e3e864-3a5a-4b14-be7a-c4dbaf03ffa6.jpeg\"  style=\"object-position:0% 0%\" width=\"8640\"\/><img alt=\"\" class=\"_image_qp4xg_65 layout-component layout-right\" data-fullscreen- data-track-element-type=\"Article image fullscreen\" data-track-name=\"ImageFullscreen\" decoding=\"async\" loading=\"lazy\" height=\"5760\" itemprop=\"image\"  src=\"https:\/\/www.europesays.com\/no\/wp-content\/uploads\/2026\/01\/33170b51-8327-4b7b-b066-8440a36deaf0.jpeg\"  style=\"object-position:0% 0%\" width=\"8640\"\/><\/p>\n<p class=\"_paragraph_o9xde_4 _paragraph_xtcu6_10 layout-component text-serif-m layout-normal text-serif-m layout-padded\">I nattm\u00f8rket utenfor dyreklinikken st\u00e5r et knippe forventningsfulle fugleentusiaster. Med seg har de flere byduer samt en spurv. <\/p>\n<p class=\"_paragraph_o9xde_4 _paragraph_xtcu6_10 layout-component text-serif-m layout-normal text-serif-m layout-padded\">De tilh\u00f8rer Fugleadvokatene, en frivillig interesseorganisasjon som jobber med rehabilitering av byfugler.<\/p>\n<p class=\"_paragraph_o9xde_4 _paragraph_xtcu6_10 layout-component text-serif-m layout-normal text-serif-m layout-padded\">Barton unders\u00f8ker dem en etter en, og avgj\u00f8r hvem han kan hjelpe og hvem som m\u00e5 f\u00e5 slippe.<\/p>\n<p><img alt=\"\" class=\"_image_qp4xg_65 layout-component layout-fullwidth\" data-fullscreen- data-track-element-type=\"Article image fullscreen\" data-track-name=\"ImageFullscreen\" decoding=\"async\" loading=\"lazy\" height=\"5606\" itemprop=\"image\"  src=\"https:\/\/www.europesays.com\/no\/wp-content\/uploads\/2026\/01\/b97f9675-ea37-467f-afa8-9deffcb2a0a5.jpeg\"  style=\"object-position:64.57591623036649% 21.949696753478413%\" width=\"4775\"\/><\/p>\n<p class=\"_paragraph_o9xde_4 _paragraph_xtcu6_10 layout-component text-serif-m layout-normal text-serif-m layout-padded\">Trine Ramb\u00f8l fra Fugleadvokatene sier at tilgangen til fugleveterin\u00e6ren betyr forskjellen p\u00e5 liv og d\u00f8d for veldig mange fugler:<\/p>\n<p class=\"_paragraph_o9xde_4 _paragraph_xtcu6_10 layout-component text-serif-m layout-normal text-serif-m layout-padded\">\u2013 For ti \u00e5r siden var en brukket vinge en d\u00f8dsdom. Det er det ikke lenger.<\/p>\n<p><img alt=\"Et r\u00f8ntgenbilde av en fugl som har operert vingen etter brudd.\" class=\"_image_qp4xg_65 layout-component layout-normal\" data-fullscreen- data-track-element-type=\"Article image fullscreen\" data-track-name=\"ImageFullscreen\" decoding=\"async\" loading=\"lazy\" height=\"885\" itemprop=\"image\"  src=\"https:\/\/www.europesays.com\/no\/wp-content\/uploads\/2026\/01\/49b31413-f8fc-4b82-b628-95d077da1243.png\"  style=\"object-position:0% 0%\" width=\"1254\"\/>Et r\u00f8ntgenbilde av en fugl som har operert vingen etter brudd.<\/p>\n<p class=\"_paragraph_o9xde_4 _paragraph_xtcu6_10 layout-component text-serif-m layout-normal text-serif-m layout-padded\">Ramb\u00f8l forteller at det finnes mange snille mennesker som finner skadede fugler ute og leverer dem til veterin\u00e6r i tro om at de skal f\u00e5 hjelp.<\/p>\n<p class=\"_paragraph_o9xde_4 _paragraph_xtcu6_10 layout-component text-serif-m layout-normal text-serif-m layout-padded\">\u2013 Den eneste hjelpen de f\u00e5r er avlivning. Til og med fugleunger avlives omtrent p\u00e5 samleb\u00e5nd hos veterin\u00e6ren om v\u00e5ren. Selv om det ikke er noe galt med dem, sukker hun oppgitt.<\/p>\n<p><img alt=\"Tonje Bugge og fuglen Kokos\" class=\"_image_qp4xg_65 layout-component layout-normal\" data-fullscreen- data-track-element-type=\"Article image fullscreen\" data-track-name=\"ImageFullscreen\" decoding=\"async\" loading=\"lazy\" height=\"5760\" itemprop=\"image\"  src=\"https:\/\/www.europesays.com\/no\/wp-content\/uploads\/2026\/01\/ee67914a-55ea-427d-a786-717aba55ee4c.jpeg\"  style=\"object-position:0% 0%\" width=\"8640\"\/>Tonje Bugge og fuglen Kokos<\/p>\n<p class=\"_paragraph_o9xde_4 _paragraph_xtcu6_10 layout-component text-serif-m layout-normal text-serif-m layout-padded\">Tonje Bugge er leder for den frivillige organisasjonen Fugleteamet som hjelper tamfugler i n\u00f8d. Hun st\u00f8tter fugleadvokatenes beskrivelse av mangelen p\u00e5 fuglekyndig hjelp fra veterin\u00e6rstanden, og at veien til avliving er kort. <\/p>\n<p class=\"_paragraph_o9xde_4 _paragraph_xtcu6_10 layout-component text-serif-m layout-normal text-serif-m layout-padded\">Selv har hun v\u00e6rt vitne til mye d\u00e5rlig fuglehold.<\/p>\n<p class=\"_paragraph_o9xde_4 _paragraph_xtcu6_10 layout-component text-serif-m layout-normal text-serif-m layout-padded\">\u2013 Fugl er jo nederst p\u00e5 rangstigen av alle kj\u00e6ledyrene i forhold til helsehjelp. De blir sett p\u00e5 som &#8230; ikke engang annenrangs dyr. De er under alt \u2013 de er under hamster, marsvin og rotter.<\/p>\n<p><img alt=\"\" class=\"_image_qp4xg_65 layout-component layout-normal\" data-fullscreen- data-track-element-type=\"Article image fullscreen\" data-track-name=\"ImageFullscreen\" decoding=\"async\" loading=\"lazy\" height=\"5403\" itemprop=\"image\"  src=\"https:\/\/www.europesays.com\/no\/wp-content\/uploads\/2026\/01\/b133239a-f232-42a9-9032-2220d4fb2900.jpeg\"  style=\"object-position:0% 0%\" width=\"4052\"\/><\/p>\n<p class=\"_paragraph_o9xde_4 _paragraph_xtcu6_10 layout-component text-serif-m layout-normal text-serif-m layout-padded\">Karine er i gang med sitt siste \u00e5r p\u00e5 veterin\u00e6rh\u00f8yskolen og har nylig gjennomf\u00f8rt kurset \u00abEksotiske dyr\u00bb. Over en og en halv uke f\u00e5r de en innf\u00f8ring i alt fra fugl til reptiler og gnagere.<\/p>\n<p><img decoding=\"async\" alt=\"Bilde av Karine (24 \u00e5r)\" class=\"_image_ygndg_42\" height=\"53\" itemprop=\"image\" loading=\"lazy\"  src=\"https:\/\/www.europesays.com\/no\/wp-content\/uploads\/2026\/01\/4497dd81-7e8c-49f8-a583-9d21d9a67e92.jpeg\"  width=\"40\"\/><strong class=\"_name_ygndg_51 title-serif-xs\">Karine (24 \u00e5r)<\/strong><\/p>\n<p class=\"_paragraph_o9xde_4 text-sans-m _description_ygndg_56\">Veterin\u00e6rstudent p\u00e5 6. \u00e5ret ved NMBU<\/p>\n<p class=\"_paragraph_o9xde_4 _paragraph_xtcu6_10 layout-component text-serif-m layout-normal text-serif-m layout-padded\"><strong class=\"_strong_o9xde_25\">\u2013 For meg er ikke en uke nok til at jeg f\u00f8ler meg komfortabel til \u00e5 jobbe med fugler og reptiler n\u00e5r jeg er ferdig.<\/strong><\/p>\n<p class=\"_paragraph_o9xde_4 _paragraph_xtcu6_10 layout-component text-serif-m layout-normal text-serif-m layout-padded\">Hun fors\u00f8kte \u00e5 f\u00e5 praksis i klinikker som tok imot eksotiske dyr, men det var ikke mulig.<\/p>\n<p class=\"_paragraph_o9xde_4 _paragraph_xtcu6_10 layout-component text-serif-m layout-normal text-serif-m layout-padded\">\u2013 Man l\u00e6rer jo best med praksis, men jeg har aldri v\u00e6rt med p\u00e5 behandling av en fugl, sier hun.<\/p>\n<p><img alt=\"\" class=\"_image_qp4xg_65 layout-component layout-normal\" data-fullscreen- data-track-element-type=\"Article image fullscreen\" data-track-name=\"ImageFullscreen\" decoding=\"async\" loading=\"lazy\" height=\"5760\" itemprop=\"image\"  src=\"https:\/\/www.europesays.com\/no\/wp-content\/uploads\/2026\/01\/89aab5a9-1e81-44ed-9824-9b211c9b80cd.jpeg\"  style=\"object-position:0% 0%\" width=\"7680\"\/><\/p>\n<p class=\"_paragraph_o9xde_4 _paragraph_xtcu6_10 layout-component text-serif-m layout-normal text-serif-m layout-padded\">Karine forteller at hun kunne tenke seg \u00e5 g\u00e5 videre innen veterin\u00e6rmedisin p\u00e5 eksotiske dyr. Men n\u00e5r Norge ikke tilbyr videreutdanning p\u00e5 dette, frister det ikke \u00e5 ta opp dyre l\u00e5n for \u00e5 dra til utlandet. <\/p>\n<p><img alt=\"\" class=\"_image_qp4xg_65 layout-component layout-normal\" data-fullscreen- data-track-element-type=\"Article image fullscreen\" data-track-name=\"ImageFullscreen\" decoding=\"async\" loading=\"lazy\" height=\"5057\" itemprop=\"image\"  src=\"https:\/\/www.europesays.com\/no\/wp-content\/uploads\/2026\/01\/dad84e64-cece-4ac0-9cee-2965befe9b61.jpeg\"  style=\"object-position:0% 0%\" width=\"3793\"\/><\/p>\n<p class=\"_paragraph_o9xde_4 _paragraph_xtcu6_10 layout-component text-serif-m layout-normal text-serif-m layout-padded\">\u2013 Det er ikke rimelig \u00e5 forvente at privatpraktiserende skal bruke tid og ressurser p\u00e5 \u00e5 etterutdanne kollegaer, sier veterin\u00e6r Elisabeth Blom. <\/p>\n<p class=\"_paragraph_o9xde_4 _paragraph_xtcu6_10 layout-component text-serif-m layout-normal text-serif-m layout-padded\">Hun har selv spesialisering i eksotiske dyr, og har undervist p\u00e5 veterin\u00e6rh\u00f8yskolen. Hun mener de m\u00e5 s\u00f8rge for at norske veterin\u00e6rer tilegner seg n\u00f8dvendig kompetanse om fugl. <\/p>\n<p><img decoding=\"async\" alt=\"Bilde av Elisabeth Blom\" class=\"_image_ygndg_42\" height=\"60\" itemprop=\"image\" loading=\"lazy\"  src=\"https:\/\/www.europesays.com\/no\/wp-content\/uploads\/2026\/01\/9fb35679-c43c-4509-b9e8-5599de2e4cd1.jpeg\"  width=\"40\"\/><strong class=\"_name_ygndg_51 title-serif-xs\">Elisabeth Blom<\/strong><\/p>\n<p class=\"_paragraph_o9xde_4 text-sans-m _description_ygndg_56\">Veterin\u00e6r med spesialisering i eksotiske dyr.<\/p>\n<p class=\"_paragraph_o9xde_4 _paragraph_xtcu6_10 layout-component text-serif-m layout-normal text-serif-m layout-padded\">Hun p\u00e5peker at nyutdannede veterin\u00e6rer mangler tilstrekkelig erfaring til \u00e5 vurdere alvorligheten i sykdomstilfeller hos fugl.<\/p>\n<p class=\"_paragraph_o9xde_4 _paragraph_xtcu6_10 layout-component text-serif-m layout-normal text-serif-m layout-padded\">\u2013 N\u00e5r utdannelsen skal dekke s\u00e5 mange omr\u00e5der, og tiden til hvert fagomr\u00e5de er knapp, vil mange veterin\u00e6rer helst slippe \u00e5 ta imot en pasientgruppe som de har liten kunnskap om.<\/p>\n<p><img alt=\"\" class=\"_image_qp4xg_65 layout-component layout-left\" data-fullscreen- data-track-element-type=\"Article image fullscreen\" data-track-name=\"ImageFullscreen\" decoding=\"async\" loading=\"lazy\" height=\"8640\" itemprop=\"image\"  src=\"https:\/\/www.europesays.com\/no\/wp-content\/uploads\/2026\/01\/0f3e779d-fd74-47b5-8705-9a9d44cc7ac3.jpeg\"  style=\"object-position:0% 0%\" width=\"5760\"\/><img alt=\"\" class=\"_image_qp4xg_65 layout-component layout-right\" data-fullscreen- data-track-element-type=\"Article image fullscreen\" data-track-name=\"ImageFullscreen\" decoding=\"async\" loading=\"lazy\" height=\"5760\" itemprop=\"image\"  src=\"https:\/\/www.europesays.com\/no\/wp-content\/uploads\/2026\/01\/4ec7ff7c-860e-4542-a56e-90fa218c33f8.jpeg\"  style=\"object-position:0% 0%\" width=\"8640\"\/><\/p>\n<p class=\"_paragraph_o9xde_4 _paragraph_xtcu6_10 layout-component text-serif-m layout-normal text-serif-m layout-padded\">Dekan ved veterin\u00e6rh\u00f8yskolen (NMBU), Ane N\u00f8dtvedt, sier at de m\u00e5 gj\u00f8re prioriteringer ut fra at hund og katt er de vanligste kj\u00e6ledyrene i de norske hjem.<\/p>\n<p class=\"_paragraph_o9xde_4 _paragraph_xtcu6_10 layout-component text-serif-m layout-normal text-serif-m layout-padded\">\u2013 Det er ikke det at vi ikke bryr oss om fugler, men vi m\u00e5 gj\u00f8re noen prioriteringer p\u00e5 hva vi skal fokusere p\u00e5. Du skal kunne h\u00e5ndtere de vanligste tingene som du f\u00e5r p\u00e5 vakt, sier hun.<\/p>\n<p><img decoding=\"async\" alt=\"Bilde av Ane N\u00f8dtvedt\" class=\"_image_ygndg_42\" height=\"53\" itemprop=\"image\" loading=\"lazy\"  src=\"https:\/\/www.europesays.com\/no\/wp-content\/uploads\/2026\/01\/ca442fc1-4f12-4e23-81ba-6b36c9d37aa2.jpeg\"  width=\"40\"\/><strong class=\"_name_ygndg_51 title-serif-xs\">Ane N\u00f8dtvedt<\/strong><\/p>\n<p class=\"_paragraph_o9xde_4 text-sans-m _description_ygndg_56\">Dekan ved veterin\u00e6rh\u00f8yskolen (NMBU)<\/p>\n<p class=\"_paragraph_o9xde_4 _paragraph_xtcu6_10 layout-component text-serif-m layout-normal text-serif-m layout-padded\">Hun forteller at grunnutdanningen inneholder det de mener er et kurant niv\u00e5 n\u00e5r det gjelder fugl, og understreker at studentene tilegner seg mye kunnskap gjennom praksis.<\/p>\n<p><img alt=\"\" class=\"_image_qp4xg_65 layout-component layout-right\" data-fullscreen- data-track-element-type=\"Article image fullscreen\" data-track-name=\"ImageFullscreen\" decoding=\"async\" loading=\"lazy\" height=\"2483\" itemprop=\"image\"  src=\"https:\/\/www.europesays.com\/no\/wp-content\/uploads\/2026\/01\/2602f586-c292-4e06-b71e-0ae76532c401.jpeg\"  style=\"object-position:0% 0%\" width=\"3310\"\/><img alt=\"\" class=\"_image_qp4xg_65 layout-component layout-left\" data-fullscreen- data-track-element-type=\"Article image fullscreen\" data-track-name=\"ImageFullscreen\" decoding=\"async\" loading=\"lazy\" height=\"5588\" itemprop=\"image\"  src=\"https:\/\/www.europesays.com\/no\/wp-content\/uploads\/2026\/01\/c013bf3f-f866-4dc5-91c5-cd7b7246d574.jpeg\"  style=\"object-position:0% 0%\" width=\"7450\"\/><\/p>\n<p class=\"_paragraph_o9xde_4 _paragraph_xtcu6_10 layout-component text-serif-m layout-normal text-serif-m layout-padded\">For andriken Samuel ble det en lykkelig slutt. Etter over tre timer p\u00e5 operasjonsbordet var nebbet lappet sammen og forsterket med en vaier. <\/p>\n<p><img alt=\"\" class=\"_image_qp4xg_65 layout-component layout-right\" data-fullscreen- data-track-element-type=\"Article image fullscreen\" data-track-name=\"ImageFullscreen\" decoding=\"async\" loading=\"lazy\" height=\"5460\" itemprop=\"image\"  src=\"https:\/\/www.europesays.com\/no\/wp-content\/uploads\/2026\/01\/1de4a88b-858c-4383-a38a-26c1fc427c27.jpeg\"  style=\"object-position:0% 0%\" width=\"5460\"\/><\/p>\n<p class=\"_paragraph_o9xde_4 _paragraph_xtcu6_10 layout-component text-serif-m layout-normal text-serif-m layout-padded\">Mens nebbet heles, skal han bo i et rehabiliteringshjem hos Samantha S\u00f8bakken. Der f\u00e5r Samuel mat og medisiner f\u00f8r han endelig kan slippes ut sammen med flokken sin p\u00e5 Nittedal.<\/p>\n<p class=\"_paragraph_o9xde_4 _paragraph_xtcu6_10 layout-component text-serif-m layout-normal text-serif-m layout-padded _medium_xtcu6_25\"><strong class=\"_strong_o9xde_25\">Her kan du f\u00f8lge <a href=\"https:\/\/www.instagram.com\/vgfoto\/\" class=\"_link_o9xde_39\" rel=\"nofollow noopener\" target=\"_blank\">VGs fotojournalister p\u00e5 Instagram:<\/a><\/strong><\/p>\n<p class=\"_paragraph_o9xde_4 _paragraph_xtcu6_10 layout-component text-serif-m layout-normal text-serif-m layout-padded _medium_xtcu6_25\"><strong class=\"_strong_o9xde_25\">Les flere bildesaker her:<\/strong><\/p>\n<p>Les ogs\u00e5<br \/>\n    <script async src=\"\/\/www.instagram.com\/embed.js\"><\/script><\/p>\n","protected":false},"excerpt":{"rendered":"De er f\u00e5, og det er langt mellom dem. De er veterin\u00e6rene som tar imot pasientene ingen andre&hellip;\n","protected":false},"author":2,"featured_media":127958,"comment_status":"","ping_status":"","sticky":false,"template":"","format":"standard","meta":{"footnotes":""},"categories":[10],"tags":[20,21,24,25,3668,15,22,23,13,30,28,29,14,16,26,27,6497],"class_list":{"0":"post-127957","1":"post","2":"type-post","3":"status-publish","4":"format-standard","5":"has-post-thumbnail","7":"category-norge","8":"tag-breaking-news","9":"tag-breakingnews","10":"tag-featured-news","11":"tag-featurednews","12":"tag-fugler","13":"tag-headlines","14":"tag-latest-news","15":"tag-latestnews","16":"tag-news","17":"tag-no","18":"tag-norge","19":"tag-norway","20":"tag-nyheter","21":"tag-overskrifter","22":"tag-top-stories","23":"tag-topstories","24":"tag-veterinaer"},"share_on_mastodon":{"url":"https:\/\/pubeurope.com\/@no\/115832221005000831","error":""},"_links":{"self":[{"href":"https:\/\/www.europesays.com\/no\/wp-json\/wp\/v2\/posts\/127957","targetHints":{"allow":["GET"]}}],"collection":[{"href":"https:\/\/www.europesays.com\/no\/wp-json\/wp\/v2\/posts"}],"about":[{"href":"https:\/\/www.europesays.com\/no\/wp-json\/wp\/v2\/types\/post"}],"author":[{"embeddable":true,"href":"https:\/\/www.europesays.com\/no\/wp-json\/wp\/v2\/users\/2"}],"replies":[{"embeddable":true,"href":"https:\/\/www.europesays.com\/no\/wp-json\/wp\/v2\/comments?post=127957"}],"version-history":[{"count":0,"href":"https:\/\/www.europesays.com\/no\/wp-json\/wp\/v2\/posts\/127957\/revisions"}],"wp:featuredmedia":[{"embeddable":true,"href":"https:\/\/www.europesays.com\/no\/wp-json\/wp\/v2\/media\/127958"}],"wp:attachment":[{"href":"https:\/\/www.europesays.com\/no\/wp-json\/wp\/v2\/media?parent=127957"}],"wp:term":[{"taxonomy":"category","embeddable":true,"href":"https:\/\/www.europesays.com\/no\/wp-json\/wp\/v2\/categories?post=127957"},{"taxonomy":"post_tag","embeddable":true,"href":"https:\/\/www.europesays.com\/no\/wp-json\/wp\/v2\/tags?post=127957"}],"curies":[{"name":"wp","href":"https:\/\/api.w.org\/{rel}","templated":true}]}}