{"id":127990,"date":"2026-01-03T17:33:09","date_gmt":"2026-01-03T17:33:09","guid":{"rendered":"https:\/\/www.europesays.com\/no\/127990\/"},"modified":"2026-01-03T17:33:09","modified_gmt":"2026-01-03T17:33:09","slug":"trafikk-drammen-vraket-bilen-under-ovelseskjoring","status":"publish","type":"post","link":"https:\/\/www.europesays.com\/no\/127990\/","title":{"rendered":"Trafikk, Drammen | Vraket bilen under \u00f8velseskj\u00f8ring"},"content":{"rendered":"\n<p><b>AUSTAD:<\/b> N\u00f8detatene fikk l\u00f8rdag ettermiddag melding om et trafikkuhell p\u00e5 parkeringsplassen utenfor Extra p\u00e5 Austad.<\/p>\n<p>Da politiet kom fram til stedet ble det raskt klart at en bil hadde kj\u00f8rt av veien og krasjet i en parkert bil ved butikken. Begge de to bilene fikk store materielle skader.<\/p>\n<p>   <img decoding=\"async\" width=\"2048\" height=\"1365\" fetchpriority=\"low\"  loading=\"lazy\"  src=\"https:\/\/www.europesays.com\/no\/wp-content\/uploads\/2026\/01\/d4cbf111-4720-4c3a-b368-4b163191e415+kopi.jpg\" alt=\"\" class=\"brick-c-cFOWSL\" style=\"--brick-image-ratio: 2048 \/ 1365;\"\/><\/p>\n<p>De to personene i ulykkesbilen slapp unna uten alvorlige skader, mens den parkerte bilen heldigvis var tom da hendelsen fant sted.<\/p>\n<p><b>\u2013 F\u00f8rer har rett og slett mistet kontrollen og styringen over bilen. Men vi m\u00e5 prate litt mer med de involverte partene for \u00e5 finne ut av grunnen, sier politif\u00f8rstebetjent Bj\u00f8rn \u00c5ge Storegjerde til Drammens Tidende.<\/b><\/p>\n<p>Han bekrefter at sj\u00e5f\u00f8ren \u00f8velseskj\u00f8rte da sammenst\u00f8tet skjedde.<\/p>\n<p>   <img decoding=\"async\" width=\"2048\" height=\"1536\" fetchpriority=\"low\"  loading=\"lazy\"  src=\"https:\/\/www.europesays.com\/no\/wp-content\/uploads\/2026\/01\/ddb0e257-cf78-4751-96d4-0777289298e2+kopi.jpg\" alt=\"\" class=\"brick-c-cFOWSL\" style=\"--brick-image-ratio: 2048 \/ 1536;\"\/><\/p>\n<p>\u2013 Det er ikke besluttet f\u00f8rerkortbeslag i saken, men politiet anmelder saken. S\u00e5 vil etterforskningen vise om det blir aktuelt med en reaksjon i etterkant, sier Storegjerde.<\/p>\n<p>   <img decoding=\"async\" width=\"2048\" height=\"1536\" fetchpriority=\"low\"  loading=\"lazy\"  src=\"https:\/\/www.europesays.com\/no\/wp-content\/uploads\/2026\/01\/ac4a2dba-933a-4024-8482-1f3f7fea7a5c+kopi.jpg\" alt=\"\" class=\"brick-c-cFOWSL\" style=\"--brick-image-ratio: 2048 \/ 1536;\"\/><\/p>\n<p>Hendelsen fikk ingen trafikale konsekvenser.<\/p>\n","protected":false},"excerpt":{"rendered":"AUSTAD: N\u00f8detatene fikk l\u00f8rdag ettermiddag melding om et trafikkuhell p\u00e5 parkeringsplassen utenfor Extra p\u00e5 Austad. Da politiet kom&hellip;\n","protected":false},"author":2,"featured_media":127991,"comment_status":"","ping_status":"","sticky":false,"template":"","format":"standard","meta":{"footnotes":""},"categories":[10],"tags":[36,11875,20,21,427,24,25,15,22,23,13,30,28,29,14,16,1510,26,27,224],"class_list":{"0":"post-127990","1":"post","2":"type-post","3":"status-publish","4":"format-standard","5":"has-post-thumbnail","7":"category-norge","8":"tag-art","9":"tag-austad","10":"tag-breaking-news","11":"tag-breakingnews","12":"tag-drammen","13":"tag-featured-news","14":"tag-featurednews","15":"tag-headlines","16":"tag-latest-news","17":"tag-latestnews","18":"tag-news","19":"tag-no","20":"tag-norge","21":"tag-norway","22":"tag-nyheter","23":"tag-overskrifter","24":"tag-story","25":"tag-top-stories","26":"tag-topstories","27":"tag-trafikk"},"share_on_mastodon":{"url":"https:\/\/pubeurope.com\/@no\/115832370280022997","error":""},"_links":{"self":[{"href":"https:\/\/www.europesays.com\/no\/wp-json\/wp\/v2\/posts\/127990","targetHints":{"allow":["GET"]}}],"collection":[{"href":"https:\/\/www.europesays.com\/no\/wp-json\/wp\/v2\/posts"}],"about":[{"href":"https:\/\/www.europesays.com\/no\/wp-json\/wp\/v2\/types\/post"}],"author":[{"embeddable":true,"href":"https:\/\/www.europesays.com\/no\/wp-json\/wp\/v2\/users\/2"}],"replies":[{"embeddable":true,"href":"https:\/\/www.europesays.com\/no\/wp-json\/wp\/v2\/comments?post=127990"}],"version-history":[{"count":0,"href":"https:\/\/www.europesays.com\/no\/wp-json\/wp\/v2\/posts\/127990\/revisions"}],"wp:featuredmedia":[{"embeddable":true,"href":"https:\/\/www.europesays.com\/no\/wp-json\/wp\/v2\/media\/127991"}],"wp:attachment":[{"href":"https:\/\/www.europesays.com\/no\/wp-json\/wp\/v2\/media?parent=127990"}],"wp:term":[{"taxonomy":"category","embeddable":true,"href":"https:\/\/www.europesays.com\/no\/wp-json\/wp\/v2\/categories?post=127990"},{"taxonomy":"post_tag","embeddable":true,"href":"https:\/\/www.europesays.com\/no\/wp-json\/wp\/v2\/tags?post=127990"}],"curies":[{"name":"wp","href":"https:\/\/api.w.org\/{rel}","templated":true}]}}