{"id":128003,"date":"2026-01-03T17:44:17","date_gmt":"2026-01-03T17:44:17","guid":{"rendered":"https:\/\/www.europesays.com\/no\/128003\/"},"modified":"2026-01-03T17:44:17","modified_gmt":"2026-01-03T17:44:17","slug":"johannes-hosflot-klaebo-vekker-oppsikt-i-tour-de-ski","status":"publish","type":"post","link":"https:\/\/www.europesays.com\/no\/128003\/","title":{"rendered":"Johannes H\u00f8sflot Kl\u00e6bo vekker oppsikt i Tour de Ski:"},"content":{"rendered":"<p data-lab-font_weight=\"\">Johannes H\u00f8sflot Kl\u00e6bo, Ansgar Evensen og Lars Heggen representerte Norges stolthet i l\u00f8rdagens sprintfinale i Tour de Ski.<\/p>\n<p>Kl\u00e6bo vant til slutt lekende lett. I det bratteste partiet dro han frem det ber\u00f8mte Kl\u00e6bo-klyvet. Det hadde ikke resten av feltet nubbsjans p\u00e5 \u00e5 f\u00f8lge.<\/p>\n<p>Tr\u00f8nderen kunne skrudd tempo helt ned p\u00e5 oppl\u00f8pet, men vant likevel med hele tre sekunder foran franske Jules Chappaz og svenske Anton Grahn.\u00a0<\/p>\n<p> Evensen og Heggen fulgte p\u00e5 plassene bak. <\/p>\n<p>\u2013 Jeg var forberedt p\u00e5 \u00e5 ha noen i ryggen, men det var det ikke. Det var litt spesielt. Det stoppet opp bak der, og da fikk jeg jo den luka der, sier han om de sm\u00e5tt absurde bildene da han kunne g\u00e5 inn til m\u00e5l uten \u00e5 ta et stavtak p\u00e5 oppl\u00f8pet.<\/p>\n<p>Klar OL-melding<\/p>\n<p>Ekspertkorpset sparer ikke p\u00e5 superlativene etter Kl\u00e6bos maktdemonstrasjon.<\/p>\n<p> \u2013 Det er en vanvittig oppvisning, sa Viaplays langrennsekspert Niklas Dyrhaug. <\/p>\n<p>\u2013 Kong Kl\u00e6bo er og blir best i verden, og er s\u00e5 god at du nesten skylder penger om du spiller p\u00e5 et OL-gull, sier TV 2s langrennsekspert Petter Soleng Skinstad, og fortsetter:<\/p>\n<p>\u2013 Dagens sprint er p\u00e5 h\u00f8yde med det beste han noensinne har gjort, og l\u00f8ypene i Val di Fiemme er som skapt for ham. Hvis du ser bort fra alpinbakken har tilsynelatende aldri Kl\u00e6bo tapt et renn i OL-l\u00f8ypene, der han alts\u00e5 har vunnet alle prologer, alle sprintfinaler og alle distanserenn. Seks av seks OL-gull er mulig! <\/p>\n<p>\u2013 Jeg har nok g\u00e5tt noen som er bedre. Det er ogs\u00e5 p\u00e5 slutten av en tour der mange nok er slitne, sier Kl\u00e6bo selv om Skinstads utspill.\u00a0<\/p>\n<p>        <img class=\"image__img lazyload\" itemprop=\"image\" title=\"Foto: Maxim Thore \/ BILDBYR\u00c5N\" alt=\"LEDER OGS\u00c5 SAMMENLAGT: Kl\u00e6bo dominerer \u00e5rets utgave av Tour de Ski. Foto: Maxim Thore \/ BILDBYR\u00c5N\" width=\"675\" height=\"453\" bad-src=\"https:\/\/www.europesays.com\/no\/wp-content\/uploads\/2026\/01\/18429396.webp.jpeg\" fetchpriority=\"auto\" \/><\/p>\n<p>      LEDER OGS\u00c5 SAMMENLAGT: Kl\u00e6bo dominerer \u00e5rets utgave av Tour de Ski.<br \/>\n         Foto: Maxim Thore \/ BILDBYR\u00c5N<\/p>\n<p>Kl\u00e6bo var s\u00e5 suveren at han ikke trengte \u00e5 ta et eneste stavtak p\u00e5 oppl\u00f8pet i OL-l\u00f8ypa.<\/p>\n<p>\u2013 Det er oppsiktsvekkende at han ikke bruker stavene p\u00e5 oppl\u00f8pet. Har vel knapt sett maken siden Bj\u00f6rn Lind i Otep\u00e4\u00e4 i 2006, sier Skinstad om bildene.<\/p>\n<p>Landslagstrener\u00a0Arild Monsen setter ord p\u00e5 dominansen fra Kl\u00e6bo.<\/p>\n<p class=\"bold m-bold\" data-lab-font_weight=\"bold\">\u2013 Han hadde to ganske friske norske med seg, og noen utlendinger som var sluttkj\u00f8rte. Da blir det enorme forskjeller. Det er bare s\u00e5nn det er: Johannes er fenomenal, sier han til TV 2.<\/p>\n<p>\u2013 Helt j\u00e6vlig<\/p>\n<p data-lab-font_weight=\"\">Sprintjuvelen Lars Heggen (20) fikk sp\u00f8rsm\u00e5l av TV 2 om hvordan det var \u00e5 se Kl\u00e6bo dra ifra i bakken.<\/p>\n<p data-lab-font_weight=\"\">20-\u00e5ringen deler \u00e5penhjertig:<\/p>\n<p data-lab-font_weight=\"\">\u2013 Det er helt j\u00e6vlig. Jeg mister litt piffen n\u00e5r han bare dunker ifra oss. Jeg f\u00e5r noen glipptak og stresser litt n\u00e5r han drar til p\u00e5 toppen. Da blir det fort mange meter, for han er verdens beste skil\u00f8per. Det er ikke bare bare \u00e5 henge p\u00e5, sier Heggen til TV 2.<\/p>\n<p data-lab-font_weight=\"\">Om at Kl\u00e6bo ikke tok et eneste stavtak oppl\u00f8pet, sier Heggen f\u00f8lgende:<\/p>\n<p data-lab-font_weight=\"\">\u2013 Det er sykt. Han er god.<\/p>\n<p data-lab-font_weight=\"\">Det er 37 dager til det skal deles ut OL-medaljer i den samme l\u00f8ypa som ble brukt l\u00f8rdag.<\/p>\n","protected":false},"excerpt":{"rendered":"Johannes H\u00f8sflot Kl\u00e6bo, Ansgar Evensen og Lars Heggen representerte Norges stolthet i l\u00f8rdagens sprintfinale i Tour de Ski.&hellip;\n","protected":false},"author":2,"featured_media":128004,"comment_status":"","ping_status":"","sticky":false,"template":"","format":"standard","meta":{"footnotes":""},"categories":[5],"tags":[20,21,24,25,15,19,22,23,17,18,13,30,28,29,14,16,26,27],"class_list":{"0":"post-128003","1":"post","2":"type-post","3":"status-publish","4":"format-standard","5":"has-post-thumbnail","7":"category-overskrifter","8":"tag-breaking-news","9":"tag-breakingnews","10":"tag-featured-news","11":"tag-featurednews","12":"tag-headlines","13":"tag-hovedoppslag","14":"tag-latest-news","15":"tag-latestnews","16":"tag-main-news","17":"tag-mainnews","18":"tag-news","19":"tag-no","20":"tag-norge","21":"tag-norway","22":"tag-nyheter","23":"tag-overskrifter","24":"tag-top-stories","25":"tag-topstories"},"share_on_mastodon":{"url":"https:\/\/pubeurope.com\/@no\/115832413545318485","error":""},"_links":{"self":[{"href":"https:\/\/www.europesays.com\/no\/wp-json\/wp\/v2\/posts\/128003","targetHints":{"allow":["GET"]}}],"collection":[{"href":"https:\/\/www.europesays.com\/no\/wp-json\/wp\/v2\/posts"}],"about":[{"href":"https:\/\/www.europesays.com\/no\/wp-json\/wp\/v2\/types\/post"}],"author":[{"embeddable":true,"href":"https:\/\/www.europesays.com\/no\/wp-json\/wp\/v2\/users\/2"}],"replies":[{"embeddable":true,"href":"https:\/\/www.europesays.com\/no\/wp-json\/wp\/v2\/comments?post=128003"}],"version-history":[{"count":0,"href":"https:\/\/www.europesays.com\/no\/wp-json\/wp\/v2\/posts\/128003\/revisions"}],"wp:featuredmedia":[{"embeddable":true,"href":"https:\/\/www.europesays.com\/no\/wp-json\/wp\/v2\/media\/128004"}],"wp:attachment":[{"href":"https:\/\/www.europesays.com\/no\/wp-json\/wp\/v2\/media?parent=128003"}],"wp:term":[{"taxonomy":"category","embeddable":true,"href":"https:\/\/www.europesays.com\/no\/wp-json\/wp\/v2\/categories?post=128003"},{"taxonomy":"post_tag","embeddable":true,"href":"https:\/\/www.europesays.com\/no\/wp-json\/wp\/v2\/tags?post=128003"}],"curies":[{"name":"wp","href":"https:\/\/api.w.org\/{rel}","templated":true}]}}