{"id":128005,"date":"2026-01-03T17:45:08","date_gmt":"2026-01-03T17:45:08","guid":{"rendered":"https:\/\/www.europesays.com\/no\/128005\/"},"modified":"2026-01-03T17:45:08","modified_gmt":"2026-01-03T17:45:08","slug":"sykdom-stopper-skiskytterstjerner-i-oberhof-laegreid-og-botn-star-over","status":"publish","type":"post","link":"https:\/\/www.europesays.com\/no\/128005\/","title":{"rendered":"Sykdom stopper skiskytterstjerner i Oberhof \u2013 L\u00e6greid og Botn st\u00e5r over"},"content":{"rendered":"\n<p class=\"_lead_o9xde_2 _lead_xtcu6_50 layout-component text-serif-m layout-normal text-serif-l layout-component layout-wide layout-padded _wide_17hqh_1 layout-padded\">Verken Sturla Holm L\u00e6greid og Johan-Olav Sm\u00f8rdal Botn blir \u00e5 se i verdenscuprennene i tyske Oberhof kommende uke. De sliter begge med sykdom.<\/p>\n<p><img alt=\" Foto: OLIVIER CHASSIGNOLE \/ AFP \/ NTB\" class=\"_image_qp4xg_65 layout-component layout-wide\" data-fullscreen- data-track-element-type=\"Article image fullscreen\" data-track-name=\"ImageFullscreen\" fetchpriority=\"high\" decoding=\"sync\" loading=\"eager\" height=\"3013\" itemprop=\"image\"  src=\"https:\/\/www.europesays.com\/no\/wp-content\/uploads\/2026\/01\/a6e5c24b-e661-454b-99df-b716756cb38d.png\"  style=\"object-position:0% 0%\" width=\"4520\"\/> Foto: OLIVIER CHASSIGNOLE \/ AFP \/ NTB<\/p>\n<ul aria-hidden=\"true\" class=\"_images_ntbth_112\">\n<li><a class=\"_link_ntbth_117\" href=\"https:\/\/www.vg.no\/forfatter\/ntb\" style=\"z-index:1\" title=\"NTB\" rel=\"nofollow noopener\" target=\"_blank\"><img alt=\"Bilde av NTB\" class=\"_image_ntbth_93\" fetchpriority=\"low\" loading=\"lazy\" decoding=\"async\" itemprop=\"image\"  src=\"https:\/\/www.europesays.com\/no\/wp-content\/uploads\/2026\/01\/1767462308_131_c33980b0-5d07-4027-84a1-813f90a7c8d6.png\"  width=\"480\"\/><\/a><\/li>\n<\/ul>\n<p> Oppdatert l\u00f8rdag 3. januar kl. 18:22     <\/p>\n<p class=\"_paragraph_o9xde_4 _paragraph_xtcu6_10 layout-component text-serif-m layout-normal text-serif-m layout-padded\">Forfallene kommer fram i en pressemelding fra Norges Skiskytterforbund l\u00f8rdag.<\/p>\n<p class=\"_paragraph_o9xde_4 _paragraph_xtcu6_10 layout-component text-serif-m layout-normal text-serif-m layout-padded\">\u2013 Jeg skulle veldig gjerne stilt til start, og kanskje ekstra mye denne gangen. Samtidig m\u00e5 jeg ta vare p\u00e5 helsa, og da er dette den eneste riktige avgj\u00f8relsen n\u00e5, sier Botn.<\/p>\n<p class=\"_paragraph_o9xde_4 _paragraph_xtcu6_10 layout-component text-serif-m layout-normal text-serif-m layout-padded\">Han \u00e5pnet fredag i et intervju med <a href=\"https:\/\/www.tv2.no\/sport\/botn-bryter-tausheten-etter-dodsfallet\/18426657\/?utm_source=sdrn%3Avg%3Aarticle%3AzOG125\" class=\"_link_o9xde_39\" rel=\"nofollow noopener\" target=\"_blank\">TV 2<\/a> opp om da han <a href=\"https:\/\/www.vg.no\/sport\/i\/zOG125\/botn-fant-kompisen-sivert-bakken-doed-fullstendig-sjokktilstand-og-panikk\" data-track-element-type=\"Link\" data-track-id=\"link:zOG125\" class=\"_link_o9xde_39\" rel=\"nofollow noopener\" target=\"_blank\">fant kompisen Sivert Guttorm Bakken d\u00f8d p\u00e5 h\u00f8ydesamling i Italia i jula.<\/a> Han avsl\u00f8rte samtidig at han \u00f8nsket \u00e5 konkurrere i Oberhof.<\/p>\n<p class=\"_paragraph_o9xde_4 _paragraph_xtcu6_10 layout-component text-serif-m layout-normal text-serif-m layout-padded\">Botn har herjet denne sesongen og leder verdenscupen sammenlagt etter 8 av 21 renn.<\/p>\n<p class=\"_paragraph_o9xde_4 _paragraph_xtcu6_10 layout-component text-serif-m layout-normal text-serif-m layout-padded\">Som f\u00f8lge av dette f\u00e5r Sverre Dahlen Aspenes og Martin Nevland muligheten til \u00e5 stille i verdenscupen i Oberhof, der Nevland f\u00e5r sin verdenscupdebut.<\/p>\n<p class=\"_paragraph_o9xde_4 _paragraph_xtcu6_10 layout-component text-serif-m layout-normal text-serif-m layout-padded\">Landslagssjef Per Arne Botnan understreker at helgen vil bli spesiell uavhengig av hvem som st\u00e5r til start:<\/p>\n<p class=\"_paragraph_o9xde_4 _paragraph_xtcu6_10 layout-component text-serif-m layout-normal text-serif-m layout-padded\">\u2013 Dette blir en annerledes helg for oss alle. Det viktigste n\u00e5 er \u00e5 ta vare p\u00e5 hverandre og s\u00f8rge for at ut\u00f8verne f\u00e5r en trygg og god opplevelse etter en krevende jul.<\/p>\n<p class=\"_paragraph_o9xde_4 _paragraph_xtcu6_10 layout-component text-serif-m layout-normal text-serif-m layout-padded\">Om en m\u00e5ned er det OL i Anterselva. Skiskytterkonkurransene starter med blandet stafett 8. februar. Deretter g\u00e5r det slag i slag fram til de avsluttende fellesstartene 20. og 21. februar.<\/p>\n","protected":false},"excerpt":{"rendered":"Verken Sturla Holm L\u00e6greid og Johan-Olav Sm\u00f8rdal Botn blir \u00e5 se i verdenscuprennene i tyske Oberhof kommende uke.&hellip;\n","protected":false},"author":2,"featured_media":128006,"comment_status":"","ping_status":"","sticky":false,"template":"","format":"standard","meta":{"footnotes":""},"categories":[59],"tags":[12901,30,28,29,769,83,82,676],"class_list":{"0":"post-128005","1":"post","2":"type-post","3":"status-publish","4":"format-standard","5":"has-post-thumbnail","7":"category-sport","8":"tag-johan-olav-smordal-botn","9":"tag-no","10":"tag-norge","11":"tag-norway","12":"tag-skiskyting","13":"tag-sport","14":"tag-sports","15":"tag-sturla-holm-laegreid"},"share_on_mastodon":{"url":"https:\/\/pubeurope.com\/@no\/115832417510768301","error":""},"_links":{"self":[{"href":"https:\/\/www.europesays.com\/no\/wp-json\/wp\/v2\/posts\/128005","targetHints":{"allow":["GET"]}}],"collection":[{"href":"https:\/\/www.europesays.com\/no\/wp-json\/wp\/v2\/posts"}],"about":[{"href":"https:\/\/www.europesays.com\/no\/wp-json\/wp\/v2\/types\/post"}],"author":[{"embeddable":true,"href":"https:\/\/www.europesays.com\/no\/wp-json\/wp\/v2\/users\/2"}],"replies":[{"embeddable":true,"href":"https:\/\/www.europesays.com\/no\/wp-json\/wp\/v2\/comments?post=128005"}],"version-history":[{"count":0,"href":"https:\/\/www.europesays.com\/no\/wp-json\/wp\/v2\/posts\/128005\/revisions"}],"wp:featuredmedia":[{"embeddable":true,"href":"https:\/\/www.europesays.com\/no\/wp-json\/wp\/v2\/media\/128006"}],"wp:attachment":[{"href":"https:\/\/www.europesays.com\/no\/wp-json\/wp\/v2\/media?parent=128005"}],"wp:term":[{"taxonomy":"category","embeddable":true,"href":"https:\/\/www.europesays.com\/no\/wp-json\/wp\/v2\/categories?post=128005"},{"taxonomy":"post_tag","embeddable":true,"href":"https:\/\/www.europesays.com\/no\/wp-json\/wp\/v2\/tags?post=128005"}],"curies":[{"name":"wp","href":"https:\/\/api.w.org\/{rel}","templated":true}]}}