{"id":128011,"date":"2026-01-03T17:53:08","date_gmt":"2026-01-03T17:53:08","guid":{"rendered":"https:\/\/www.europesays.com\/no\/128011\/"},"modified":"2026-01-03T17:53:08","modified_gmt":"2026-01-03T17:53:08","slug":"skifolket-jubler-her-finner-du-nykjorte-spor-rbnett-no","status":"publish","type":"post","link":"https:\/\/www.europesays.com\/no\/128011\/","title":{"rendered":"Skifolket jubler \u2013 her finner du nykj\u00f8rte spor &#8211; rbnett.no"},"content":{"rendered":"<ol>\n<li><a href=\"https:\/\/news.google.com\/rss\/articles\/CBMijAFBVV95cUxNRE4wNm5mTmZzZHg1dElvU0ZYcFk2MzAxZHdhZGpqZWs0Wl9oZVhHOS1wZHgtelJrY1V2UFg0S3c1blZkRUN2Skd4ZFZ2TzlVcXFzbDREU3hYVVo1QW1ZZlBHLTM0TlNEdmFuTjd3eDdydWRuVzNzaXhXb0hBZ1o0d0hwcTNQSUZRRzdTdw?oc=5\" target=\"_blank\" rel=\"nofollow noopener\">Skifolket jubler \u2013 her finner du nykj\u00f8rte spor<\/a>&nbsp;&nbsp;rbnett.no<\/li>\n<li><a href=\"https:\/\/news.google.com\/rss\/articles\/CBMiiwFBVV95cUxNcFBWUFl3Zmo3YmtFRTVEZlpDN01ycXpjRDN3QWlHLWFSY25MOERsLV95MTAtM1IwMzdCVXZnUlJCbHR3QmN2eTA5T0syaHFhNEdUdlBJOFhHZkVoRVYwVkxqOEVRa1E1dkR3UlRRSjdwSk45dFVPeDVlYTNWbnhYX25oV1phRl9oSHF3?oc=5\" target=\"_blank\" rel=\"nofollow noopener\">S\u00f8r-Aurdal, Skil\u00f8yper | Skil\u00f8perne kan juble: \u2013 Det er lykke i det<\/a>&nbsp;&nbsp;Avisa Valdres<\/li>\n<li><a href=\"https:\/\/news.google.com\/rss\/articles\/CBMid0FVX3lxTFAxMUtfdzlKdjNPTUxNMThzY2ZQWGlFVEFjUzMyT3ViOHJhUU9qVnJEejhMRWEzRzBFbXhBQVhIc0FDMExWWGtnMXVVNTI5VG5TLU1BX184VWIzSDV5dVdNVVVQY0xjVFZZZnBXSEstYmkxNU1wdExJ?oc=5\" target=\"_blank\" rel=\"nofollow noopener\">Endeleg blei det skif\u00f8re<\/a>&nbsp;&nbsp;fjordabladet.no<\/li>\n<li><a href=\"https:\/\/news.google.com\/rss\/articles\/CBMihAFBVV95cUxNUjMtWHh5eHBZOWpWd3h6dy1SY2twUEtzQ3NqdmhWTmx6TU85OXR3UlU1SmVhNmozRDNfYXhqc3FaWWd4RlV6UEhQdHdGeG92NGdIZ09SeHFZeGhoUGZNY0FhcjdwSzd4Rk9uQ1M3V01sNHJ4R3g0X1F0eGZJN0JvRnNZTzI?oc=5\" target=\"_blank\" rel=\"nofollow noopener\">Nypreparerte l\u00f8yper til helgen<\/a>&nbsp;&nbsp;andalsnes-avis.no<\/li>\n<li><a href=\"https:\/\/news.google.com\/rss\/articles\/CBMiiAFBVV95cUxQNGNWcmtseGdVREFtX01YX3Y4eUFPaHFMem03a21UT01DbklpUHBQM3ZvbUVsMnZsQzE4WGR5NHhfbzRDajZPQ0JKZzVUcW5iRkFwX29EbHpaWGFfa3JhRHRMSDlLbXBLM2tuYlBDRktEYktXQTh2VGg4Z2l3ZmxZYVM0QXRDS0RZ?oc=5\" target=\"_blank\" rel=\"nofollow noopener\">Pr\u00f8ver \u00e5 utvide l\u00f8ypenettet etter sn\u00f8fall: \u2013 Vi f\u00e5r en del sp\u00f8rsm\u00e5l<\/a>&nbsp;&nbsp;opp.no<\/li>\n<\/ol>\n","protected":false},"excerpt":{"rendered":"Skifolket jubler \u2013 her finner du nykj\u00f8rte spor&nbsp;&nbsp;rbnett.no S\u00f8r-Aurdal, Skil\u00f8yper | Skil\u00f8perne kan juble: \u2013 Det er lykke&hellip;\n","protected":false},"author":2,"featured_media":128012,"comment_status":"","ping_status":"","sticky":false,"template":"","format":"standard","meta":{"footnotes":""},"categories":[10],"tags":[20,21,24,25,15,22,23,13,30,28,29,14,16,26,27],"class_list":{"0":"post-128011","1":"post","2":"type-post","3":"status-publish","4":"format-standard","5":"has-post-thumbnail","7":"category-norge","8":"tag-breaking-news","9":"tag-breakingnews","10":"tag-featured-news","11":"tag-featurednews","12":"tag-headlines","13":"tag-latest-news","14":"tag-latestnews","15":"tag-news","16":"tag-no","17":"tag-norge","18":"tag-norway","19":"tag-nyheter","20":"tag-overskrifter","21":"tag-top-stories","22":"tag-topstories"},"share_on_mastodon":{"url":"https:\/\/pubeurope.com\/@no\/115832448910110725","error":""},"_links":{"self":[{"href":"https:\/\/www.europesays.com\/no\/wp-json\/wp\/v2\/posts\/128011","targetHints":{"allow":["GET"]}}],"collection":[{"href":"https:\/\/www.europesays.com\/no\/wp-json\/wp\/v2\/posts"}],"about":[{"href":"https:\/\/www.europesays.com\/no\/wp-json\/wp\/v2\/types\/post"}],"author":[{"embeddable":true,"href":"https:\/\/www.europesays.com\/no\/wp-json\/wp\/v2\/users\/2"}],"replies":[{"embeddable":true,"href":"https:\/\/www.europesays.com\/no\/wp-json\/wp\/v2\/comments?post=128011"}],"version-history":[{"count":0,"href":"https:\/\/www.europesays.com\/no\/wp-json\/wp\/v2\/posts\/128011\/revisions"}],"wp:featuredmedia":[{"embeddable":true,"href":"https:\/\/www.europesays.com\/no\/wp-json\/wp\/v2\/media\/128012"}],"wp:attachment":[{"href":"https:\/\/www.europesays.com\/no\/wp-json\/wp\/v2\/media?parent=128011"}],"wp:term":[{"taxonomy":"category","embeddable":true,"href":"https:\/\/www.europesays.com\/no\/wp-json\/wp\/v2\/categories?post=128011"},{"taxonomy":"post_tag","embeddable":true,"href":"https:\/\/www.europesays.com\/no\/wp-json\/wp\/v2\/tags?post=128011"}],"curies":[{"name":"wp","href":"https:\/\/api.w.org\/{rel}","templated":true}]}}