{"id":128021,"date":"2026-01-03T18:04:13","date_gmt":"2026-01-03T18:04:13","guid":{"rendered":"https:\/\/www.europesays.com\/no\/128021\/"},"modified":"2026-01-03T18:04:13","modified_gmt":"2026-01-03T18:04:13","slug":"tour-de-ski-julie-bjervig-drivenes","status":"publish","type":"post","link":"https:\/\/www.europesays.com\/no\/128021\/","title":{"rendered":"Tour de Ski, Julie Bjervig Drivenes"},"content":{"rendered":"\n<p>   <img decoding=\"async\" width=\"1500\" height=\"440\" fetchpriority=\"low\"  loading=\"lazy\"  src=\"https:\/\/www.europesays.com\/no\/wp-content\/uploads\/2026\/01\/1767463452_369_tour+de+ski+byline+simen+l%C3%B8nning+sjur+tveito.jpg\" alt=\"\" class=\"brick-c-cFOWSL\" style=\"--brick-image-ratio: 1500 \/ 440;\"\/><\/p>\n<p>VAL DI FIEMME\/OSLO (Nettavisen): Ingen av de norske maktet \u00e5 ta seg helt til finalen, som bestod av dobbelt svensk, dobbelt finsk og dobbelt sveitsisk.<\/p>\n<p>Der var det finske Joensuu som stakk av med seieren, foran Faehndrich og Hagstr\u00f8m.<\/p>\n<p>Beste norske ble Julie Drivenes, som r\u00f8k ut i semifinalen, etter en tett duell med italienske Iris De Martin Pinter p\u00e5 oppl\u00f8pet.<\/p>\n<p>\u2013 Det var veldig synd for Drivenes at De Martin Pinter kommer imellom sporet og hindrer henne fra \u00e5 stake fritt p\u00e5 oppl\u00f8pet, sa Viaplays langrennsekspert Niklas Dyrhaug.<\/p>\n<p><b>Les ogs\u00e5: <a href=\"https:\/\/www.nettavisen.no\/sport\/emil-iversen-gir-opp-sprintkarrieren\/s\/5-95-2798919\" rel=\"Follow nofollow noopener\" target=\"_blank\">Iversen gir opp<\/a><\/b><\/p>\n<p>   <img decoding=\"async\" width=\"3628\" height=\"2418\" fetchpriority=\"low\"  loading=\"lazy\"  src=\"https:\/\/www.europesays.com\/no\/wp-content\/uploads\/2026\/01\/NTB_ZG-Salkv9do.jpg\" alt=\"Toblach, Italia 20251231. &#10;Finlands Jasmi Joensuu i m\u00e5l etter 5 km heat fri teknikk  for kvinner i Toblach.&#10;Foto: Terje Pedersen \/ NTB\" class=\"brick-c-cFOWSL\" style=\"--brick-image-ratio: 3628 \/ 2418;\"\/><\/p>\n<p>      SEIRET: Fisnke Jasmi Joensuu.<br \/>\n      Foto: Terje Pedersen (NTB)\n    <\/p>\n<p>  Svarstad reagerer<\/p>\n<p>Det reagerer ogs\u00e5 landslagstrener Sjur Ole Svarstad p\u00e5.<\/p>\n<p>\u2013 Vi m\u00e5 trekke frem at Julie g\u00e5r en veldig bra sprint. Det er egentlig en vimsete italiener som \u00f8delegger muligheten, sier Svarstad til Nettavisen.<\/p>\n<p>Selv satt Drivenes igjen med blandede f\u00f8lelser.<\/p>\n<p>\u2013 Jeg er b\u00e5de forn\u00f8yd og irritert, sier Drivenes til Nettavisen.<\/p>\n<p>Hun f\u00f8ler at hun f\u00f8lte seg piggere og piggere utover dagen, og at hun kjente at hun hadde finale-niv\u00e5 inne.<\/p>\n<p>Den nevnte italieneren f\u00f8rte imidlertid til at det stoppet opp p\u00e5 oppl\u00f8pet for den norske l\u00f8peren.<\/p>\n<p>\u2013 Det kom en italiener i kamikaze mellom sporene der, og da ville jeg ikke knekke noen staver, s\u00e5 da turte jeg ikke stake noe. Da forsvinner jeg bakover i feltet dessverre, forteller Drivenes.<\/p>\n<p><b>Les ogs\u00e5: <a rel=\"Follow nofollow noopener\" href=\"https:\/\/www.nettavisen.no\/sport\/program-for-tour-de-ski-2025-2026\/s\/5-95-2798023\" target=\"_blank\">Program for Tour de ski 2025\/26<\/a><\/b><\/p>\n<p>   <img decoding=\"async\" width=\"5876\" height=\"3918\" fetchpriority=\"low\"  loading=\"lazy\"  src=\"https:\/\/www.europesays.com\/no\/wp-content\/uploads\/2026\/01\/drivenes+ntb.jpg\" alt=\"Toblach, Italia 20260103. &#10;Julie Bjervig Drivenes under klassisk sprint finaler under Tour de ski i Val di Fiemme.&#10;Foto: Terje Pedersen \/ NTB\" class=\"brick-c-cFOWSL\" style=\"--brick-image-ratio: 5876 \/ 3918;\"\/><\/p>\n<p>      BEST AV DE NORSKE: Julie Bjervig Drivenes.<br \/>\n      Foto: Terje Pedersen\n    <\/p>\n<p>  Skistad stilte ikke<\/p>\n<p>Eva Ingebrigtsen, Nora Sanness og Karoline Simpson-Larsen r\u00f8k alle ut i prologen.<\/p>\n<p>En av \u00e5rsakene til at ingen norske ut\u00f8vere var \u00e5 se p\u00e5 startstreken i finalen, kan ha v\u00e6rt nyheten som kom l\u00f8rdag morgen. Det st\u00f8rste norske sprinth\u00e5pet, Kristine Stav\u00e5s Skistad, m\u00e5tte reise hjem fra touren p\u00e5 grunn av sykdom.<\/p>\n<p>L\u00f8ypa som ble brukt i l\u00f8rdagens finale er ogs\u00e5 l\u00f8ypa som skal bli brukt under OL som starter i februar.<\/p>\n<p>Den beste norske kvinnen i \u00e5rets versjon av Tour de Ski, Heidi Weng, r\u00f8k ut i kvartfinalen.<\/p>\n<p>Touren avsluttes tradisjon tro med fellesstart opp monsterbakken s\u00f8ndag.<\/p>\n","protected":false},"excerpt":{"rendered":"VAL DI FIEMME\/OSLO (Nettavisen): Ingen av de norske maktet \u00e5 ta seg helt til finalen, som bestod av&hellip;\n","protected":false},"author":2,"featured_media":128022,"comment_status":"","ping_status":"","sticky":false,"template":"","format":"standard","meta":{"footnotes":""},"categories":[59],"tags":[30,28,29,83,82],"class_list":{"0":"post-128021","1":"post","2":"type-post","3":"status-publish","4":"format-standard","5":"has-post-thumbnail","7":"category-sport","8":"tag-no","9":"tag-norge","10":"tag-norway","11":"tag-sport","12":"tag-sports"},"share_on_mastodon":{"url":"https:\/\/pubeurope.com\/@no\/115832492047470211","error":""},"_links":{"self":[{"href":"https:\/\/www.europesays.com\/no\/wp-json\/wp\/v2\/posts\/128021","targetHints":{"allow":["GET"]}}],"collection":[{"href":"https:\/\/www.europesays.com\/no\/wp-json\/wp\/v2\/posts"}],"about":[{"href":"https:\/\/www.europesays.com\/no\/wp-json\/wp\/v2\/types\/post"}],"author":[{"embeddable":true,"href":"https:\/\/www.europesays.com\/no\/wp-json\/wp\/v2\/users\/2"}],"replies":[{"embeddable":true,"href":"https:\/\/www.europesays.com\/no\/wp-json\/wp\/v2\/comments?post=128021"}],"version-history":[{"count":0,"href":"https:\/\/www.europesays.com\/no\/wp-json\/wp\/v2\/posts\/128021\/revisions"}],"wp:featuredmedia":[{"embeddable":true,"href":"https:\/\/www.europesays.com\/no\/wp-json\/wp\/v2\/media\/128022"}],"wp:attachment":[{"href":"https:\/\/www.europesays.com\/no\/wp-json\/wp\/v2\/media?parent=128021"}],"wp:term":[{"taxonomy":"category","embeddable":true,"href":"https:\/\/www.europesays.com\/no\/wp-json\/wp\/v2\/categories?post=128021"},{"taxonomy":"post_tag","embeddable":true,"href":"https:\/\/www.europesays.com\/no\/wp-json\/wp\/v2\/tags?post=128021"}],"curies":[{"name":"wp","href":"https:\/\/api.w.org\/{rel}","templated":true}]}}