{"id":128023,"date":"2026-01-03T18:10:11","date_gmt":"2026-01-03T18:10:11","guid":{"rendered":"https:\/\/www.europesays.com\/no\/128023\/"},"modified":"2026-01-03T18:10:11","modified_gmt":"2026-01-03T18:10:11","slug":"nyttarsjubel-ved-sorlandet-sykehus-flekkefjord-arets-forste-baby-ble-en-liten-gutt-avisen-agder","status":"publish","type":"post","link":"https:\/\/www.europesays.com\/no\/128023\/","title":{"rendered":"Nytt\u00e5rsjubel ved S\u00f8rlandet sykehus Flekkefjord: \u00c5rets f\u00f8rste baby ble en liten gutt! &#8211; Avisen Agder"},"content":{"rendered":"<ol>\n<li><a href=\"https:\/\/news.google.com\/rss\/articles\/CBMiwgFBVV95cUxQNjBrMGRFaHVEeERFWkg5MEhYVGhEWm5Vb3dXYXZwa1ViLVNESVZMYlVYR2ZsTEtHWVhFQWRxREkySXktVmFTM2ttZDZvWUVOcW91ZER2OGJwRVp0UlJOT0FvOFRzVllEX0RWTEU0UkNsQkJCaHZBV2NmaXNxWS1zUTJGSHBibmtjSFhlZEVBc0QzbnRoMkxRLUZDRTNFNG52UWxHSnM3bE01enJXSkVXSVVyVG0zM2VqTVdEdC1TempkZw?oc=5\" target=\"_blank\" rel=\"nofollow noopener\">Nytt\u00e5rsjubel ved S\u00f8rlandet sykehus Flekkefjord: \u00c5rets f\u00f8rste baby ble en liten gutt!<\/a>&nbsp;&nbsp;Avisen Agder<\/li>\n<li><a href=\"https:\/\/news.google.com\/rss\/articles\/CBMingFBVV95cUxOYWItRmowd2lkNlRYN0M1TDg0TGlUckdwTndCaklDNXp6Q25LcDJDZG44bWJGR2gyQXZxamtqX1dJTENBekZMLW41N01aTk1nUlh1MWxiaTdDVE5HOC1pREFGZTYxU2xrR3k3TUJkaElRMlY2VExlUW5CaTd5MHlsOEpPRVQ3UnVyb1NFX2xGdEh2czRqV1ZLVmlsRXpSUQ?oc=5\" target=\"_blank\" rel=\"nofollow noopener\">Nyheter, MittL\u00f8renskog | Sana (29) l\u00e5 p\u00e5 f\u00f8destua da det smalt utenfor: \u2013 Vi er veldig heldige<\/a>&nbsp;&nbsp;Romerikes Blad<\/li>\n<li><a href=\"https:\/\/news.google.com\/rss\/articles\/CBMif0FVX3lxTFBfdFlqWHlCalU1NklFRWZ5QS1uTDRqNnBEaWVGRlFtRWpFWmVrY3hFY2k0Y3JhcHJwUmRXNUJRQjd5dElGME5Mb19uSDhSQjhEY2hPd0Z4X09naGJQUGw4cS11VFMySzVNbEZrcW9ZenphOE0ydkxuUG9rbVJuY1k?oc=5\" target=\"_blank\" rel=\"nofollow noopener\">\u00abBaby Lansing\u00bb ble f\u00f8rst p\u00e5 Hjelset<\/a>&nbsp;&nbsp;rbnett.no<\/li>\n<li><a href=\"https:\/\/news.google.com\/rss\/articles\/CBMiqAFBVV95cUxOZEpOalZOUk1pcmk1clc5Ymh6SGtLT2d0WGJBTFpVWFBUeEtEUkM1RzNEazBodnNrWlVYWHBmdEpTQlpqY1hqQTJvd3ZVQ2JBSEY3aHp4RURrcEpiVjYtQWI0cERMMjBCWk5xWW9GYTRQeXREeXlCQ0lEQmhZdm1UMFRnNTVUTXV1MkNEaWF0Zkxpamt4M043bVZ0bGpyZlo3NUE0MEVoRms?oc=5\" target=\"_blank\" rel=\"nofollow noopener\">Sykehuset i Vestfold | Philias ble \u00e5rets nytt\u00e5rsbaby i Vestfold: \u2013 Hjertene v\u00e5re sprekker av glede<\/a>&nbsp;&nbsp;T\u00f8nsbergs Blad<\/li>\n<li><a href=\"https:\/\/news.google.com\/rss\/articles\/CBMif0FVX3lxTE1NM0ZISlpkQlZkcW1WU1h5R3ZzQU80d1V6OTI5VFpNajZtT3J2dFlFMndULWlScHlRSmJMd3cxc3hJNjdHN193WkRram9ObUJFNGlZNGE0bURPNklnLTV6UUtLRlVuczR4Z3V4cjl1dU5YODZJc3MxWlU1T1BBc2s?oc=5\" target=\"_blank\" rel=\"nofollow noopener\">F\u00f8dsel, Haugesund | Hun ble \u00e5rets nytt\u00e5rsbarn i Haugesund<\/a>&nbsp;&nbsp;Haugesunds Avis<\/li>\n<\/ol>\n","protected":false},"excerpt":{"rendered":"Nytt\u00e5rsjubel ved S\u00f8rlandet sykehus Flekkefjord: \u00c5rets f\u00f8rste baby ble en liten gutt!&nbsp;&nbsp;Avisen Agder Nyheter, MittL\u00f8renskog | Sana (29)&hellip;\n","protected":false},"author":2,"featured_media":128024,"comment_status":"","ping_status":"","sticky":false,"template":"","format":"standard","meta":{"footnotes":""},"categories":[10],"tags":[20,21,24,25,15,22,23,13,30,28,29,14,16,26,27],"class_list":{"0":"post-128023","1":"post","2":"type-post","3":"status-publish","4":"format-standard","5":"has-post-thumbnail","7":"category-norge","8":"tag-breaking-news","9":"tag-breakingnews","10":"tag-featured-news","11":"tag-featurednews","12":"tag-headlines","13":"tag-latest-news","14":"tag-latestnews","15":"tag-news","16":"tag-no","17":"tag-norge","18":"tag-norway","19":"tag-nyheter","20":"tag-overskrifter","21":"tag-top-stories","22":"tag-topstories"},"share_on_mastodon":{"url":"https:\/\/pubeurope.com\/@no\/115832515774549261","error":""},"_links":{"self":[{"href":"https:\/\/www.europesays.com\/no\/wp-json\/wp\/v2\/posts\/128023","targetHints":{"allow":["GET"]}}],"collection":[{"href":"https:\/\/www.europesays.com\/no\/wp-json\/wp\/v2\/posts"}],"about":[{"href":"https:\/\/www.europesays.com\/no\/wp-json\/wp\/v2\/types\/post"}],"author":[{"embeddable":true,"href":"https:\/\/www.europesays.com\/no\/wp-json\/wp\/v2\/users\/2"}],"replies":[{"embeddable":true,"href":"https:\/\/www.europesays.com\/no\/wp-json\/wp\/v2\/comments?post=128023"}],"version-history":[{"count":0,"href":"https:\/\/www.europesays.com\/no\/wp-json\/wp\/v2\/posts\/128023\/revisions"}],"wp:featuredmedia":[{"embeddable":true,"href":"https:\/\/www.europesays.com\/no\/wp-json\/wp\/v2\/media\/128024"}],"wp:attachment":[{"href":"https:\/\/www.europesays.com\/no\/wp-json\/wp\/v2\/media?parent=128023"}],"wp:term":[{"taxonomy":"category","embeddable":true,"href":"https:\/\/www.europesays.com\/no\/wp-json\/wp\/v2\/categories?post=128023"},{"taxonomy":"post_tag","embeddable":true,"href":"https:\/\/www.europesays.com\/no\/wp-json\/wp\/v2\/tags?post=128023"}],"curies":[{"name":"wp","href":"https:\/\/api.w.org\/{rel}","templated":true}]}}