{"id":128025,"date":"2026-01-03T18:11:15","date_gmt":"2026-01-03T18:11:15","guid":{"rendered":"https:\/\/www.europesays.com\/no\/128025\/"},"modified":"2026-01-03T18:11:15","modified_gmt":"2026-01-03T18:11:15","slug":"knutsen-bekrefter-har-signert-ny-glimt-kontrakt-2","status":"publish","type":"post","link":"https:\/\/www.europesays.com\/no\/128025\/","title":{"rendered":"Knutsen bekrefter: Har signert ny Glimt-kontrakt"},"content":{"rendered":"\n<p class=\"_lead_o9xde_2 _lead_xtcu6_50 layout-component text-serif-m layout-normal text-serif-l layout-component layout-wide layout-padded _wide_17hqh_1 layout-padded\">Kjetil Knutsen (57) blir i Bod\u00f8\/Glimt. Han har undertegnet en ny avtale med \u00e5rets s\u00f8lvvinner i Eliteserien.<\/p>\n<p><img alt=\"Bod\u00f8\/Glimts trener Kjetil Knutsen har signert ny kontrakt.  Foto: Mats Torbergsen \/ NTB\" class=\"_image_qp4xg_65 layout-component layout-wide\" data-fullscreen- data-track-element-type=\"Article image fullscreen\" data-track-name=\"ImageFullscreen\" fetchpriority=\"high\" decoding=\"sync\" loading=\"eager\" height=\"1422\" itemprop=\"image\"  src=\"https:\/\/www.europesays.com\/no\/wp-content\/uploads\/2026\/01\/1767463874_87_b9f83112-7f9d-4add-b9af-3c826202fde6.png\"  style=\"object-position:0% 0%\" width=\"2133\"\/>Bod\u00f8\/Glimts trener Kjetil Knutsen har signert ny kontrakt.  Foto: Mats Torbergsen \/ NTB<\/p>\n<ul aria-hidden=\"true\" class=\"_images_ntbth_112\">\n<li><a class=\"_link_ntbth_117\" href=\"https:\/\/www.vg.no\/forfatter\/eirik-bjertnes-solbakken\" style=\"z-index:2\" title=\"Eirik Bjertnes Solbakken\" rel=\"nofollow noopener\" target=\"_blank\"><img alt=\"Bilde av Eirik Bjertnes Solbakken\" class=\"_image_ntbth_93\" fetchpriority=\"low\" loading=\"lazy\" decoding=\"async\" itemprop=\"image\"  src=\"https:\/\/www.europesays.com\/no\/wp-content\/uploads\/2026\/01\/6694093c-945d-44cb-b991-737f98a50431.jpeg\"  width=\"480\"\/><\/a><\/li>\n<li><a class=\"_link_ntbth_117\" href=\"https:\/\/www.vg.no\/forfatter\/ntb\" style=\"z-index:1\" title=\"NTB\" rel=\"nofollow noopener\" target=\"_blank\"><img alt=\"Bilde av NTB\" class=\"_image_ntbth_93\" fetchpriority=\"low\" loading=\"lazy\" decoding=\"async\" itemprop=\"image\"  src=\"https:\/\/www.europesays.com\/no\/wp-content\/uploads\/2026\/01\/1767463875_60_c33980b0-5d07-4027-84a1-813f90a7c8d6.png\"  width=\"480\"\/><\/a><\/li>\n<\/ul>\n<p> Oppdatert l\u00f8rdag 3. januar kl. 16:48    <\/p>\n<ul class=\"_list_o9xde_3 _list_64s2r_85 _unordered_o9xde_106 text-sans-m\">\n<li class=\"_item_o9xde_30\">Kjetil Knutsen har forlenget kontrakten med Bod\u00f8\/Glimt til 2029.<\/li>\n<li class=\"_item_o9xde_30\">Knutsen har v\u00e6rt klubbens trener siden 2017 og har f\u00f8rt laget til flere suksessrike sesonger.<\/li>\n<li class=\"_item_o9xde_30\">Forrige sesong endte med s\u00f8lv i Eliteserien bak Viking.<\/li>\n<li class=\"_item_o9xde_30\">Ny stadion var en forutsetning for kontraktsforlengelsen.<\/li>\n<\/ul>\n<p>Vis mer <\/p>\n<p class=\"_paragraph_o9xde_4 _paragraph_xtcu6_10 layout-component text-serif-m layout-normal text-serif-m layout-padded\"> Det bekrefter Knutsen selv overfor <a href=\"https:\/\/www.an.no\/na-har-knutsen-signert-kontrakten-og-den-er-lang\/s\/5-4-2303820\" class=\"_link_o9xde_39\" rel=\"nofollow noopener\" target=\"_blank\">Avisa Nordland.<\/a><\/p>\n<p class=\"_paragraph_o9xde_4 _paragraph_xtcu6_10 layout-component text-serif-m layout-normal text-serif-m layout-padded\">\u2013 Kontrakten er signert, og det er en lang avtale, sier han.<\/p>\n<p class=\"_paragraph_o9xde_4 _paragraph_xtcu6_10 layout-component text-serif-m layout-normal text-serif-m layout-padded\">Kontrakten strekker seg ut 2029.<\/p>\n<p class=\"_paragraph_o9xde_4 _paragraph_xtcu6_10 layout-component text-serif-m layout-normal text-serif-m layout-padded\">Kort tid etter bekreftet ogs\u00e5 klubben det p\u00e5 <a href=\"http:\/\/glimt.no\/nyheter\/kjetil-knutsen-forlenger-med-bodo-glimt--den-er-signert\" class=\"_link_o9xde_39\" rel=\"nofollow noopener\" target=\"_blank\">egne nettsider<\/a>.<\/p>\n<p class=\"_paragraph_o9xde_4 _paragraph_xtcu6_10 layout-component text-serif-m layout-normal text-serif-m layout-padded\">\u2013 Om det blir ett eller ti \u00e5r vet jeg ikke. N\u00e5 er det noe midt imellom. Det var noe klubben \u00f8nsket, og jeg hadde ikke problem med det, sier Knutsen.<\/p>\n<p class=\"_paragraph_o9xde_4 _paragraph_xtcu6_10 layout-component text-serif-m layout-normal text-serif-m layout-padded\">Hovedpersonen stiller sp\u00f8rsm\u00e5l ved hvorfor nyheten oppleves som overraskende.<\/p>\n<p class=\"_paragraph_o9xde_4 _paragraph_xtcu6_10 layout-component text-serif-m layout-normal text-serif-m layout-padded\">\u2013 For meg er det helt uforst\u00e5elig at folk kan lure p\u00e5 det. Jeg trodde at jeg hadde mer tyngde i ordene mine enn det, sier Knutsen, og tenker p\u00e5 at han tidligere har meldt ganske tydelig at Glimt og han var enige om en ny kontrakt.<\/p>\n<p class=\"_paragraph_o9xde_4 _paragraph_xtcu6_10 layout-component text-serif-m layout-normal text-serif-m layout-padded\">Dermed g\u00e5r bergenseren snart l\u00f8s p\u00e5 sin niende sesong som Glimt-sjef. Knutsen tok over laget etter opprykket til Eliteserien i 2017 og har v\u00e6rt med p\u00e5 \u00e5 bygge en seiersmaskin av gultr\u00f8yene.<\/p>\n<p>Sl\u00e5tt av Viking<\/p>\n<p class=\"_paragraph_o9xde_4 _paragraph_xtcu6_10 layout-component text-serif-m layout-normal text-serif-m layout-padded\">Glimt har vunnet Eliteserien fire ganger siden den tid, tatt to series\u00f8lv og spilt to cupfinaler. Denne h\u00f8sten er laget inne i Champions League for f\u00f8rste gang.<\/p>\n<p class=\"_paragraph_o9xde_4 _paragraph_xtcu6_10 layout-component text-serif-m layout-normal text-serif-m layout-padded\">2025-sesongen i Eliteserien endte med s\u00f8lv bak Viking til tross for 70 poeng og serieavslutning med 5-0-seier over Fredrikstad. Etter kampen antydet Knutsen at han kom til \u00e5 bli v\u00e6rende i klubben.<\/p>\n<p class=\"_paragraph_o9xde_4 _paragraph_xtcu6_10 layout-component text-serif-m layout-normal text-serif-m layout-padded\">\u2013 Jeg synes vi har gjort mye bra, og s\u00e5 har vi virkelig lyst til \u00e5 bli bedre og utvikle dette videre. Da m\u00e5 vi v\u00e6re enda r\u00e5ere i morgen, i overmorgen og det som kommer i 2026, sa Knutsen til TV 2.<\/p>\n<p>F\u00e5r ny stadion<\/p>\n<p class=\"_paragraph_o9xde_4 _paragraph_xtcu6_10 layout-component text-serif-m layout-normal text-serif-m layout-padded\">Knutsen hadde i utgangspunktet kontrakt bare ut \u00e5rets sesong. Han har ventet lenge med \u00e5 ta avgj\u00f8relsen om \u00e5 forlenge.<\/p>\n<p class=\"_paragraph_o9xde_4 _paragraph_xtcu6_10 layout-component text-serif-m layout-normal text-serif-m layout-padded\">Tidligere i \u00e5r la han press p\u00e5 n\u00e6ringslivet i Bod\u00f8 ved \u00e5 antyde at han ikke ville forlenge kontrakten f\u00f8r planene om en ny stadion ble bekreftet.<\/p>\n<p class=\"_paragraph_o9xde_4 _paragraph_xtcu6_10 layout-component text-serif-m layout-normal text-serif-m layout-padded\">\u2013 Jeg avventer situasjonen. Jeg er veldig spent p\u00e5 n\u00e6ringslivet i Bod\u00f8, alt rundt det \u00e5 bygge noe inn i framtiden. Da trenger vi et fotballstadion. Det er mitt spenningspunkt akkurat n\u00e5, sa Knutsen til TV 2 i august.<\/p>\n<p class=\"_paragraph_o9xde_4 _paragraph_xtcu6_10 layout-component text-serif-m layout-normal text-serif-m layout-padded\">Treneren har ogs\u00e5 blitt koblet til utenlandske klubber, blant dem franske Strasbourg og skotske Celtic.<\/p>\n","protected":false},"excerpt":{"rendered":"Kjetil Knutsen (57) blir i Bod\u00f8\/Glimt. Han har undertegnet en ny avtale med \u00e5rets s\u00f8lvvinner i Eliteserien. Bod\u00f8\/Glimts&hellip;\n","protected":false},"author":2,"featured_media":127913,"comment_status":"","ping_status":"","sticky":false,"template":"","format":"standard","meta":{"footnotes":""},"categories":[5],"tags":[517,20,21,134,24,25,15,19,3309,22,23,17,18,13,30,28,29,14,16,26,27],"class_list":{"0":"post-128025","1":"post","2":"type-post","3":"status-publish","4":"format-standard","5":"has-post-thumbnail","7":"category-overskrifter","8":"tag-bodo-glimt","9":"tag-breaking-news","10":"tag-breakingnews","11":"tag-eliteserien","12":"tag-featured-news","13":"tag-featurednews","14":"tag-headlines","15":"tag-hovedoppslag","16":"tag-kjetil-knutsen","17":"tag-latest-news","18":"tag-latestnews","19":"tag-main-news","20":"tag-mainnews","21":"tag-news","22":"tag-no","23":"tag-norge","24":"tag-norway","25":"tag-nyheter","26":"tag-overskrifter","27":"tag-top-stories","28":"tag-topstories"},"share_on_mastodon":{"url":"https:\/\/pubeurope.com\/@no\/115832519754463534","error":""},"_links":{"self":[{"href":"https:\/\/www.europesays.com\/no\/wp-json\/wp\/v2\/posts\/128025","targetHints":{"allow":["GET"]}}],"collection":[{"href":"https:\/\/www.europesays.com\/no\/wp-json\/wp\/v2\/posts"}],"about":[{"href":"https:\/\/www.europesays.com\/no\/wp-json\/wp\/v2\/types\/post"}],"author":[{"embeddable":true,"href":"https:\/\/www.europesays.com\/no\/wp-json\/wp\/v2\/users\/2"}],"replies":[{"embeddable":true,"href":"https:\/\/www.europesays.com\/no\/wp-json\/wp\/v2\/comments?post=128025"}],"version-history":[{"count":0,"href":"https:\/\/www.europesays.com\/no\/wp-json\/wp\/v2\/posts\/128025\/revisions"}],"wp:featuredmedia":[{"embeddable":true,"href":"https:\/\/www.europesays.com\/no\/wp-json\/wp\/v2\/media\/127913"}],"wp:attachment":[{"href":"https:\/\/www.europesays.com\/no\/wp-json\/wp\/v2\/media?parent=128025"}],"wp:term":[{"taxonomy":"category","embeddable":true,"href":"https:\/\/www.europesays.com\/no\/wp-json\/wp\/v2\/categories?post=128025"},{"taxonomy":"post_tag","embeddable":true,"href":"https:\/\/www.europesays.com\/no\/wp-json\/wp\/v2\/tags?post=128025"}],"curies":[{"name":"wp","href":"https:\/\/api.w.org\/{rel}","templated":true}]}}