{"id":128026,"date":"2026-01-03T18:12:12","date_gmt":"2026-01-03T18:12:12","guid":{"rendered":"https:\/\/www.europesays.com\/no\/128026\/"},"modified":"2026-01-03T18:12:12","modified_gmt":"2026-01-03T18:12:12","slug":"kritikken-hagler-ikke-likestilling","status":"publish","type":"post","link":"https:\/\/www.europesays.com\/no\/128026\/","title":{"rendered":"Kritikken hagler: &#8211; Ikke likestilling"},"content":{"rendered":"<p>    Kort fortalt<\/p>\n<ul lang=\"nb-NO\">\n<li>Jasmi Joensuu vant sprinten for kvinner, mens Johannes H\u00f8sflot Kl\u00e6bo vant for herrene i Val di Fiemme.<\/li>\n<li>Kritikken hagler mot den lange sprintl\u00f8ypa, som er lik for b\u00e5de kvinner og menn.<\/li>\n<li>Ansgar Evensen og Ingrid Bergene Aabrekk mener l\u00f8ypa er for lang for kvinner.<\/li>\n<li>Fra sesongen 2022\/23 har FIS bestemt at kvinner og menn skal g\u00e5 like distanser i verdenscupen.<\/li>\n<\/ul>\n<p class=\"italic ai-disclaimer\" data-lab-italic=\"italic\">Sammendraget er laget av ChatGPT og godkjent av Dagbladet.<\/p>\n<p>      Vis mer<br \/>\n      Vis mindre<\/p>\n<p class=\"font-weight-normal m-font-weight-normal\" data-lab-font_weight=\"font-weight-normal\">VAL DI FIEMME (Dagbladet): Jasmi Joensuu <a href=\"https:\/\/www.dagbladet.no\/sport\/finsk-seier\/84050757\" rel=\"nofollow noopener\" target=\"_blank\">vant<\/a> sprinten for kvinnene, mens Johannes H\u00f8sflot Kl\u00e6bo gikk til topps <a href=\"https:\/\/www.dagbladet.no\/sport\/snakk-om-a-kle-av-konkurrentene\/84051204\" rel=\"nofollow noopener\" target=\"_blank\">p\u00e5 herresiden.<\/a><\/p>\n<p class=\"font-weight-bold m-font-weight-bold\" data-lab-font_weight=\"font-weight-bold\">Den finske l\u00f8peren vant p\u00e5 tiden 3.45,75 &#8211; en l\u00f8pstid som er betydelig lengre enn det som er vanlig i sprint.<\/p>\n<p>N\u00e5 hagler kritikken mot den lange sprintl\u00f8ypa, og at kvinner og menn g\u00e5r like lange l\u00f8yper i sprint. Sprinten i OL vil ogs\u00e5 arrangeres i Val di Fiemme. Derfor er det mye f\u00f8lelser rundt dette.<\/p>\n<p class=\"font-weight-normal m-font-weight-normal\" data-lab-font_weight=\"font-weight-normal\">Ansgar Evensen ble nummer fire i finalen. Til NRK sa han det var \u00abt\u00e5pelig\u00bb at kvinner og menn skal g\u00e5 lik distanse p\u00e5 \u00f8velsen.\u00a0<\/p>\n<p>        <img loading=\"lazy\" decoding=\"async\" src=\"https:\/\/www.europesays.com\/no\/wp-content\/uploads\/2026\/01\/84051565.webp.webp\" width=\"980\" height=\"559\" title=\"PALLEN: Norges Johannes H\u00f8sflot Kl\u00e6bo tok f\u00f8rsteplass, Franske Jules Chappaz tok andreplass og Sveriges Anton Grahn tok tredjeplass i klassisk sprint finaler under Tour de ski i Val di Fiemme. Foto: Terje Pedersen \/ NTB\" alt=\"\" class=\"\" style=\"--aspect-ratio-image: 1.75; \"\/><\/p>\n<p>\n        PALLEN: Norges Johannes H\u00f8sflot Kl\u00e6bo tok f\u00f8rsteplass, Franske Jules Chappaz tok andreplass og Sveriges Anton Grahn tok tredjeplass i klassisk sprint finaler under Tour de ski i Val di Fiemme. Foto: Terje Pedersen \/ NTB\n    <\/p>\n<p class=\"font-weight-normal m-font-weight-normal\" data-lab-font_weight=\"font-weight-normal\">Til Dagbladet sier han:\u00a0<\/p>\n<p class=\"font-weight-bold m-font-weight-bold\" data-lab-font_weight=\"font-weight-bold\">&#8211; Det er teit at vi skal g\u00e5 lik lengde p\u00e5 l\u00f8ypa p\u00e5 sprint. Da blir det ofte for kort for oss gutta eller for langt for jentene. Jeg tror ikke det er bare gutter som f\u00f8ler for det. Lengde p\u00e5 l\u00f8ype er ikke likestilling, sier Evensen til Dagbladet.\u00a0<\/p>\n<p> &#8211; T\u00e5pelig at det er en l\u00f8ype som tar fire minutter, sa Ingrid Bergene Aabrekk til NRK. <\/p>\n<p>&#8211; Jeg kan skj\u00f8nne sprinterne. Den er litt lang, men jeg er nok feil \u00e5 sp\u00f8rre fordi jeg liker det veldig godt, sier distansel\u00f8per Julie Bjervig Drivenes, som r\u00f8k ut i semifinalen, til Dagbladet.<\/p>\n<p>Inntrykket likevel etter sprintfinalene er at sprintl\u00f8ypa settes mer pris p\u00e5 av herrene enn damene.<\/p>\n<p>Kl\u00e6bo: &#8211; Det man heller b\u00f8r diskutere\t<\/p>\n<p>Johannes H\u00f8sflot Kl\u00e6bo elsket det. L\u00f8ypa passet den overlegne nordmannen veldig bra.<\/p>\n<p> &#8211; Utgangspunktet, fra mitt st\u00e5sted, er at vi herrene for en gangs skyld har riktig tid p\u00e5 en sprint. FIS sitt m\u00e5l er at herrene skal ha sprint p\u00e5 mellom 2.45 og 3.15. I dag er vi p\u00e5 3.16\u20133.17. Det er egentlig \u00abspot on\u00bb.<\/p>\n<p>Kl\u00e6bo stoppet \u00e5 stake de siste meterne p\u00e5 oppl\u00f8pet. S\u00e5 overlegen var han. Han bare gled sakte og rolig f\u00f8rst over m\u00e5lstreken.\u00a0<\/p>\n<p>Tilbake til resonnementet:\u00a0<\/p>\n<p>&#8211; Men det kan ikke alltid v\u00e6re at vi skal g\u00e5 2.20 for at jentene skal g\u00e5 tre minutter. Jeg tenker det er rettferdig at vi f\u00e5r en sprint som er \u00abspot on\u00bb. Da kommer diskusjoner opp om vi skal g\u00e5 like langt, eller om m\u00e5let skal v\u00e6re \u00e5 ha lik konkurransetid. Det er en case. Det er kanskje det man heller b\u00f8r diskutere.<\/p>\n<p>        <img loading=\"lazy\" decoding=\"async\" src=\"https:\/\/www.europesays.com\/no\/wp-content\/uploads\/2026\/01\/84051724.webp.webp\" width=\"980\" height=\"559\" title=\"UTROLIG: Johannes H\u00f8sflot Kl\u00e6bo avgjorde sprinten i Tour de Ski lenge f\u00f8r m\u00e5lgang. Foto: Terje Pedersen \/ NTB\" alt=\"\" class=\"\" style=\"--aspect-ratio-image: 1.75; \"\/><\/p>\n<p>\n        UTROLIG: Johannes H\u00f8sflot Kl\u00e6bo avgjorde sprinten i Tour de Ski lenge f\u00f8r m\u00e5lgang. Foto: Terje Pedersen \/ NTB\n    <\/p>\n<p class=\"italic m-italic\" data-lab-italic=\"italic\">&#8211; Er det likestilling? sp\u00f8r Dagbladet<\/p>\n<p>&#8211; Ikke p\u00e5 tid, men det er likestilling p\u00e5 distanse. S\u00e5 er sp\u00f8rsm\u00e5let: Hva vil jentene, hva vil FIS, hva vil gutta? Det f\u00e5r v\u00e6re opp til andre \u00e5 bestemme. Jeg tenker at lik tid er det jevneste. Det er godt at vi for en gangs skyld har en l\u00f8ype som er litt lengre. S\u00e5 er argumentet at vi sitter ganske lenge i hocke fra toppen og inn. Ja, det er 3.45 for jentene, men de siste 35 sekundene sitter man i hocke. <\/p>\n<p>&#8211; Da blir det parodi igjen\t<\/p>\n<p>Landslagets sprinttrener Arild Monsen liker ogs\u00e5 l\u00f8ypa, men mener den kan bli i lengste laget for kvinnene. Overfor norske journalister viste han til tidligere erfaringer.<\/p>\n<p>        <img loading=\"lazy\" decoding=\"async\" src=\"https:\/\/www.europesays.com\/no\/wp-content\/uploads\/2026\/01\/84051649.webp.webp\" width=\"980\" height=\"559\" title=\"SPRINTTRENER: Arild Monsen. Foto: Terje Pedersen \/ NTB\" alt=\"\" class=\"\" style=\"--aspect-ratio-image: 1.75; \"\/><\/p>\n<p>\n        SPRINTTRENER: Arild Monsen. Foto: Terje Pedersen \/ NTB\n    <\/p>\n<p>&#8211; Hvis du korter inn n\u00e5, da blir det parodi igjen. Da er det ingen som vil g\u00e5 fort. Da blir det Seefeld 2019.<\/p>\n<p>Under VM i Seefeld for seks \u00e5r siden ble sprintl\u00f8ypa et hett diskusjonstema. En lang utforkj\u00f8ring halvveis i l\u00f8ypa gjorde det fordelaktig \u00e5 ligge bak i feltet for \u00e5 f\u00e5 gratis fart ned bakken.<\/p>\n<p>Resultatet ble at ingen \u00f8nsket \u00e5 sette tempo fra start. I stedet ventet l\u00f8perne p\u00e5 toppen.\u00a0<\/p>\n<p>    <a itemprop=\"url\" href=\"https:\/\/www.dagbladet.no\/sport\/det-er-kaos\/84048588\" rel=\"nofollow noopener\" target=\"_blank\"><\/p>\n<p>        <img loading=\"lazy\" decoding=\"async\" src=\"https:\/\/www.europesays.com\/no\/wp-content\/uploads\/2026\/01\/84048973.webp.webp\" width=\"980\" height=\"441\" title=\"- Det er kaos\" alt=\"\" class=\"lazyload\" style=\"--aspect-ratio-image: 2.22; \"\/><\/p>\n<p>        &#8211; Det er kaos<\/p>\n<p>    <\/a><\/p>\n<p>Amundsen: &#8211; N\u00e5 ser man resultatet\t<\/p>\n<p>Harald \u00d8stberg Amundsen sier at l\u00f8ypa er helt optimalt for gutta.\u00a0<\/p>\n<p>&#8211; Det er det man f\u00e5r. Det er vel ingen ut\u00f8vere som har jobbet s\u00e5 hardt for \u00e5 f\u00e5 like distanser for kvinner og menn. N\u00e5 ser man resultatet.\u00a0<\/p>\n<p>Han fortsetter:\u00a0<\/p>\n<p>&#8211; Sprintl\u00f8ypa er helt optimalt for gutta, men noe lang for jentene. Jeg skj\u00f8nner at noen av jentene er frustrerte og f\u00f8ler det er i lengste laget. Men for oss herrene er det endelig en l\u00f8ype som er lenger enn to minutter og 30 sekunder.\u00a0<\/p>\n<p class=\"font-weight-bold m-font-weight-bold\" data-lab-font_weight=\"font-weight-bold\">Fra og med 2022\/23-sesongen vedtok FIS (Det internasjonale skiforbundet) at kvinner og menn skal g\u00e5 helt like distanser i verdenscupen i langrenn.<\/p>\n<p>        LANGRENN: Det er ikke alltid like lett \u00e5 ha kontroll p\u00e5 ski og staver, selv om du er profesjonell. Video: @Fridakarlsson\/Wimt: Frida Karlsson\/NTB, S\u00f8r\u00f8 Olsen\/Dagbladet TV-sporten<\/p>\n<p class=\"font-weight-normal m-font-weight-normal\" data-lab-font_weight=\"font-weight-normal\">Renndirekt\u00f8r i FIS, Michael Lamplot, svarte p\u00e5 deler av kritikken etter rennet.\u00a0<\/p>\n<p class=\"font-weight-normal m-font-weight-normal\" data-lab-font_weight=\"font-weight-normal\">&#8211; Det er en av de lengste sprintene vi har hatt. Samtidig er det veldig vankelig \u00e5 gj\u00f8re endringer s\u00e5 kort tid f\u00f8r OL.\u00a0<\/p>\n<p class=\"font-weight-normal m-font-weight-normal\" data-lab-font_weight=\"font-weight-normal\">Det er 35 dager til \u00e5pningen av OL.<\/p>\n<p>Se p\u00e5 forskjellene!\t<\/p>\n<p>Dagbladet har sett n\u00e6rmere p\u00e5 et utvalg klassiske sprinter denne og tidligere sesonger. I verdenscup\u00e5pningen i Ruka var det Kristine Stav\u00e5s Skistad som gikk til topps.<\/p>\n<p>Tida?<\/p>\n<p>2:53.22.\u00a0<\/p>\n<p>    Klassisk sprint<\/p>\n<p> Ruka<\/p>\n<ul>\n<li class=\"lab-bodytext-line\">Vinnertid kvinner (2:53.22) &#8211; Stav\u00e5s Skistad<\/li>\n<li class=\"lab-bodytext-line\">Vinnertid menn (2:31.54) &#8211; Johannes H\u00f8sflot Kl\u00e6bo<\/li>\n<\/ul>\n<p class=\"font-weight-bold m-font-weight-bold\" data-lab-font_weight=\"font-weight-bold\">Trondheim:<\/p>\n<ul>\n<li class=\"lab-bodytext-line\">Vinnertid kvinner (3:30.97) &#8211; Johanna Hagstr\u00f6m<\/li>\n<li class=\"lab-bodytext-line\">Vinnertid menn (2:59.89) &#8211; Johannes H\u00f8sflot Kl\u00e6bo<\/li>\n<\/ul>\n<p class=\"font-weight-bold m-font-weight-bold\" data-lab-font_weight=\"font-weight-bold\">Val di Fiemme 2025<\/p>\n<ul>\n<li class=\"lab-bodytext-line\">Vinnertid kvinner (2:57.63) Nadine F\u00e4hndrich<\/li>\n<li class=\"lab-bodytext-line\">Vinnertid menn (2:35.45) Johannes H\u00f8sflot Kl\u00e6bo<\/li>\n<\/ul>\n<p class=\"font-weight-bold m-font-weight-bold\" data-lab-font_weight=\"font-weight-bold\">Val di Fiemme 2023<\/p>\n<ul>\n<li class=\"lab-bodytext-line\">Vinnertid kvinner (3:06.04) Lotta Udnes Weng<\/li>\n<li class=\"lab-bodytext-line\">Vinnertid menn (2:43.85) Johannes H\u00f8sflot Kl\u00e6bo <\/li>\n<\/ul>\n<p>      Vis mer<br \/>\n      Vis mindre<\/p>\n<p>Heidi Weng r\u00f8k ut i kvartfinalen, men hadde likevel klare meninger om sprintl\u00f8ypa.<\/p>\n<p>&#8211; L\u00f8ypa er lang, men jeg synes egentlig den er fin. Fin og lang. Det blir spennende om det blir denne l\u00f8ypa i OL eller ikke. De m\u00e5 i hvert fall ikke kutte for damene &#8211; og ikke for gutta. For det er like distanser, det har de sagt, sier Weng til Dagbladet.<\/p>\n<p>Svenske Ebba Andersson kalte l\u00f8ypa \u00abfin\u00bb til Dagbladet.<\/p>\n<p>    Tour de Ski sammenlagt 5 \/ 6 etapper<\/p>\n<p>Herrer:<\/p>\n<p> 1) Johannes H\u00f8sflot Kl\u00e6bo, Norge<\/p>\n<p>2) Lars Heggen, Norge +1:23<\/p>\n<p>3) Mattis Stenshagen, Norge +1:29<\/p>\n<p>4) Harald \u00d8stberg Amundsen, Norge +1:37<\/p>\n<p>5) Federico Pellegrino, Italia +1:40<\/p>\n<p>Kvinner:<\/p>\n<p>1) Jessie Diggins, USA<\/p>\n<p>2) Jasmi Joensuu, Finland +1:19<\/p>\n<p>3) Moa Ilar, Sverige +1:38\u00a0<\/p>\n<p>4) Johanna Matintalo, Finland +1:39<\/p>\n<p>5) Teresa Stadlober, \u00d8sterrike +2:09<\/p>\n<p>6) Julie Bjervig Drivenes, Norge +2:10<\/p>\n<p>      Vis mer<br \/>\n      Vis mindre<\/p>\n","protected":false},"excerpt":{"rendered":"Kort fortalt Jasmi Joensuu vant sprinten for kvinner, mens Johannes H\u00f8sflot Kl\u00e6bo vant for herrene i Val di&hellip;\n","protected":false},"author":2,"featured_media":128027,"comment_status":"","ping_status":"","sticky":false,"template":"","format":"standard","meta":{"footnotes":""},"categories":[59],"tags":[398,30,28,29,83,82,12662],"class_list":{"0":"post-128026","1":"post","2":"type-post","3":"status-publish","4":"format-standard","5":"has-post-thumbnail","7":"category-sport","8":"tag-langrenn","9":"tag-no","10":"tag-norge","11":"tag-norway","12":"tag-sport","13":"tag-sports","14":"tag-tour-de-ski"},"share_on_mastodon":{"url":"https:\/\/pubeurope.com\/@no\/115832523536477558","error":""},"_links":{"self":[{"href":"https:\/\/www.europesays.com\/no\/wp-json\/wp\/v2\/posts\/128026","targetHints":{"allow":["GET"]}}],"collection":[{"href":"https:\/\/www.europesays.com\/no\/wp-json\/wp\/v2\/posts"}],"about":[{"href":"https:\/\/www.europesays.com\/no\/wp-json\/wp\/v2\/types\/post"}],"author":[{"embeddable":true,"href":"https:\/\/www.europesays.com\/no\/wp-json\/wp\/v2\/users\/2"}],"replies":[{"embeddable":true,"href":"https:\/\/www.europesays.com\/no\/wp-json\/wp\/v2\/comments?post=128026"}],"version-history":[{"count":0,"href":"https:\/\/www.europesays.com\/no\/wp-json\/wp\/v2\/posts\/128026\/revisions"}],"wp:featuredmedia":[{"embeddable":true,"href":"https:\/\/www.europesays.com\/no\/wp-json\/wp\/v2\/media\/128027"}],"wp:attachment":[{"href":"https:\/\/www.europesays.com\/no\/wp-json\/wp\/v2\/media?parent=128026"}],"wp:term":[{"taxonomy":"category","embeddable":true,"href":"https:\/\/www.europesays.com\/no\/wp-json\/wp\/v2\/categories?post=128026"},{"taxonomy":"post_tag","embeddable":true,"href":"https:\/\/www.europesays.com\/no\/wp-json\/wp\/v2\/tags?post=128026"}],"curies":[{"name":"wp","href":"https:\/\/api.w.org\/{rel}","templated":true}]}}