{"id":128031,"date":"2026-01-03T18:20:29","date_gmt":"2026-01-03T18:20:29","guid":{"rendered":"https:\/\/www.europesays.com\/no\/128031\/"},"modified":"2026-01-03T18:20:29","modified_gmt":"2026-01-03T18:20:29","slug":"jeg-var-naiv","status":"publish","type":"post","link":"https:\/\/www.europesays.com\/no\/128031\/","title":{"rendered":"&#8211; Jeg var naiv"},"content":{"rendered":"<p class=\"kicker \" style=\"\">Marjorie Taylor Greene:<\/p>\n<p>  Den tidligere Trump-st\u00f8ttespilleren kaller seg selv \u00abnaiv\u00bb for \u00e5 ha tenkt at presidenten var \u00abfolkets mann\u00bb.<\/p>\n<p>\n    NAIV: Marjorie Taylor Greene kaller seg naiv for \u00e5 ha st\u00f8ttet Donald Trump. Foto: Elijah Nouvelage \/ AFP \/ NTB\n  <\/p>\n<p>Marjorie Taylor Greene gir seg som kongressrepresentant tidlig i 2026. I\u00a0sine siste dager i Kongressen g\u00e5r hun hardt ut mot Donald Trump.\u00a0<\/p>\n<p>I et oppsiktsvekkende intervju med <a href=\"https:\/\/www.nytimes.com\/2025\/12\/29\/magazine\/marjorie-taylor-greene-trump-maga-split.html\" target=\"_blank\" style=\"font-size: var(--font-size-body); font-family: var(--font-family-body);\" rel=\"nofollow noopener\">New York Times<\/a> tar hun et personlig oppgj\u00f8r med presidenten, som hun en gang var blant de mest lojale st\u00f8ttespillerne til.<\/p>\n<p>&#8211; Jeg var naiv, sier Greene til\u00a0New York Times og fortsetter:<\/p>\n<p>&#8211; Jeg var s\u00e5 ny i politikken at det var lett \u00e5 tro p\u00e5 Donald Trump.<\/p>\n<p>    <a itemprop=\"url\" href=\"https:\/\/www.dagbladet.no\/nyheter\/avlyser-i-protest\/84042888\" rel=\"nofollow noopener\" target=\"_blank\"><\/p>\n<p>        <img loading=\"lazy\" decoding=\"async\" src=\"https:\/\/www.europesays.com\/no\/wp-content\/uploads\/2026\/01\/84042909.webp.webp\" width=\"980\" height=\"441\" title=\"Avlyser i protest\" alt=\"\" class=\"lazyload\" style=\"--aspect-ratio-image: 2.22; \"\/><\/p>\n<p>        Avlyser i protest<\/p>\n<p>    <\/a><\/p>\n<p>Greene, som representerer delstaten Georgia, kunngjorde tidligere i \u00e5r at hun <a href=\"https:\/\/www.nytimes.com\/2025\/12\/29\/magazine\/marjorie-taylor-greene-trump-maga-split.html\" target=\"_blank\" rel=\"nofollow noopener\">forlater Kongressen 5. januar.<\/a> Avgangen skjer etter m\u00e5neder med <a href=\"https:\/\/www.dagbladet.no\/nyheter\/har-mistet-retningen\/83834610\" target=\"_blank\" rel=\"nofollow noopener\">\u00e5pen konflikt med Trump<\/a> og \u00f8kende frustrasjon over det republikansk-ledede Representantenes hus.\u00a0<\/p>\n<p class=\"font-weight-bold m-font-weight-bold\" data-lab-font_weight=\"font-weight-bold\">Beslutningen vil samtidig <a href=\"https:\/\/www.dagbladet.no\/nyheter\/gjenvalgt\/82463459\" target=\"_blank\" rel=\"nofollow noopener\">svekke flertallet til speaker Mike Johnson ytterligere.<\/a><\/p>\n<p>Pekte p\u00e5 \u00abm\u00f8rke sider\u00bb\t<\/p>\n<p>If\u00f8lge Greene startet bruddet tidlig i Trumps andre presidentperiode. Hun beskriver hvordan hun gradvis fikk et mer kritisk syn p\u00e5 presidentens personlighet og prioriteringer, og peker s\u00e6rlig p\u00e5 det hun omtaler som mangel p\u00e5 empati, skriver <a href=\"https:\/\/www.independent.co.uk\/news\/world\/americas\/us-politics\/marjorie-taylor-greene-trump-maga-b2892390.html\" target=\"_blank\" rel=\"nofollow noopener\">The Independent.<\/a><\/p>\n<p>        I USA: Like f\u00f8r m\u00f8tet mellom Israels statsminister Benyamin Netanyahu og USAs president Donald Trump skulle begynne, ble en samtale fanget p\u00e5 mikrofon. Video: AP. Reporter: Anabelle Bruun\/Dagbladet TV<\/p>\n<p>Et vendepunkt skal ha kommet under <a href=\"https:\/\/www.dagbladet.no\/nyheter\/nettet-koker\/83625494\" target=\"_blank\" rel=\"nofollow noopener\">begravelsen til Charlie Kirk<\/a>\u00a0der Trump angivelig h\u00e5nte budskapet om \u00e5 legge hat til side i politikken.<\/p>\n<p>&#8211; Det var noe av det verste jeg har h\u00f8rt ham si, hevder Greene. Det avsl\u00f8rte hvor hjertet hans er, sa hun til New York Times.\u00a0<\/p>\n<p>Hun reagerte ogs\u00e5 sterkt p\u00e5 det hun beskriver som Trumps kj\u00f8lige respons etter at hun mottok en trussel rettet mot s\u00f8nnen sin.\u00a0<\/p>\n<p>If\u00f8lge Greene skal presidenten ha antydet at hun selv m\u00e5tte ta skylden for situasjonen etter \u00e5 ha vendt seg mot ham.<\/p>\n<p>    <a itemprop=\"url\" href=\"https:\/\/www.dagbladet.no\/kjendis\/prover-a-beskytte-seg-selv\/84040482\" rel=\"nofollow noopener\" target=\"_blank\"><\/p>\n<p>        <img loading=\"lazy\" decoding=\"async\" src=\"https:\/\/www.europesays.com\/no\/wp-content\/uploads\/2026\/01\/84041495.webp.webp\" width=\"980\" height=\"441\" title=\"- Pr\u00f8ver \u00e5 beskytte seg selv\" alt=\"\" class=\"lazyload\" style=\"--aspect-ratio-image: 2.22; \"\/><\/p>\n<p>        &#8211; Pr\u00f8ver \u00e5 beskytte seg selv<\/p>\n<p>    <\/a><\/p>\n<p>Kritiserer MAGA-kulturen\t<\/p>\n<p>Greene har de siste m\u00e5nedene rettet stadig skarpere kritikk mot det hun kaller \u00abtrumpismen\u00bb og kulturen rundt MAGA-bevegelsen.\u00a0<\/p>\n<p>Overfor\u00a0New York Times\u00a0sier hun at hun har blitt stadig mer ukomfortabel med milj\u00f8et rundt Mar-a-lago\u00a0og det offentlige uttrykket bevegelsen har f\u00e5tt, if\u00f8lge The Independent.<\/p>\n<p>&#8211; Jeg har aldri likt hvordan dette milj\u00f8et framstiller kvinner, sier hun, og viser til at hun selv er mor til to d\u00f8tre, sier hun.<\/p>\n<p>Samtidig erkjenner Greene at hun selv har bidratt til \u00e5 forsterke et giftig politisk klima i USA.<\/p>\n<p>&#8211; Vi har blitt l\u00e6rt opp til aldri \u00e5 be om unnskyldning og aldri innr\u00f8mme feil, sier hun.\u00a0<\/p>\n<p>&#8211; Som kristen kan jeg ikke st\u00e5 inne for det lenger.<\/p>\n<p>        DELER VIDEO: Tirsdag 30. desember publiserte b\u00e5de det russiske og belarusiske forsvarsdepartementet en video som viser det som skal v\u00e6re Oreshnik-missiler, idet de blir fraktet til en ukjent lokasjon i Belarus. Video: Telegram \/ Det russiske forsvarsdepartementet. Reporter: Christian T. Castberg.<\/p>\n<p>Politisk isolert\t<\/p>\n<p>Greene har ogs\u00e5 g\u00e5tt imot Trump i flere politiske sp\u00f8rsm\u00e5l, blant annet n\u00e5r det gjelder utenrikspolitikk og offentlig pengebruk. Hun har kritisert presidentens m\u00f8ter med utenlandske ledere og ment at han prioriterer globale sp\u00f8rsm\u00e5l fremfor amerikaneres \u00f8konomiske hverdag.<\/p>\n<p>    <a itemprop=\"url\" href=\"https:\/\/www.dagbladet.no\/nyheter\/aldri-sett-noe-liknende\/84042474\" rel=\"nofollow noopener\" target=\"_blank\"><\/p>\n<p>        <img loading=\"lazy\" decoding=\"async\" src=\"https:\/\/www.europesays.com\/no\/wp-content\/uploads\/2026\/01\/84042483.webp.webp\" width=\"980\" height=\"441\" title=\"- Aldri sett noe liknende\" alt=\"\" class=\"lazyload\" style=\"--aspect-ratio-image: 2.22; \"\/><\/p>\n<p>        &#8211; Aldri sett noe liknende<\/p>\n<p>    <\/a><\/p>\n<p>Trump p\u00e5 sin side har sl\u00e5tt hardt tilbake. Presidenten har omtalt Greene som <a href=\"https:\/\/www.dagbladet.no\/nyheter\/slar-tilbake-mot-trump-helt-sjokkerende\/83856343\" target=\"_blank\" rel=\"nofollow noopener\">\u00abforr\u00e6der\u00bb<\/a> og skal if\u00f8lge amerikanske medier ha vurdert \u00e5 st\u00f8tte en prim\u00e6rutfordrer mot henne f\u00f8r hun besluttet \u00e5 trekke seg.<\/p>\n<p>Konflikten mellom de to markerer et dramatisk fall for en politiker som i flere \u00e5r var blant Trumps mest h\u00f8ylytte forsvarere i Kongressen &#8211; og illustrerer samtidig de dype sprekkene som preger Det republikanske partiet inn mot neste valgsyklus, skriver The Independent.<\/p>\n","protected":false},"excerpt":{"rendered":"Marjorie Taylor Greene: Den tidligere Trump-st\u00f8ttespilleren kaller seg selv \u00abnaiv\u00bb for \u00e5 ha tenkt at presidenten var \u00abfolkets&hellip;\n","protected":false},"author":2,"featured_media":128032,"comment_status":"","ping_status":"","sticky":false,"template":"","format":"standard","meta":{"footnotes":""},"categories":[5],"tags":[20,21,55,24,25,15,19,22,23,17,18,10114,13,30,28,29,14,16,26,27,766,50,412],"class_list":{"0":"post-128031","1":"post","2":"type-post","3":"status-publish","4":"format-standard","5":"has-post-thumbnail","7":"category-overskrifter","8":"tag-breaking-news","9":"tag-breakingnews","10":"tag-donald-trump","11":"tag-featured-news","12":"tag-featurednews","13":"tag-headlines","14":"tag-hovedoppslag","15":"tag-latest-news","16":"tag-latestnews","17":"tag-main-news","18":"tag-mainnews","19":"tag-marjorie-taylor-greene","20":"tag-news","21":"tag-no","22":"tag-norge","23":"tag-norway","24":"tag-nyheter","25":"tag-overskrifter","26":"tag-top-stories","27":"tag-topstories","28":"tag-trump","29":"tag-usa","30":"tag-utenriks"},"share_on_mastodon":{"url":"https:\/\/pubeurope.com\/@no\/115832555064030037","error":""},"_links":{"self":[{"href":"https:\/\/www.europesays.com\/no\/wp-json\/wp\/v2\/posts\/128031","targetHints":{"allow":["GET"]}}],"collection":[{"href":"https:\/\/www.europesays.com\/no\/wp-json\/wp\/v2\/posts"}],"about":[{"href":"https:\/\/www.europesays.com\/no\/wp-json\/wp\/v2\/types\/post"}],"author":[{"embeddable":true,"href":"https:\/\/www.europesays.com\/no\/wp-json\/wp\/v2\/users\/2"}],"replies":[{"embeddable":true,"href":"https:\/\/www.europesays.com\/no\/wp-json\/wp\/v2\/comments?post=128031"}],"version-history":[{"count":0,"href":"https:\/\/www.europesays.com\/no\/wp-json\/wp\/v2\/posts\/128031\/revisions"}],"wp:featuredmedia":[{"embeddable":true,"href":"https:\/\/www.europesays.com\/no\/wp-json\/wp\/v2\/media\/128032"}],"wp:attachment":[{"href":"https:\/\/www.europesays.com\/no\/wp-json\/wp\/v2\/media?parent=128031"}],"wp:term":[{"taxonomy":"category","embeddable":true,"href":"https:\/\/www.europesays.com\/no\/wp-json\/wp\/v2\/categories?post=128031"},{"taxonomy":"post_tag","embeddable":true,"href":"https:\/\/www.europesays.com\/no\/wp-json\/wp\/v2\/tags?post=128031"}],"curies":[{"name":"wp","href":"https:\/\/api.w.org\/{rel}","templated":true}]}}