{"id":128033,"date":"2026-01-03T18:21:15","date_gmt":"2026-01-03T18:21:15","guid":{"rendered":"https:\/\/www.europesays.com\/no\/128033\/"},"modified":"2026-01-03T18:21:15","modified_gmt":"2026-01-03T18:21:15","slug":"norsk-drama-i-tour-de-ski","status":"publish","type":"post","link":"https:\/\/www.europesays.com\/no\/128033\/","title":{"rendered":"Norsk drama i Tour de Ski:"},"content":{"rendered":"<p>Julie Bjervig Drivenes var det eneste norske h\u00e5pet igjen under sprintsemifinalen i Val di Fiemme l\u00f8rdag, men p\u00e5 oppl\u00f8pet kom Iris De Martin Pinter mellom sporet og hindret 26-\u00e5ringen fra \u00e5 stake fritt p\u00e5 oppl\u00f8pet.<\/p>\n<p>Etter m\u00e5lgang var hun tydelig oppr\u00f8rt og holdt hendene foran ansiktet.<\/p>\n<p>\u2013 Jeg f\u00f8lte at jeg kunne gjort en skrell i dag, da blir man litt skuffa. Det kommer en italieneren i kamikaze imellom sporene, og da f\u00e5r jeg ikke brukt stavene. Jeg f\u00e5r ikke gjort noe, fortviler Drivens til TV 2.<\/p>\n<p> Se bildene: <\/p>\n<p>Landslagstrener Sjur Ole Svarstad var langt ifra forn\u00f8yd.<\/p>\n<p>\u2013 Det er jo egentlig bare en vimsete italiener som \u00f8delegger hennes finalesjanser. Det er s\u00e5 ubegripelig irriterende. Hun blir fratatt alle sjanser. Hvem vet hvordan det kunne g\u00e5tt, sier Svarstad til TV 2.<\/p>\n<p class=\"italic m-italic\" data-lab-italic=\"italic\" data-lab-font_weight=\"\">\u2013 Vurderte dere \u00e5 melde det inn til juryen?<\/p>\n<p>\u2013 Det ser ut som hun har f\u00e5tt sin straff, men det hjelper ikke s\u00e5 mye for Julie. Finalen g\u00e5r uten henne. Det er kjedelig, sier Svarstad.<\/p>\n<p>Pinter ble plassert sist i heatet, mens Drivenes ble nummer fem. Den amerikanske stjernen Jessie Diggins r\u00f8k ogs\u00e5 ut i samme heat, mens\u00a0svenske Johanna Hagstr\u00f6m og finske Johanna Matintalo tok seg videre.\u00a0<\/p>\n<p>\u2013 Jeg synes det er ordentlig surt at Drivenes ikke f\u00e5r en 7. plass i finalen. Der svikter regelverket til FIS fullstendig. At den italienske jenta settes sist i semfinalen er for s\u00e5 vidt greit det, men det hjelper ikke Drivenes all verden, sier TV 2s langrennekspert Petter Soleng Skinstad.<\/p>\n<p>I finalen ble det finsk seier da Jasmi Joensuu slo Nadine F\u00e4hndrich og Hagstr\u00f6m. Det er den f\u00f8rste finske sprintseieren i verdenscupen p\u00e5 nesten 13 \u00e5r, da Mona-Liisa Nousiainen vant i Liberec i januar 2013.<\/p>\n<p>Heidi Weng og Ingrid Bergene Aabrekk r\u00f8k ut som nummer fem i sine kvartfinaleheat. F\u00f8rstnevnte synes l\u00f8ypa p\u00e5 1,5 kilometer, som ogs\u00e5 skal brukes i OL, er for lang.<\/p>\n<p>        <img class=\"image__img lazyload\" itemprop=\"image\" title=\"Foto: Terje Pedersen \/ NTB\" alt=\"REAGERER: Heidi Weng. Foto: Terje Pedersen \/ NTB\" width=\"675\" height=\"379\" bad-src=\"https:\/\/www.europesays.com\/no\/wp-content\/uploads\/2026\/01\/18429460.webp.jpeg\" fetchpriority=\"auto\" \/><\/p>\n<p>      REAGERER: Heidi Weng.<br \/>\n         Foto: Terje Pedersen \/ NTB<\/p>\n<p>\u2013 Jeg synes det var en litt lang l\u00f8ype til \u00e5 v\u00e6re damer. Jeg tror at den kan bli kuttet til OL, sier Heidi Weng til TV 2.<\/p>\n<p>\u2013\u00a0 Men hvis de kutter den for damene, m\u00e5 de det for menn og. Ellers blir det t\u00e5pelig, eller ikke t\u00e5pelig, men rart at kvinner og menn skal g\u00e5 likt, men ikke p\u00e5 sprint, da b\u00f8r det v\u00e6re s\u00e5nn p\u00e5 andre distanser og, sier Weng.<\/p>\n<p>Hun f\u00e5r st\u00f8tte fra TV 2-ekspert Skinstad.<\/p>\n<p>\u2013 Damel\u00f8ypa er for lang og det hele minner for lite om sprint. De b\u00f8r svinge til h\u00f8yre p\u00e5 toppen av den lange motbakken, som tidligere. Like distanser er et fint m\u00e5l, men lik sluttid er akkurat like rettferdig. Her b\u00f8r FIS og IOC endre l\u00f8ypa f\u00f8r OL, sier Skinstad.<\/p>\n<p>Eva Ingebrigtsen, Nora Sanness og Karoline Simpson-Larsen r\u00f8k alle ut i prologen. <\/p>\n<p>Tour de Ski avsluttes med en 10-kilometer opp Alpe Cermis s\u00f8ndag. Diggins leder sammenlagt, ett minutt og 19 sekunder foran l\u00f8rdagens vinner Joensuu.\u00a0Svenske Moa Ilar f\u00f8lger 19 sekunder bak.<\/p>\n<p>Drivenes er beste plasserte norske p\u00e5 en sjetteplass, to minutt og ti sekund bak Diggins.<\/p>\n","protected":false},"excerpt":{"rendered":"Julie Bjervig Drivenes var det eneste norske h\u00e5pet igjen under sprintsemifinalen i Val di Fiemme l\u00f8rdag, men p\u00e5&hellip;\n","protected":false},"author":2,"featured_media":128034,"comment_status":"","ping_status":"","sticky":false,"template":"","format":"standard","meta":{"footnotes":""},"categories":[59],"tags":[30,28,29,83,82],"class_list":{"0":"post-128033","1":"post","2":"type-post","3":"status-publish","4":"format-standard","5":"has-post-thumbnail","7":"category-sport","8":"tag-no","9":"tag-norge","10":"tag-norway","11":"tag-sport","12":"tag-sports"},"share_on_mastodon":{"url":"https:\/\/pubeurope.com\/@no\/115832559138527230","error":""},"_links":{"self":[{"href":"https:\/\/www.europesays.com\/no\/wp-json\/wp\/v2\/posts\/128033","targetHints":{"allow":["GET"]}}],"collection":[{"href":"https:\/\/www.europesays.com\/no\/wp-json\/wp\/v2\/posts"}],"about":[{"href":"https:\/\/www.europesays.com\/no\/wp-json\/wp\/v2\/types\/post"}],"author":[{"embeddable":true,"href":"https:\/\/www.europesays.com\/no\/wp-json\/wp\/v2\/users\/2"}],"replies":[{"embeddable":true,"href":"https:\/\/www.europesays.com\/no\/wp-json\/wp\/v2\/comments?post=128033"}],"version-history":[{"count":0,"href":"https:\/\/www.europesays.com\/no\/wp-json\/wp\/v2\/posts\/128033\/revisions"}],"wp:featuredmedia":[{"embeddable":true,"href":"https:\/\/www.europesays.com\/no\/wp-json\/wp\/v2\/media\/128034"}],"wp:attachment":[{"href":"https:\/\/www.europesays.com\/no\/wp-json\/wp\/v2\/media?parent=128033"}],"wp:term":[{"taxonomy":"category","embeddable":true,"href":"https:\/\/www.europesays.com\/no\/wp-json\/wp\/v2\/categories?post=128033"},{"taxonomy":"post_tag","embeddable":true,"href":"https:\/\/www.europesays.com\/no\/wp-json\/wp\/v2\/tags?post=128033"}],"curies":[{"name":"wp","href":"https:\/\/api.w.org\/{rel}","templated":true}]}}