{"id":128037,"date":"2026-01-03T18:26:24","date_gmt":"2026-01-03T18:26:24","guid":{"rendered":"https:\/\/www.europesays.com\/no\/128037\/"},"modified":"2026-01-03T18:26:24","modified_gmt":"2026-01-03T18:26:24","slug":"morten-angelil-satser-hoyt-smadrer-norges-rikeste-i-gigantisk-tapssluk","status":"publish","type":"post","link":"https:\/\/www.europesays.com\/no\/128037\/","title":{"rendered":"Morten Angelil satser h\u00f8yt: Smadrer Norges rikeste i gigantisk tapssluk"},"content":{"rendered":"<p>Kjell Inge R\u00f8kke, John Fredriksen og Johan Andresen har kastet kortene for lengst. Men Morten Angelil fortsetter \u00e5 p\u00f8se tresifrede millionbel\u00f8p inn i Norges st\u00f8rste tech-hype tross nye gigantunderskudd.<\/p>\n<p>Publisert 2. jan. 10:24 | Oppdatert 2. jan. 10:33<\/p>\n<p><img decoding=\"async\" class=\"c-image--blurry c-image-fa\" data-id=\"8318138\" src=\"https:\/\/www.europesays.com\/no\/wp-content\/uploads\/2026\/01\/1767464784_352_pipe.jpeg\"  alt=\"Article lead\" style=\"position:relative;display:block;object-position:32.982392448720276% 3.713817586018569%\"\/><\/p>\n<p>SATSER ALT: Morten Angelil hadde p\u00f8st inn n\u00e6r 300 millioner i Pixotope for halvannet \u00e5r siden. N\u00e5 har han styrket egenkapitalen med nye 120 millioner etter \u00e5 ha g\u00e5tt inn i fjor\u00e5ret med minus 95 millioner.  <strong>Foto: Iv\u00e1n Kverme<\/strong><\/p>\n","protected":false},"excerpt":{"rendered":"Kjell Inge R\u00f8kke, John Fredriksen og Johan Andresen har kastet kortene for lengst. Men Morten Angelil fortsetter \u00e5&hellip;\n","protected":false},"author":2,"featured_media":128038,"comment_status":"","ping_status":"","sticky":false,"template":"","format":"standard","meta":{"footnotes":""},"categories":[56],"tags":[60,61,62,30,28,29],"class_list":{"0":"post-128037","1":"post","2":"type-post","3":"status-publish","4":"format-standard","5":"has-post-thumbnail","7":"category-naeringsliv","8":"tag-business","9":"tag-economy","10":"tag-naeringsliv","11":"tag-no","12":"tag-norge","13":"tag-norway"},"share_on_mastodon":{"url":"https:\/\/pubeurope.com\/@no\/115832578622675277","error":""},"_links":{"self":[{"href":"https:\/\/www.europesays.com\/no\/wp-json\/wp\/v2\/posts\/128037","targetHints":{"allow":["GET"]}}],"collection":[{"href":"https:\/\/www.europesays.com\/no\/wp-json\/wp\/v2\/posts"}],"about":[{"href":"https:\/\/www.europesays.com\/no\/wp-json\/wp\/v2\/types\/post"}],"author":[{"embeddable":true,"href":"https:\/\/www.europesays.com\/no\/wp-json\/wp\/v2\/users\/2"}],"replies":[{"embeddable":true,"href":"https:\/\/www.europesays.com\/no\/wp-json\/wp\/v2\/comments?post=128037"}],"version-history":[{"count":0,"href":"https:\/\/www.europesays.com\/no\/wp-json\/wp\/v2\/posts\/128037\/revisions"}],"wp:featuredmedia":[{"embeddable":true,"href":"https:\/\/www.europesays.com\/no\/wp-json\/wp\/v2\/media\/128038"}],"wp:attachment":[{"href":"https:\/\/www.europesays.com\/no\/wp-json\/wp\/v2\/media?parent=128037"}],"wp:term":[{"taxonomy":"category","embeddable":true,"href":"https:\/\/www.europesays.com\/no\/wp-json\/wp\/v2\/categories?post=128037"},{"taxonomy":"post_tag","embeddable":true,"href":"https:\/\/www.europesays.com\/no\/wp-json\/wp\/v2\/tags?post=128037"}],"curies":[{"name":"wp","href":"https:\/\/api.w.org\/{rel}","templated":true}]}}