{"id":128039,"date":"2026-01-03T18:27:07","date_gmt":"2026-01-03T18:27:07","guid":{"rendered":"https:\/\/www.europesays.com\/no\/128039\/"},"modified":"2026-01-03T18:27:07","modified_gmt":"2026-01-03T18:27:07","slug":"donald-trump-trump-trump-fredsprisvinner-machado-har-ikke-stotte-eller-respekt-i-venezuela","status":"publish","type":"post","link":"https:\/\/www.europesays.com\/no\/128039\/","title":{"rendered":"Donald Trump, Trump | Trump: Fredsprisvinner Machado har ikke st\u00f8tte eller respekt i Venezuela"},"content":{"rendered":"\n<p>P\u00e5 sp\u00f8rsm\u00e5l fra pressen om Trump har v\u00e6rt i kontakt med Machado, svarte Trump:<\/p>\n<p>\u2013 Nei, det har vi ikke, svarte han.<\/p>\n<p>\u2013 Jeg tror det ville v\u00e6rt veldig krevende for henne \u00e5 v\u00e6re leder n\u00e5. Hun har ikke st\u00f8tte eller respekt innad i landet.<\/p>\n<p>Machado uttalte tidligere l\u00f8rdag at opposisjonen skal gjenopprette ordenen i Venezuela og at politiske fanger skal frigj\u00f8res.<\/p>\n<p>Hun sa ogs\u00e5 at opposisjonens presidentkandidat i fjor\u00e5rets valg, Edmundo Gonzales, burde overta presidentskapet. <\/p>\n","protected":false},"excerpt":{"rendered":"P\u00e5 sp\u00f8rsm\u00e5l fra pressen om Trump har v\u00e6rt i kontakt med Machado, svarte Trump: \u2013 Nei, det har&hellip;\n","protected":false},"author":2,"featured_media":128040,"comment_status":"","ping_status":"","sticky":false,"template":"","format":"standard","meta":{"footnotes":""},"categories":[12],"tags":[20,21,24,25,15,22,23,13,30,28,29,14,16,26,27,42,43,44,45],"class_list":{"0":"post-128039","1":"post","2":"type-post","3":"status-publish","4":"format-standard","5":"has-post-thumbnail","7":"category-verden","8":"tag-breaking-news","9":"tag-breakingnews","10":"tag-featured-news","11":"tag-featurednews","12":"tag-headlines","13":"tag-latest-news","14":"tag-latestnews","15":"tag-news","16":"tag-no","17":"tag-norge","18":"tag-norway","19":"tag-nyheter","20":"tag-overskrifter","21":"tag-top-stories","22":"tag-topstories","23":"tag-verden","24":"tag-world","25":"tag-world-news","26":"tag-worldnews"},"share_on_mastodon":{"url":"https:\/\/pubeurope.com\/@no\/115832582562295788","error":""},"_links":{"self":[{"href":"https:\/\/www.europesays.com\/no\/wp-json\/wp\/v2\/posts\/128039","targetHints":{"allow":["GET"]}}],"collection":[{"href":"https:\/\/www.europesays.com\/no\/wp-json\/wp\/v2\/posts"}],"about":[{"href":"https:\/\/www.europesays.com\/no\/wp-json\/wp\/v2\/types\/post"}],"author":[{"embeddable":true,"href":"https:\/\/www.europesays.com\/no\/wp-json\/wp\/v2\/users\/2"}],"replies":[{"embeddable":true,"href":"https:\/\/www.europesays.com\/no\/wp-json\/wp\/v2\/comments?post=128039"}],"version-history":[{"count":0,"href":"https:\/\/www.europesays.com\/no\/wp-json\/wp\/v2\/posts\/128039\/revisions"}],"wp:featuredmedia":[{"embeddable":true,"href":"https:\/\/www.europesays.com\/no\/wp-json\/wp\/v2\/media\/128040"}],"wp:attachment":[{"href":"https:\/\/www.europesays.com\/no\/wp-json\/wp\/v2\/media?parent=128039"}],"wp:term":[{"taxonomy":"category","embeddable":true,"href":"https:\/\/www.europesays.com\/no\/wp-json\/wp\/v2\/categories?post=128039"},{"taxonomy":"post_tag","embeddable":true,"href":"https:\/\/www.europesays.com\/no\/wp-json\/wp\/v2\/tags?post=128039"}],"curies":[{"name":"wp","href":"https:\/\/api.w.org\/{rel}","templated":true}]}}