{"id":128050,"date":"2026-01-03T18:46:10","date_gmt":"2026-01-03T18:46:10","guid":{"rendered":"https:\/\/www.europesays.com\/no\/128050\/"},"modified":"2026-01-03T18:46:10","modified_gmt":"2026-01-03T18:46:10","slug":"mann-kjort-til-sykehus-med-alvorlige-kuttskader","status":"publish","type":"post","link":"https:\/\/www.europesays.com\/no\/128050\/","title":{"rendered":"Mann kj\u00f8rt til sykehus med alvorlige kuttskader"},"content":{"rendered":"\n<p class=\"_lead_o9xde_2 _lead_xtcu6_50 layout-component text-serif-m layout-normal text-serif-l layout-component layout-wide layout-padded _wide_17hqh_1 layout-padded\">Hendelsen skjedde i Skien og en annen mann i 50-\u00e5rene er p\u00e5grepet etter hendelsen. <\/p>\n<ul aria-hidden=\"true\" class=\"_images_ntbth_112\">\n<li><a class=\"_link_ntbth_117\" href=\"https:\/\/www.vg.no\/forfatter\/intisaar-ali\" style=\"z-index:2\" title=\"Intisaar Ali\" rel=\"nofollow noopener\" target=\"_blank\"><img alt=\"Bilde av Intisaar Ali\" class=\"_image_ntbth_93\" fetchpriority=\"low\" loading=\"lazy\" decoding=\"async\" itemprop=\"image\"  src=\"https:\/\/www.europesays.com\/no\/wp-content\/uploads\/2026\/01\/1767465968_349_31e1a332-7865-4acc-a24e-ae6d6674f722.png\"  width=\"480\"\/><\/a><\/li>\n<li><a class=\"_link_ntbth_117\" href=\"https:\/\/www.vg.no\/forfatter\/eline-hauger\" style=\"z-index:1\" title=\"Eline Hauger\" rel=\"nofollow noopener\" target=\"_blank\"><img alt=\"Bilde av Eline Hauger\" class=\"_image_ntbth_93\" fetchpriority=\"low\" loading=\"lazy\" decoding=\"async\" itemprop=\"image\"  src=\"https:\/\/www.europesays.com\/no\/wp-content\/uploads\/2026\/01\/1767465968_725_3dd290e1-4a44-4b56-a5ad-64fb323cd6ac.png\"  width=\"480\"\/><\/a><\/li>\n<\/ul>\n<p> Oppdatert l\u00f8rdag 3. januar kl. 19:19     <\/p>\n<p class=\"_paragraph_o9xde_4 _paragraph_xtcu6_10 layout-component text-serif-m layout-normal text-serif-m layout-padded\">\u2013 Politiet er p\u00e5 en privatadresse sentrum, etter melding om at en person er p\u00e5f\u00f8rt kuttskader med kniv, opplyser de. <\/p>\n<p class=\"_paragraph_o9xde_4 _paragraph_xtcu6_10 layout-component text-serif-m layout-normal text-serif-m layout-padded\">Personen som er p\u00e5f\u00f8rt kuttskader en mann i 60-\u00e5rene. <\/p>\n<p class=\"_paragraph_o9xde_4 _paragraph_xtcu6_10 layout-component text-serif-m layout-normal text-serif-m layout-padded\">\u2013 Han er kj\u00f8rt Skien sykehus med alvorlige skader. Skadene er ikke livstruende, opplyser politiet videre. <\/p>\n<p class=\"_paragraph_o9xde_4 _paragraph_xtcu6_10 layout-component text-serif-m layout-normal text-serif-m layout-padded\">De har p\u00e5grepet en annen mann i 50-\u00e5rene etter hendelsen. <\/p>\n<p class=\"_paragraph_o9xde_4 _paragraph_xtcu6_10 layout-component text-serif-m layout-normal text-serif-m layout-padded\">Politiet jobber n\u00e5 med \u00e5 finne ut av hva som har skjedd. <\/p>\n<p class=\"_paragraph_o9xde_4 _paragraph_xtcu6_10 layout-component text-serif-m layout-normal text-serif-m layout-padded\">\u2013 Vi jobber ut fra tre hypoteser. Den ene er at skadene kan v\u00e6re selvp\u00e5f\u00f8rt, den andre er at den p\u00e5grepne har p\u00e5f\u00f8rt forn\u00e6rmede skade, og den tredje hypotesen er at en tredjepart har v\u00e6rt involvert, forteller operasjonsleder Vegar Dale M\u00f8ane til VG.<\/p>\n<p class=\"_paragraph_o9xde_4 _paragraph_xtcu6_10 layout-component text-serif-m layout-normal text-serif-m layout-padded\">Han opplyser videre at de har gjort innledende avh\u00f8r av mannen i 50-\u00e5rene og en samtale med forn\u00e6rmede.<\/p>\n<p class=\"_paragraph_o9xde_4 _paragraph_xtcu6_10 layout-component text-serif-m layout-normal text-serif-m layout-padded\">\u2013 Det er for tidlig \u00e5 bekrefte relasjonen mellom partene, men per n\u00e5 forst\u00e5r vi det som at de er venner. <\/p>\n<p class=\"_paragraph_o9xde_4 _paragraph_xtcu6_10 layout-component text-serif-m layout-normal text-serif-m layout-padded\">Det er ikke gjort funn av kniven.<\/p>\n<p class=\"_paragraph_o9xde_4 _paragraph_xtcu6_10 layout-component text-serif-m layout-normal text-serif-m layout-padded\">Den p\u00e5grepne mannen i 50-\u00e5rene varslet AMK, som igjen varslet politiet.<\/p>\n<p>    <img decoding=\"async\" alt=\"Tips oss illustrasjon\" src=\"https:\/\/www.europesays.com\/no\/wp-content\/uploads\/2025\/10\/pssst-small.webp.webp\"\/>    <\/p>\n<p class=\"title-serif-s\">Har du tips?<\/p>\n<p class=\"text-sans-m\">Send oss informasjon, bilder eller video.<\/p>\n<p>  <a href=\"https:\/\/www.vg.no\/tips-oss\" rel=\"nofollow noopener\" target=\"_blank\"> Tips oss <\/a>      <\/p>\n","protected":false},"excerpt":{"rendered":"Hendelsen skjedde i Skien og en annen mann i 50-\u00e5rene er p\u00e5grepet etter hendelsen. Oppdatert l\u00f8rdag 3. januar&hellip;\n","protected":false},"author":2,"featured_media":128051,"comment_status":"","ping_status":"","sticky":false,"template":"","format":"standard","meta":{"footnotes":""},"categories":[12],"tags":[31,20,21,24,25,15,22,23,13,30,28,29,14,16,26,27,42,43,44,45],"class_list":{"0":"post-128050","1":"post","2":"type-post","3":"status-publish","4":"format-standard","5":"has-post-thumbnail","7":"category-verden","8":"tag-breaking","9":"tag-breaking-news","10":"tag-breakingnews","11":"tag-featured-news","12":"tag-featurednews","13":"tag-headlines","14":"tag-latest-news","15":"tag-latestnews","16":"tag-news","17":"tag-no","18":"tag-norge","19":"tag-norway","20":"tag-nyheter","21":"tag-overskrifter","22":"tag-top-stories","23":"tag-topstories","24":"tag-verden","25":"tag-world","26":"tag-world-news","27":"tag-worldnews"},"share_on_mastodon":{"url":"https:\/\/pubeurope.com\/@no\/115832657306831963","error":""},"_links":{"self":[{"href":"https:\/\/www.europesays.com\/no\/wp-json\/wp\/v2\/posts\/128050","targetHints":{"allow":["GET"]}}],"collection":[{"href":"https:\/\/www.europesays.com\/no\/wp-json\/wp\/v2\/posts"}],"about":[{"href":"https:\/\/www.europesays.com\/no\/wp-json\/wp\/v2\/types\/post"}],"author":[{"embeddable":true,"href":"https:\/\/www.europesays.com\/no\/wp-json\/wp\/v2\/users\/2"}],"replies":[{"embeddable":true,"href":"https:\/\/www.europesays.com\/no\/wp-json\/wp\/v2\/comments?post=128050"}],"version-history":[{"count":0,"href":"https:\/\/www.europesays.com\/no\/wp-json\/wp\/v2\/posts\/128050\/revisions"}],"wp:featuredmedia":[{"embeddable":true,"href":"https:\/\/www.europesays.com\/no\/wp-json\/wp\/v2\/media\/128051"}],"wp:attachment":[{"href":"https:\/\/www.europesays.com\/no\/wp-json\/wp\/v2\/media?parent=128050"}],"wp:term":[{"taxonomy":"category","embeddable":true,"href":"https:\/\/www.europesays.com\/no\/wp-json\/wp\/v2\/categories?post=128050"},{"taxonomy":"post_tag","embeddable":true,"href":"https:\/\/www.europesays.com\/no\/wp-json\/wp\/v2\/tags?post=128050"}],"curies":[{"name":"wp","href":"https:\/\/api.w.org\/{rel}","templated":true}]}}