{"id":128056,"date":"2026-01-03T18:53:12","date_gmt":"2026-01-03T18:53:12","guid":{"rendered":"https:\/\/www.europesays.com\/no\/128056\/"},"modified":"2026-01-03T18:53:12","modified_gmt":"2026-01-03T18:53:12","slug":"kong-frederik-kritiseres-for-klesvalg-under-nyttarstalen-2025-2","status":"publish","type":"post","link":"https:\/\/www.europesays.com\/no\/128056\/","title":{"rendered":"Kong Frederik kritiseres for klesvalg under nytt\u00e5rstalen 2025"},"content":{"rendered":"<p class=\"kicker \" style=\"\">Kong Frederik:<\/p>\n<p>  Ikke alle var like forn\u00f8yde med hva den danske kongen hadde p\u00e5 seg under nytt\u00e5rstalen i 2025.<\/p>\n<p>\n    F\u00c5R KRITIKK: Moteekspert har sterke meninger om hva kong Frederik b\u00f8r ha p\u00e5 seg under nytt\u00e5rstalen. Foto: Mads Claus Rasmussen \/ Ritzau Scanpix \/ NTB\n  <\/p>\n<p>    Kort fortalt<\/p>\n<ul lang=\"nb-NO\">\n<li>Kong Frederik av Danmark holdt sin andre nytt\u00e5rstale siden han ble konge i januar 2024.<\/li>\n<li>Moteekspert Torsten Grunwald kritiserte kongens valg av dress i stedet for smoking.<\/li>\n<li>Kulturkommentator Anne Sophia Hermansen beskrev kongens antrekk i fjor som \u00abbegravelsesagent\u00bb og \u00abmellomlederkl\u00e6r\u00bb.<\/li>\n<li>Det danske kongehuset har ikke kommentert kritikken av kongens klesvalg.<\/li>\n<\/ul>\n<p class=\"italic ai-disclaimer\" data-lab-italic=\"italic\">Sammendraget er laget av ChatGPT og godkjent av Dagbladet.<\/p>\n<p>      Vis mer<br \/>\n      Vis mindre<\/p>\n<p>For mange er det en tradisjon \u00e5 avslutte det gamle \u00e5ret med \u00e5 h\u00f8re kongens nytt\u00e5rstale. Dette gjelder ogs\u00e5 i nabolandet v\u00e5rt Danmark.<\/p>\n<p>Men det var ikke alle v\u00e5re danske venner som var forn\u00f8yde med \u00e5rets presentasjon av kong Frederiks tale til folket. En av Danmarks moteeksperter er kritisk til kongens valg av kl\u00e6r under talen.<\/p>\n<p>    <a itemprop=\"url\" href=\"https:\/\/www.dagbladet.no\/kjendis\/ekspert-snur-ikke-tilfreds\/82536596\" rel=\"nofollow noopener\" target=\"_blank\"><\/p>\n<p>        <img loading=\"lazy\" decoding=\"async\" src=\"https:\/\/www.europesays.com\/no\/wp-content\/uploads\/2026\/01\/82536631.webp.webp\" width=\"980\" height=\"441\" title=\"Ekspert snur: - Ikke tilfreds\" alt=\"\" class=\"lazyload\" style=\"--aspect-ratio-image: 2.22; \"\/><\/p>\n<p>        Ekspert snur: &#8211; Ikke tilfreds<\/p>\n<p>    <\/a><\/p>\n<p>Det var andre gangen kong Frederik holdt nytt\u00e5rstale til folket siden han ble kronet til konge i januar 2024. Han valgte \u00e5 stille opp i dress.<\/p>\n<p>        Kong Harald V var staselig kledd da han hold sin nytt\u00e5rstale til folket.<\/p>\n<p>Naturlig valg\t<\/p>\n<p>Herremoteeksperten Torsten Grunwald (53) er sterkt uenig i kongens valg om \u00e5 bruke dress. Han mener helt klart at smoking hadde v\u00e6rt det naturlige valget for kongen.<\/p>\n<p>&#8211; Nytt\u00e5rsaften er kvelden hvor man bruker smoking, og i prinsippet sitter folk selv klare i sine smokinger. Der kunne kong Frederik spille med p\u00e5 festen og i st\u00f8rre grad bidra til fellesskapet, sier han.<\/p>\n<p>Grunwald er forfatter av flere b\u00f8ker om herremote og driver magasinet \u00ab<a href=\"https:\/\/denvelklaedtemand.dk\/\" rel=\"nofollow noopener\" target=\"_blank\">Den velkl\u00e6dte mand<\/a>\u00bb.<\/p>\n<p>    <a itemprop=\"url\" href=\"https:\/\/www.dagbladet.no\/kjendis\/reaksjonene-hagler\/82451743\" rel=\"nofollow noopener\" target=\"_blank\"><\/p>\n<p>        <img loading=\"lazy\" decoding=\"async\" src=\"https:\/\/www.europesays.com\/no\/wp-content\/uploads\/2026\/01\/1767466390_485_82451233.webp.webp\" width=\"980\" height=\"441\" title=\"Reaksjonene hagler\" alt=\"\" class=\"lazyload\" style=\"--aspect-ratio-image: 2.22; \"\/><\/p>\n<p>        Reaksjonene hagler<\/p>\n<p>    <\/a><\/p>\n<p>&#8211; Kong Frederik fors\u00f8ker \u00e5 opptre som en stor statsmann som b\u00e6rer nasjonen p\u00e5 sine skuldre nytt\u00e5rsaften, men det er kanskje en litt for stor byrde \u00e5 legge p\u00e5 ham. Jeg tror vi f\u00e5r mer ut av ham hvis han bidrar til festen i stedet, mener moteeksperten.<\/p>\n<p>Begravelsesagent og mellomlederkl\u00e6r\t<\/p>\n<p>Det er flere enn bare Grunwald som har reagert p\u00e5 kongens antrekk under nytt\u00e5rstalene.\u00a0<a href=\"https:\/\/www.weekendavisen.dk\/\" rel=\"nofollow noopener\" target=\"_blank\">Weekendsavisens<\/a>\u00a0kulturkommentator Anne Sophia Hermansen (53) uttrykte ogs\u00e5 misn\u00f8ye over kongens antrekk under hans f\u00f8rste nytt\u00e5rstale i 2024.<\/p>\n<p>        <img loading=\"lazy\" decoding=\"async\" src=\"https:\/\/www.europesays.com\/no\/wp-content\/uploads\/2026\/01\/1767466391_316_84050435.webp.webp\" width=\"667\" height=\"381\" title=\"NYTT\u00c5R 2024: Kongen brukte ogs\u00e5 dress under nytt\u00e5rstalen i 2024. Foto: Ida Marie Odgaard \/ Ritzau \/ NTB\" alt=\"\" class=\"\" style=\"--aspect-ratio-image: 1.75; \"\/><\/p>\n<p>\n        NYTT\u00c5R 2024: Kongen brukte ogs\u00e5 dress under nytt\u00e5rstalen i 2024. Foto: Ida Marie Odgaard \/ Ritzau \/ NTB\n    <\/p>\n<p>I podkasten \u00ab<a href=\"https:\/\/www.dr.dk\/lyd\/p1\/damerne-foerst-5117612995000\" rel=\"nofollow noopener\" target=\"_blank\">Damerne f\u00f8rst<\/a>\u00bb brukte hun ordene \u00abbegravelsesagent\u00bb og \u00abmellomlederkl\u00e6r\u00bb om den dressen kongen da hadde valgt.<\/p>\n<p> Selv om Grunwald i utgangspunktet er uenig i klesvalget, gir han likevel litt skryt for den dressen kongen valgte \u00e5 g\u00e5 for. Han mener at en bl\u00e5 dress med hvit skjorte, vest og m\u00f8rkebl\u00e5tt slips er den optimale l\u00f8sningen innenfor dress-sjangeren. <\/p>\n<p>\u2013 Umiddelbart er dress det mest passende. Kong Frederiks morfar, Frederik IX, brukte ogs\u00e5 alltid dress til nytt\u00e5rstalen, og dronning Margrethe var heller aldri if\u00f8rt noe s\u00e6rlig festantrekk. N\u00e5r det gjelder konger og dronninger, har tradisjoner sv\u00e6rt stor betydning, forklarer han.<\/p>\n<p>    <a itemprop=\"url\" href=\"https:\/\/www.dagbladet.no\/kjendis\/virkelig-satt-pa-prove\/82451384\" rel=\"nofollow noopener\" target=\"_blank\"><\/p>\n<p>        <img loading=\"lazy\" decoding=\"async\" src=\"https:\/\/www.europesays.com\/no\/wp-content\/uploads\/2026\/01\/82452345.webp.webp\" width=\"980\" height=\"441\" title=\"- Virkelig satt p\u00e5 pr\u00f8ve\" alt=\"\" class=\"lazyload\" style=\"--aspect-ratio-image: 2.22; \"\/><\/p>\n<p>        &#8211; Virkelig satt p\u00e5 pr\u00f8ve<\/p>\n<p>    <\/a><\/p>\n<p>Det danske kongelige huset har ikke \u00f8nsket \u00e5 kommentere kongens valg av antrekk, opplyser <a href=\"https:\/\/www.bt.dk\/royale\/modeekspert-med-klar-opfordring-til-kong-frederik-skift-toej-til-nytaarstalen\" rel=\"nofollow noopener\" target=\"_blank\">B.T.<\/a><\/p>\n","protected":false},"excerpt":{"rendered":"Kong Frederik: Ikke alle var like forn\u00f8yde med hva den danske kongen hadde p\u00e5 seg under nytt\u00e5rstalen i&hellip;\n","protected":false},"author":2,"featured_media":128057,"comment_status":"","ping_status":"","sticky":false,"template":"","format":"standard","meta":{"footnotes":""},"categories":[12],"tags":[6518,20,21,14424,24,25,15,14948,479,2543,5817,22,23,14947,13,30,28,29,14,14873,16,26,27,42,43,44,45],"class_list":{"0":"post-128056","1":"post","2":"type-post","3":"status-publish","4":"format-standard","5":"has-post-thumbnail","7":"category-verden","8":"tag-6518","9":"tag-breaking-news","10":"tag-breakingnews","11":"tag-dress","12":"tag-featured-news","13":"tag-featurednews","14":"tag-headlines","15":"tag-herremote","16":"tag-kjendis","17":"tag-kjendisdesken","18":"tag-kong-frederik","19":"tag-latest-news","20":"tag-latestnews","21":"tag-moteekspert","22":"tag-news","23":"tag-no","24":"tag-norge","25":"tag-norway","26":"tag-nyheter","27":"tag-nyttarstale","28":"tag-overskrifter","29":"tag-top-stories","30":"tag-topstories","31":"tag-verden","32":"tag-world","33":"tag-world-news","34":"tag-worldnews"},"share_on_mastodon":{"url":"https:\/\/pubeurope.com\/@no\/115832684821795302","error":""},"_links":{"self":[{"href":"https:\/\/www.europesays.com\/no\/wp-json\/wp\/v2\/posts\/128056","targetHints":{"allow":["GET"]}}],"collection":[{"href":"https:\/\/www.europesays.com\/no\/wp-json\/wp\/v2\/posts"}],"about":[{"href":"https:\/\/www.europesays.com\/no\/wp-json\/wp\/v2\/types\/post"}],"author":[{"embeddable":true,"href":"https:\/\/www.europesays.com\/no\/wp-json\/wp\/v2\/users\/2"}],"replies":[{"embeddable":true,"href":"https:\/\/www.europesays.com\/no\/wp-json\/wp\/v2\/comments?post=128056"}],"version-history":[{"count":0,"href":"https:\/\/www.europesays.com\/no\/wp-json\/wp\/v2\/posts\/128056\/revisions"}],"wp:featuredmedia":[{"embeddable":true,"href":"https:\/\/www.europesays.com\/no\/wp-json\/wp\/v2\/media\/128057"}],"wp:attachment":[{"href":"https:\/\/www.europesays.com\/no\/wp-json\/wp\/v2\/media?parent=128056"}],"wp:term":[{"taxonomy":"category","embeddable":true,"href":"https:\/\/www.europesays.com\/no\/wp-json\/wp\/v2\/categories?post=128056"},{"taxonomy":"post_tag","embeddable":true,"href":"https:\/\/www.europesays.com\/no\/wp-json\/wp\/v2\/tags?post=128056"}],"curies":[{"name":"wp","href":"https:\/\/api.w.org\/{rel}","templated":true}]}}