{"id":128062,"date":"2026-01-03T19:00:07","date_gmt":"2026-01-03T19:00:07","guid":{"rendered":"https:\/\/www.europesays.com\/no\/128062\/"},"modified":"2026-01-03T19:00:07","modified_gmt":"2026-01-03T19:00:07","slug":"hendelser-skien-mann-kuttet-med-kniv-i-skien-kjort-til-sykehus-med-alvorlige-skader","status":"publish","type":"post","link":"https:\/\/www.europesays.com\/no\/128062\/","title":{"rendered":"Hendelser, Skien | Mann kuttet med kniv i Skien \u2013 kj\u00f8rt til sykehus med alvorlige skader"},"content":{"rendered":"\n<p>Politiet har l\u00f8rdag kveld rykket ut til en privatadresse i Skien sentrum etter melding om at en person skal ha blitt p\u00e5f\u00f8rt kuttskader med kniv. <\/p>\n<p>Den forn\u00e6rmede er en mann i 60-\u00e5rene. <\/p>\n<p>Politiet fikk melding om hendelsen rett f\u00f8r klokken 19. <\/p>\n<p>Operasjonslederen opplyser at hendelsesforl\u00f8pet per n\u00e5 er noe uklart. Det er ogs\u00e5 uklart hvor hendelsen har funnet sted. Politiet jobber etter flere hypoteser.<\/p>\n<p><b>Operasjonsleder Vegar Dale M\u00f8ane hos S\u00f8r-\u00d8st politidistrikt opplyser at manne er kj\u00f8rt til sykehus med alvorlige skader. Skadene skal ikke v\u00e6re livstruende. <\/b><\/p>\n<p>En mann i 50-\u00e5rene er p\u00e5grepet. Politiet jobber aktivt med etterforskningsskritt for \u00e5 belyse situasjonen ytterligere.<\/p>\n<p>Artikkelen oppdateres. <\/p>\n","protected":false},"excerpt":{"rendered":"Politiet har l\u00f8rdag kveld rykket ut til en privatadresse i Skien sentrum etter melding om at en person&hellip;\n","protected":false},"author":2,"featured_media":128063,"comment_status":"","ping_status":"","sticky":false,"template":"","format":"standard","meta":{"footnotes":""},"categories":[12],"tags":[36,20,21,24,25,15,168,22,23,13,30,28,29,14,16,254,393,1510,26,27,42,43,44,45],"class_list":{"0":"post-128062","1":"post","2":"type-post","3":"status-publish","4":"format-standard","5":"has-post-thumbnail","7":"category-verden","8":"tag-art","9":"tag-breaking-news","10":"tag-breakingnews","11":"tag-featured-news","12":"tag-featurednews","13":"tag-headlines","14":"tag-hendelser","15":"tag-latest-news","16":"tag-latestnews","17":"tag-news","18":"tag-no","19":"tag-norge","20":"tag-norway","21":"tag-nyheter","22":"tag-overskrifter","23":"tag-politi","24":"tag-skien","25":"tag-story","26":"tag-top-stories","27":"tag-topstories","28":"tag-verden","29":"tag-world","30":"tag-world-news","31":"tag-worldnews"},"share_on_mastodon":{"url":"https:\/\/pubeurope.com\/@no\/115832712310314729","error":""},"_links":{"self":[{"href":"https:\/\/www.europesays.com\/no\/wp-json\/wp\/v2\/posts\/128062","targetHints":{"allow":["GET"]}}],"collection":[{"href":"https:\/\/www.europesays.com\/no\/wp-json\/wp\/v2\/posts"}],"about":[{"href":"https:\/\/www.europesays.com\/no\/wp-json\/wp\/v2\/types\/post"}],"author":[{"embeddable":true,"href":"https:\/\/www.europesays.com\/no\/wp-json\/wp\/v2\/users\/2"}],"replies":[{"embeddable":true,"href":"https:\/\/www.europesays.com\/no\/wp-json\/wp\/v2\/comments?post=128062"}],"version-history":[{"count":0,"href":"https:\/\/www.europesays.com\/no\/wp-json\/wp\/v2\/posts\/128062\/revisions"}],"wp:featuredmedia":[{"embeddable":true,"href":"https:\/\/www.europesays.com\/no\/wp-json\/wp\/v2\/media\/128063"}],"wp:attachment":[{"href":"https:\/\/www.europesays.com\/no\/wp-json\/wp\/v2\/media?parent=128062"}],"wp:term":[{"taxonomy":"category","embeddable":true,"href":"https:\/\/www.europesays.com\/no\/wp-json\/wp\/v2\/categories?post=128062"},{"taxonomy":"post_tag","embeddable":true,"href":"https:\/\/www.europesays.com\/no\/wp-json\/wp\/v2\/tags?post=128062"}],"curies":[{"name":"wp","href":"https:\/\/api.w.org\/{rel}","templated":true}]}}