{"id":128078,"date":"2026-01-03T19:22:10","date_gmt":"2026-01-03T19:22:10","guid":{"rendered":"https:\/\/www.europesays.com\/no\/128078\/"},"modified":"2026-01-03T19:22:10","modified_gmt":"2026-01-03T19:22:10","slug":"trafikk-sande-store-skader-etter-e18-ulykke","status":"publish","type":"post","link":"https:\/\/www.europesays.com\/no\/128078\/","title":{"rendered":"Trafikk, Sande | Store skader etter E18-ulykke"},"content":{"rendered":"\n<p><b>SANDE: <\/b>N\u00f8detatene fikk i 19.30-tiden l\u00f8rdag melding om en trafikkulykke i s\u00f8rg\u00e5ende retning p\u00e5 E18 ved Bergsengakrysset i Sande.<\/p>\n<p>Da politiet kom fram til stedet ble det klart at to personbiler var involvert i en p\u00e5kj\u00f8rsel bakfra.<\/p>\n<p>   <img decoding=\"async\" width=\"2048\" height=\"1536\" fetchpriority=\"low\"  loading=\"lazy\"  src=\"https:\/\/www.europesays.com\/no\/wp-content\/uploads\/2026\/01\/63825cb5-f7de-429d-9d77-2dd414ca33dd+kopi.jpg\" alt=\"\" class=\"brick-c-cFOWSL\" style=\"--brick-image-ratio: 2048 \/ 1536;\"\/><\/p>\n<p><b>Innsatsleder i politiet, Vidar Gulbrandsen, sier til Drammens Tidende at \u00e5rsaken forel\u00f8pig er ukjent. Hendelsen skjedde i h\u00f8yre kj\u00f8refelt.<\/b><\/p>\n<p>De to bilene fikk store materielle skader i sammenst\u00f8tet. Totalt tre personer var involvert.<\/p>\n<p>\u2013 En er fraktet til sykehus, en er kj\u00f8rt til legevakt, mens en annen er dimittert. De fremst\u00e5r uskadet, men p\u00e5 grunn av h\u00f8yenergi vil legen unders\u00f8ke pasientene n\u00e6rmere, sier Gulbrandsen.<\/p>\n<p>   <img decoding=\"async\" width=\"2048\" height=\"1536\" fetchpriority=\"low\"  loading=\"lazy\"  src=\"https:\/\/www.europesays.com\/no\/wp-content\/uploads\/2026\/01\/abb7f395-4788-473b-9311-4a6d6c6878f0.jpg\" alt=\"\" class=\"brick-c-cFOWSL\" style=\"--brick-image-ratio: 2048 \/ 1536;\"\/><\/p>\n<p><b>Flere vitner skal ha sett deler av ulykken, og politiet jobber n\u00e5 med \u00e5 f\u00e5 klarhet i hva som faktisk for\u00e5rsaket ulykken. Politiet opplyser at de ikke mistenker ruskj\u00f8ring.<\/b><\/p>\n<p>Klokken 20.15 ryddet n\u00f8detatene opp vrakrester som l\u00e5 spredd over hele s\u00f8rg\u00e5ende kj\u00f8reretning, i p\u00e5vente av at bilberger skal ta med seg bilene. De var ikke kj\u00f8rbare etter sammenst\u00f8tet.<\/p>\n<p>Trafikken g\u00e5r inntil videre forbi i venstre kj\u00f8refelt, dog med redusert hastighet.<\/p>\n","protected":false},"excerpt":{"rendered":"SANDE: N\u00f8detatene fikk i 19.30-tiden l\u00f8rdag melding om en trafikkulykke i s\u00f8rg\u00e5ende retning p\u00e5 E18 ved Bergsengakrysset i&hellip;\n","protected":false},"author":2,"featured_media":128079,"comment_status":"","ping_status":"","sticky":false,"template":"","format":"standard","meta":{"footnotes":""},"categories":[10],"tags":[36,20,21,24,25,15,1440,22,23,13,30,28,29,14,16,1342,1510,26,27,224],"class_list":{"0":"post-128078","1":"post","2":"type-post","3":"status-publish","4":"format-standard","5":"has-post-thumbnail","7":"category-norge","8":"tag-art","9":"tag-breaking-news","10":"tag-breakingnews","11":"tag-featured-news","12":"tag-featurednews","13":"tag-headlines","14":"tag-holmestrand","15":"tag-latest-news","16":"tag-latestnews","17":"tag-news","18":"tag-no","19":"tag-norge","20":"tag-norway","21":"tag-nyheter","22":"tag-overskrifter","23":"tag-sande","24":"tag-story","25":"tag-top-stories","26":"tag-topstories","27":"tag-trafikk"},"share_on_mastodon":{"url":"https:\/\/pubeurope.com\/@no\/115832798814262110","error":""},"_links":{"self":[{"href":"https:\/\/www.europesays.com\/no\/wp-json\/wp\/v2\/posts\/128078","targetHints":{"allow":["GET"]}}],"collection":[{"href":"https:\/\/www.europesays.com\/no\/wp-json\/wp\/v2\/posts"}],"about":[{"href":"https:\/\/www.europesays.com\/no\/wp-json\/wp\/v2\/types\/post"}],"author":[{"embeddable":true,"href":"https:\/\/www.europesays.com\/no\/wp-json\/wp\/v2\/users\/2"}],"replies":[{"embeddable":true,"href":"https:\/\/www.europesays.com\/no\/wp-json\/wp\/v2\/comments?post=128078"}],"version-history":[{"count":0,"href":"https:\/\/www.europesays.com\/no\/wp-json\/wp\/v2\/posts\/128078\/revisions"}],"wp:featuredmedia":[{"embeddable":true,"href":"https:\/\/www.europesays.com\/no\/wp-json\/wp\/v2\/media\/128079"}],"wp:attachment":[{"href":"https:\/\/www.europesays.com\/no\/wp-json\/wp\/v2\/media?parent=128078"}],"wp:term":[{"taxonomy":"category","embeddable":true,"href":"https:\/\/www.europesays.com\/no\/wp-json\/wp\/v2\/categories?post=128078"},{"taxonomy":"post_tag","embeddable":true,"href":"https:\/\/www.europesays.com\/no\/wp-json\/wp\/v2\/tags?post=128078"}],"curies":[{"name":"wp","href":"https:\/\/api.w.org\/{rel}","templated":true}]}}