{"id":128084,"date":"2026-01-03T19:30:16","date_gmt":"2026-01-03T19:30:16","guid":{"rendered":"https:\/\/www.europesays.com\/no\/128084\/"},"modified":"2026-01-03T19:30:16","modified_gmt":"2026-01-03T19:30:16","slug":"vinter-nyhet-anne-marie-falt-pa-fjellet-na-tror-jeg-alt-har-gatt-ut-av-ledd-her","status":"publish","type":"post","link":"https:\/\/www.europesays.com\/no\/128084\/","title":{"rendered":"Vinter, Nyhet | Anne-Marie falt p\u00e5 fjellet: \u2013 N\u00e5 tror jeg alt har g\u00e5tt ut av ledd her"},"content":{"rendered":"\n<p>Her kommer vinteren. Meteorologen kan melde om det kalde fine tiden, fortsetter inn i helgen, og fremover.<\/p>\n<p>Det har f\u00e5tt folk til \u00e5 krype ut fra hulene sine for \u00e5 gj\u00f8re en rekke aktiviteter. <a href=\"https:\/\/www.ba.no\/faller-pa-glatten-det-har-varkadepoliklinikken%20i%20Bergen%20helsehus-en-del-bruddskader\/s\/5-8-3270095\" rel=\"Follow nofollow noopener\" target=\"_blank\">Da blir det travelt p\u00e5 Skadepoliklinikken p\u00e5 Bergen helsehus<\/a>, som ligger i samme bygg som legevakten i Solheimsviken.<\/p>\n<p>N\u00e5r BA er innom, er det mange som venter, og venter.<\/p>\n<p>Et turkledd par, Anne-Marie og Helge Johansen, forteller at de var p\u00e5 en nydelig fjelltur p\u00e5 H\u00f8gstefjellet i \u00c5sane.<\/p>\n<p>Det var god sn\u00f8 under piggskoene og like gode forhold v\u00e6rmessig.<\/p>\n<p>P\u00e5 vei nedover snubler plutselig Anne-Marie.<\/p>\n<p>\u2013 Jeg m\u00e5 ha stumpet inn i noe. Jeg falt rett fremover i sn\u00f8en. N\u00e5 tror jeg alt har g\u00e5tt ut av ledd, det bare svever inni her, sier hun og ser mot den noe l\u00f8se armen og skulderen.<\/p>\n<p>\u2013 M\u00e5tte du b\u00e6re henne ned p\u00e5 ryggen?<\/p>\n<p>\u2013 Nei, hun gikk for egen maskin og har v\u00e6rt kjempeflink, roser Helge.<\/p>\n<p>Paret har ventet en time, men skj\u00f8nner at det blir flere n\u00e5r de ser rundt seg, og de stiller sp\u00f8rsm\u00e5let: Hvorfor har man ikke r\u00f8ntgen p\u00e5 legevakten i \u00c5sane?<\/p>\n<p>\u2013 Det er p\u00e5 h\u00f8y tid, mener de.<\/p>\n<p>   <img decoding=\"async\" width=\"4032\" height=\"3024\" fetchpriority=\"low\"  loading=\"lazy\"  src=\"https:\/\/www.europesays.com\/no\/wp-content\/uploads\/2026\/01\/IMG_5552+%281%29.jpg\" alt=\"\" class=\"brick-c-cFOWSL\" style=\"--brick-image-ratio: 4032 \/ 3024;\"\/><\/p>\n<p>      Lone Ravndal Bertsen skal sjekke h\u00e5ndleddet etter aking i vill fart p\u00e5 Ask\u00f8y. N\u00e5 krysser vi fingrene p\u00e5 den h\u00f8yre h\u00e5nden, for at det ikke er brudd.<br \/>\n      Foto: Marie Mundal\n    <\/p>\n<p>  \u2013 Krasjet inn i en busk<\/p>\n<p>Lone Ravndal Berntsen (9) var ogs\u00e5 uheldig i sn\u00f8en. Under en aketur p\u00e5 Ask\u00f8y, gikk det unna.<\/p>\n<p>\u2013 Det var is i bakken, det gikk veldig fort og jeg krasjet rett inn i en busk. Etterp\u00e5 fikk jeg vondt i h\u00e5ndleddet.<\/p>\n<p>N\u00e5 krysses alt som krysses kan for at det bare er en forstuing og ikke et brudd.<\/p>\n<p><b>\u2013 Det er skikkelig g\u00f8y med sn\u00f8, og jeg kommer uansett til \u00e5 ake mer. <\/b><\/p>\n<p>Titalls bruddskader<\/p>\n<p>\u2013 Vi f\u00e5r inn noen titalls bruddskader p\u00e5 en slik dag som i dag, sier fungerende overlege Nj\u00e5l Kleven.<\/p>\n<p>Utover helgen fortsetter kj\u00f8ret.<\/p>\n<p><b>\u2013 Det er veldig mange som har v\u00e6rt uheldig l\u00f8rdag. Det er mange som har p\u00e5tatt seg brudd p\u00e5 isen, i akebakken og p\u00e5 skitur, sier Erik Vigander, kommunikasjonsdirekt\u00f8r i Helse Bergen. <\/b><\/p>\n<p>\u2013 Hvor mange har v\u00e6rt inne med bruddskader? <\/p>\n<p>\u2013 Det har de ikke tid til \u00e5 sjekke n\u00e5. Det er veldig travelt, og alle som er inne m\u00e5 jobbe med \u00e5 hjelpe dem som kommer inn.<\/p>\n<p>Vigander forsikrer om at de st\u00e5r klare til \u00e5 ta imot uheldige, men minner om at det blir ekstra lang ventetid p\u00e5 dager som dette.<\/p>\n<p>  <a href=\"https:\/\/www.ba.no\/5-8-3270541\" class=\"related-teaser has-image default-story-teaser article--c-eRUmMG article--c-eRUmMG-jKCPdD-design-default\" rel=\"nofollow noopener\" target=\"_blank\"><\/p>\n<p>    <img decoding=\"async\" loading=\"lazy\"  src=\"https:\/\/www.europesays.com\/no\/wp-content\/uploads\/2026\/01\/Dr_mmef_re_Fl_ien_260102_3823_Foto-LarsKristianSteenFluge.jpg\" alt=\"\" class=\"brick-c-cFOWSL\" style=\"\"\/><\/p>\n<p>\n            Les ogs\u00e5<\/p>\n<p>              N\u00e6rmet seg -10 i enkelte bydeler. N\u00e5 kan det bli enda kaldere!\n        <\/p>\n<p>  <\/a><\/p>\n<p>  <a href=\"https:\/\/www.ba.no\/5-8-3270035\" class=\"related-teaser has-image default-story-teaser article--c-eRUmMG article--c-eRUmMG-jKCPdD-design-default\" rel=\"nofollow noopener\" target=\"_blank\"><\/p>\n<p>    <img decoding=\"async\" loading=\"lazy\"  src=\"https:\/\/www.europesays.com\/no\/wp-content\/uploads\/2026\/01\/1601.jpg\" alt=\"\" class=\"brick-c-cFOWSL\" style=\"\"\/><\/p>\n<p>\n            Les ogs\u00e5<\/p>\n<p>              For en start p\u00e5 vinteren! \u2013 Blir ikke bedre\n        <\/p>\n<p>  <\/a><\/p>\n<p>  <a href=\"https:\/\/www.ba.no\/5-8-3269673\" class=\"related-teaser has-image default-story-teaser article--c-eRUmMG article--c-eRUmMG-jKCPdD-design-default\" rel=\"nofollow noopener\" target=\"_blank\"><\/p>\n<p>    <img decoding=\"async\" loading=\"lazy\"  src=\"https:\/\/www.europesays.com\/no\/wp-content\/uploads\/2026\/01\/_SF_3601.JPG\" alt=\"\" class=\"brick-c-cFOWSL\" style=\"\"\/><\/p>\n<p>\n            Les ogs\u00e5<\/p>\n<p>              Fredrik er irritert: \u2013 Et sted m\u00e5 vel grensen g\u00e5?\n        <\/p>\n<p>  <\/a><\/p>\n","protected":false},"excerpt":{"rendered":"Her kommer vinteren. Meteorologen kan melde om det kalde fine tiden, fortsetter inn i helgen, og fremover. Det&hellip;\n","protected":false},"author":2,"featured_media":128085,"comment_status":"","ping_status":"","sticky":false,"template":"","format":"standard","meta":{"footnotes":""},"categories":[10],"tags":[36,20,21,14962,24,25,15,22,23,3837,13,30,28,29,447,14,16,1510,26,27,6263],"class_list":{"0":"post-128084","1":"post","2":"type-post","3":"status-publish","4":"format-standard","5":"has-post-thumbnail","7":"category-norge","8":"tag-art","9":"tag-breaking-news","10":"tag-breakingnews","11":"tag-brodder","12":"tag-featured-news","13":"tag-featurednews","14":"tag-headlines","15":"tag-latest-news","16":"tag-latestnews","17":"tag-legevakten","18":"tag-news","19":"tag-no","20":"tag-norge","21":"tag-norway","22":"tag-nyhet","23":"tag-nyheter","24":"tag-overskrifter","25":"tag-story","26":"tag-top-stories","27":"tag-topstories","28":"tag-vinter"},"share_on_mastodon":{"url":"https:\/\/pubeurope.com\/@no\/115832830413878703","error":""},"_links":{"self":[{"href":"https:\/\/www.europesays.com\/no\/wp-json\/wp\/v2\/posts\/128084","targetHints":{"allow":["GET"]}}],"collection":[{"href":"https:\/\/www.europesays.com\/no\/wp-json\/wp\/v2\/posts"}],"about":[{"href":"https:\/\/www.europesays.com\/no\/wp-json\/wp\/v2\/types\/post"}],"author":[{"embeddable":true,"href":"https:\/\/www.europesays.com\/no\/wp-json\/wp\/v2\/users\/2"}],"replies":[{"embeddable":true,"href":"https:\/\/www.europesays.com\/no\/wp-json\/wp\/v2\/comments?post=128084"}],"version-history":[{"count":0,"href":"https:\/\/www.europesays.com\/no\/wp-json\/wp\/v2\/posts\/128084\/revisions"}],"wp:featuredmedia":[{"embeddable":true,"href":"https:\/\/www.europesays.com\/no\/wp-json\/wp\/v2\/media\/128085"}],"wp:attachment":[{"href":"https:\/\/www.europesays.com\/no\/wp-json\/wp\/v2\/media?parent=128084"}],"wp:term":[{"taxonomy":"category","embeddable":true,"href":"https:\/\/www.europesays.com\/no\/wp-json\/wp\/v2\/categories?post=128084"},{"taxonomy":"post_tag","embeddable":true,"href":"https:\/\/www.europesays.com\/no\/wp-json\/wp\/v2\/tags?post=128084"}],"curies":[{"name":"wp","href":"https:\/\/api.w.org\/{rel}","templated":true}]}}