{"id":128088,"date":"2026-01-03T19:33:17","date_gmt":"2026-01-03T19:33:17","guid":{"rendered":"https:\/\/www.europesays.com\/no\/128088\/"},"modified":"2026-01-03T19:33:17","modified_gmt":"2026-01-03T19:33:17","slug":"tommy-lee-jones-bryter-tausheten-etter-datterens-plutselige-bortgang","status":"publish","type":"post","link":"https:\/\/www.europesays.com\/no\/128088\/","title":{"rendered":"Tommy Lee Jones bryter tausheten etter datterens plutselige bortgang"},"content":{"rendered":"<p class=\"kicker \" style=\"\">Tommy Lee Jones:<\/p>\n<p>  Hollywood-stjernens datter ble funnet d\u00f8d p\u00e5 et hotell, bare 34 \u00e5r gammel. N\u00e5 snakker familien ut om hendelsen for f\u00f8rste gang.\u00a0<\/p>\n<p>\n    MISTET DATTEREN: Victoria Lee Jones var datter til den Oscar-vinnende skuespilleren Tommy Lee Jones. Foto: AP Photo\/Shizuo Kambayashi\/NTB\n  <\/p>\n<p>Hollywood-stjernen Tommy Lee Jones (79) og familien hans er i sorg etter at datteren Victoria Jones ble funnet d\u00f8d p\u00e5 et hotell i San Francisco natt til f\u00f8rste nytt\u00e5rsdag. Hun ble 34 \u00e5r gammel.<\/p>\n<p>    <a itemprop=\"url\" href=\"https:\/\/www.seher.no\/kjendis\/kjendisdatteren-funnet-dod\/84047141\" rel=\"nofollow noopener\" target=\"_blank\"><\/p>\n<p>        <img loading=\"lazy\" decoding=\"async\" src=\"https:\/\/www.europesays.com\/no\/wp-content\/uploads\/2026\/01\/1767468790_995_84047074.webp.webp\" width=\"147\" height=\"98\" title=\"Kjendisdatteren funnet d\u00f8d\" alt=\"\" class=\"lazyload\" style=\"--aspect-ratio-image: 1.50; \"\/><\/p>\n<p>        Kjendisdatteren funnet d\u00f8d<\/p>\n<p>    <\/a><\/p>\n<p> I en ny uttalelse til <a href=\"https:\/\/people.com\/tommy-lee-jones-family-break-silence-on-daughter-victoria-death-at-34-11878537\" rel=\"nofollow noopener\" target=\"_blank\">People <\/a>bryter n\u00e5 familien tausheten rundt d\u00f8dsfallet. <\/p>\n<p>&#8211; Respekter v\u00e5rt privatliv \t<\/p>\n<p> Victoria ble funnet bevisstl\u00f8s p\u00e5 Fairmont Hotel i San Francisco og erkl\u00e6rt d\u00f8d kort tid etter. Hun var datteren til \u00abMen in Black\u00bb-stjernen og ekskona Kimberlea Cloughley. <\/p>\n<p>        <img loading=\"lazy\" decoding=\"async\" src=\"https:\/\/www.europesays.com\/no\/wp-content\/uploads\/2026\/01\/84051410.webp.webp\" width=\"686\" height=\"1043\" title=\"EKSPAR:Tommy Lee Jones og Kimberlea Gayle Cloughley avbildet sammen i 2004. Foto: Berliner Studio\/BEImages\/NTB\" alt=\"\" class=\"\" style=\"--aspect-ratio-image: 0.66; \"\/><\/p>\n<p>\n        EKSPAR:Tommy Lee Jones og Kimberlea Gayle Cloughley avbildet sammen i 2004. Foto: Berliner Studio\/BEImages\/NTB\n    <\/p>\n<p>Eksparet giftet seg i 1981 og holdt sammen i 15 \u00e5r. Sammen deler de ogs\u00e5\u00a0s\u00f8nnen Austin Jones (43).<\/p>\n<p>I mars 2001 giftet Tommy seg med fotograf Dawn Laurel Jones (61), og sammen bor de p\u00e5 en g\u00e5rd i Texas og en eiendom i Argentina.\u00a0<\/p>\n<p>        <img loading=\"lazy\" decoding=\"async\" src=\"https:\/\/www.europesays.com\/no\/wp-content\/uploads\/2026\/01\/84051374.webp.webp\" width=\"667\" height=\"1001\" title=\"SAMMEN I SORGEN: Tommy Lee Jones og Dawn Laurel Jones p\u00e5 premieren til \u00abJason Bourne\u00bb i 2019. Foto: James Atoa\/UPI\/Shutterstock\/NTB\" alt=\"\" class=\"\" style=\"--aspect-ratio-image: 0.67; \"\/><\/p>\n<p>\n        SAMMEN I SORGEN: Tommy Lee Jones og Dawn Laurel Jones p\u00e5 premieren til \u00abJason Bourne\u00bb i 2019. Foto: James Atoa\/UPI\/Shutterstock\/NTB\n    <\/p>\n<p>&#8211; Vi setter pris p\u00e5 alle de snille ordene, tankene og b\u00f8nnene, sier familien til magasinet fredag.<\/p>\n<p>&#8211; Vennligst respekter privatlivet v\u00e5rt i denne vanskelige tiden.<\/p>\n<p>    <a itemprop=\"url\" href=\"https:\/\/www.seher.no\/kjendis\/fant-tilbake-til-hverandre\/84046042\" rel=\"nofollow noopener\" target=\"_blank\"><\/p>\n<p>        <img loading=\"lazy\" decoding=\"async\" src=\"https:\/\/www.europesays.com\/no\/wp-content\/uploads\/2026\/01\/1767468794_479_84046087.webp.webp\" width=\"980\" height=\"441\" title=\"Fant tilbake til hverandre\" alt=\"\" class=\"lazyload\" style=\"--aspect-ratio-image: 2.22; \"\/><\/p>\n<p>        Fant tilbake til hverandre<\/p>\n<p>    <\/a><\/p>\n<p>Politiet mistenker ikke at det ligger noe kriminelt bak d\u00f8dsfallet, if\u00f8lge\u00a0<a href=\"https:\/\/www.nbcbayarea.com\/news\/local\/woman-found-dead-sf-hotel\/4006464\/\" rel=\"nofollow noopener\" target=\"_blank\">NBC Bay Area<\/a>. Den offisielle d\u00f8ds\u00e5rsaken er ikke fastsl\u00e5tt enn\u00e5.<\/p>\n<p>If\u00f8lge rettsdokumenter skal hun ha blitt arrestert minst to ganger det siste \u00e5ret, blant annet for narkotikabesittelse.<\/p>\n<p>        SESONGPREMIERE: Det er duket for en ny sesong med \u00abHver gang vi m\u00f8tes\u00bb, og her ser vi litt av det vi har i vente. Video: \u00abHver gang vi m\u00f8tes\u00bb\/TV2. Reporter: Trond Markus Gravdal<\/p>\n<p>Stjernefamilie\t<\/p>\n<p>Far Tommy har v\u00e6rt Hollywood-stjerne i en \u00e5rrekke og har b\u00e5de spilt i og regissert flere suksessfilmer. Blant skuespillerprestasjonene finner man \u00abNo Country for Old Men\u00bb, \u00abNatural Born Killers\u00bb og \u00abMen in Black\u00bb-filmene. <\/p>\n<p>        <img loading=\"lazy\" decoding=\"async\" src=\"https:\/\/www.europesays.com\/no\/wp-content\/uploads\/2026\/01\/84051438.webp.webp\" width=\"667\" height=\"888\" title=\"FAR OG DATTER: Oscar-vinneren og datteren dukket opp sammen p\u00e5 filmpremieren til \u00abThe Missing\u00bb i 2003. Matt Baron\/BEI\/REX\/NTB\" alt=\"\" class=\"\" style=\"--aspect-ratio-image: 0.75; \"\/><\/p>\n<p>\n        FAR OG DATTER: Oscar-vinneren og datteren dukket opp sammen p\u00e5 filmpremieren til \u00abThe Missing\u00bb i 2003. Matt Baron\/BEI\/REX\/NTB\n    <\/p>\n<p>Victoria fulgte i farens fotspor som skuespiller og hadde roller i flere av hans filmer, inkludert \u00abThe Three Burials of Meliquiades Estrada\u00bb fra 2005 og \u00abMen in Black II\u00bb fra 2002.<\/p>\n<p>    <a itemprop=\"url\" href=\"https:\/\/www.seher.no\/kjendis\/saksokt-for-seksuell-trakassering\/84047321\" rel=\"nofollow noopener\" target=\"_blank\"><\/p>\n<p>        <img loading=\"lazy\" decoding=\"async\" src=\"https:\/\/www.europesays.com\/no\/wp-content\/uploads\/2026\/01\/84048437.webp.webp\" width=\"980\" height=\"441\" title=\"Saks\u00f8kt for seksuell trakassering\" alt=\"\" class=\"lazyload\" style=\"--aspect-ratio-image: 2.22; \"\/><\/p>\n<p>        Saks\u00f8kt for seksuell trakassering<\/p>\n<p>    <\/a><\/p>\n<p>Allerede f\u00f8r hun hadde rukket \u00e5 bli ten\u00e5ring, debuterte hun i sistnevnte filmen. Senere dukket hun ogs\u00e5 opp i den popul\u00e6re ten\u00e5ringsserien \u00abOne Tree Hill\u00bb.<\/p>\n","protected":false},"excerpt":{"rendered":"Tommy Lee Jones: Hollywood-stjernens datter ble funnet d\u00f8d p\u00e5 et hotell, bare 34 \u00e5r gammel. N\u00e5 snakker familien&hellip;\n","protected":false},"author":2,"featured_media":128089,"comment_status":"","ping_status":"","sticky":false,"template":"","format":"standard","meta":{"footnotes":""},"categories":[58],"tags":[14964,576,71,13693,479,2543,30,28,29,14881,72],"class_list":{"0":"post-128088","1":"post","2":"type-post","3":"status-publish","4":"format-standard","5":"has-post-thumbnail","7":"category-underholdning","8":"tag-bryter-tausheten","9":"tag-dodsfall","10":"tag-entertainment","11":"tag-funnet-dod","12":"tag-kjendis","13":"tag-kjendisdesken","14":"tag-no","15":"tag-norge","16":"tag-norway","17":"tag-tommy-lee-jones","18":"tag-underholdning"},"share_on_mastodon":{"url":"https:\/\/pubeurope.com\/@no\/115832842061158570","error":""},"_links":{"self":[{"href":"https:\/\/www.europesays.com\/no\/wp-json\/wp\/v2\/posts\/128088","targetHints":{"allow":["GET"]}}],"collection":[{"href":"https:\/\/www.europesays.com\/no\/wp-json\/wp\/v2\/posts"}],"about":[{"href":"https:\/\/www.europesays.com\/no\/wp-json\/wp\/v2\/types\/post"}],"author":[{"embeddable":true,"href":"https:\/\/www.europesays.com\/no\/wp-json\/wp\/v2\/users\/2"}],"replies":[{"embeddable":true,"href":"https:\/\/www.europesays.com\/no\/wp-json\/wp\/v2\/comments?post=128088"}],"version-history":[{"count":0,"href":"https:\/\/www.europesays.com\/no\/wp-json\/wp\/v2\/posts\/128088\/revisions"}],"wp:featuredmedia":[{"embeddable":true,"href":"https:\/\/www.europesays.com\/no\/wp-json\/wp\/v2\/media\/128089"}],"wp:attachment":[{"href":"https:\/\/www.europesays.com\/no\/wp-json\/wp\/v2\/media?parent=128088"}],"wp:term":[{"taxonomy":"category","embeddable":true,"href":"https:\/\/www.europesays.com\/no\/wp-json\/wp\/v2\/categories?post=128088"},{"taxonomy":"post_tag","embeddable":true,"href":"https:\/\/www.europesays.com\/no\/wp-json\/wp\/v2\/tags?post=128088"}],"curies":[{"name":"wp","href":"https:\/\/api.w.org\/{rel}","templated":true}]}}