{"id":128098,"date":"2026-01-03T19:50:39","date_gmt":"2026-01-03T19:50:39","guid":{"rendered":"https:\/\/www.europesays.com\/no\/128098\/"},"modified":"2026-01-03T19:50:39","modified_gmt":"2026-01-03T19:50:39","slug":"trafikk-vefsn-knuste-fronten-i-viltpakjorsel","status":"publish","type":"post","link":"https:\/\/www.europesays.com\/no\/128098\/","title":{"rendered":"Trafikk, Vefsn | Knuste fronten i viltp\u00e5kj\u00f8rsel"},"content":{"rendered":"\n<p>En sj\u00e5f\u00f8r p\u00e5 E6 ved Mj\u00e5vatn i Vefsn fikk fredag kveld en uventet stopp etter en viltp\u00e5kj\u00f8rsel.<\/p>\n<p>Bilen fikk store materielle skader, men ingen personer ble skadet, opplyser operasjonsleder Yngvar Fredriksen ved Nordland politidistrikt<\/p>\n<p>\u2013 Vi fikk melding om viltp\u00e5kj\u00f8rselen klokka 18.30, sier Fredriksen.<\/p>\n<p>Bilen var ikke kj\u00f8rbar og blinket fortsatt med n\u00f8dblinken litt over klokken 20.00.<\/p>\n<p>\u2013 Bilbergingen er p\u00e5 vei, sa Fredriksen n\u00e6rmere klokken ni.<\/p>\n<p>Oppdatering: Det var en elg som ble p\u00e5kj\u00f8rt. Dyret ble liggende ved siden av veien. Viltnemnda ble varslet og dro umiddelbart til stedet. Elgen ble avlivet og fraktet bort.<\/p>\n<p>Operasjonsleder Thomas Jarn\u00e6s Coe forteller at det var en annen viltp\u00e5kj\u00f8rsel fredag kveld; I Hattfjelldal.<\/p>\n<p>\u2013 Vi fikk en telefon fra en person som ringte p\u00e5 vegne av et familiemedlem som hadde kj\u00f8rt p\u00e5 en elg i Susendalsvegen. Dette skjedde klokka 18.45. Det er gjerne i denne tida at viltp\u00e5kj\u00f8rslene skjer. Denne elgen sprang videre. Viltnemnda ble varslet for etters\u00f8k, forteller han.<\/p>\n<p>   <img decoding=\"async\" width=\"761\" height=\"567\" fetchpriority=\"low\"  loading=\"lazy\"  src=\"https:\/\/www.europesays.com\/no\/wp-content\/uploads\/2026\/01\/IMG_972211.jpg\" alt=\"\" class=\"brick-c-cFOWSL\" style=\"--brick-image-ratio: 761 \/ 567;\"\/><\/p>\n<p>      VILTP\u00c5KJ\u00d8RSEL: Bilen ble st\u00e5ende p\u00e5 E6 med n\u00f8dblink etter p\u00e5kj\u00f8rselen fredag kveld.<br \/>\n      Foto: Privat\n    <\/p>\n","protected":false},"excerpt":{"rendered":"En sj\u00e5f\u00f8r p\u00e5 E6 ved Mj\u00e5vatn i Vefsn fikk fredag kveld en uventet stopp etter en viltp\u00e5kj\u00f8rsel. Bilen&hellip;\n","protected":false},"author":2,"featured_media":128099,"comment_status":"","ping_status":"","sticky":false,"template":"","format":"standard","meta":{"footnotes":""},"categories":[10],"tags":[36,20,21,24,25,15,22,23,13,30,28,29,14,16,468,1510,26,27,224,1203],"class_list":{"0":"post-128098","1":"post","2":"type-post","3":"status-publish","4":"format-standard","5":"has-post-thumbnail","7":"category-norge","8":"tag-art","9":"tag-breaking-news","10":"tag-breakingnews","11":"tag-featured-news","12":"tag-featurednews","13":"tag-headlines","14":"tag-latest-news","15":"tag-latestnews","16":"tag-news","17":"tag-no","18":"tag-norge","19":"tag-norway","20":"tag-nyheter","21":"tag-overskrifter","22":"tag-politiet","23":"tag-story","24":"tag-top-stories","25":"tag-topstories","26":"tag-trafikk","27":"tag-vefsn"},"share_on_mastodon":{"url":"https:\/\/pubeurope.com\/@no\/115832908894696368","error":""},"_links":{"self":[{"href":"https:\/\/www.europesays.com\/no\/wp-json\/wp\/v2\/posts\/128098","targetHints":{"allow":["GET"]}}],"collection":[{"href":"https:\/\/www.europesays.com\/no\/wp-json\/wp\/v2\/posts"}],"about":[{"href":"https:\/\/www.europesays.com\/no\/wp-json\/wp\/v2\/types\/post"}],"author":[{"embeddable":true,"href":"https:\/\/www.europesays.com\/no\/wp-json\/wp\/v2\/users\/2"}],"replies":[{"embeddable":true,"href":"https:\/\/www.europesays.com\/no\/wp-json\/wp\/v2\/comments?post=128098"}],"version-history":[{"count":0,"href":"https:\/\/www.europesays.com\/no\/wp-json\/wp\/v2\/posts\/128098\/revisions"}],"wp:featuredmedia":[{"embeddable":true,"href":"https:\/\/www.europesays.com\/no\/wp-json\/wp\/v2\/media\/128099"}],"wp:attachment":[{"href":"https:\/\/www.europesays.com\/no\/wp-json\/wp\/v2\/media?parent=128098"}],"wp:term":[{"taxonomy":"category","embeddable":true,"href":"https:\/\/www.europesays.com\/no\/wp-json\/wp\/v2\/categories?post=128098"},{"taxonomy":"post_tag","embeddable":true,"href":"https:\/\/www.europesays.com\/no\/wp-json\/wp\/v2\/tags?post=128098"}],"curies":[{"name":"wp","href":"https:\/\/api.w.org\/{rel}","templated":true}]}}