{"id":128107,"date":"2026-01-03T19:58:14","date_gmt":"2026-01-03T19:58:14","guid":{"rendered":"https:\/\/www.europesays.com\/no\/128107\/"},"modified":"2026-01-03T19:58:14","modified_gmt":"2026-01-03T19:58:14","slug":"vi-anmelder-lat-for-lat-2","status":"publish","type":"post","link":"https:\/\/www.europesays.com\/no\/128107\/","title":{"rendered":"Vi anmelder l\u00e5t for l\u00e5t"},"content":{"rendered":"<p class=\"kicker t20\" style=\"\">\u00abHver gang vi m\u00f8tes\u00bb p\u00e5 TV 2<\/p>\n<p>  Espen Lind er hedersgjest i sesongstarten.\u00a0<\/p>\n<p>\n    NY SESONG: \u00c5rets \u00abHver gang vi m\u00f8tes\u00bb-gjeng samlet p\u00e5 Hadeland: Musti (f.v.), Synne Vo, Andr\u00e9 Jensen (fra duoen Hagle), Marit Larsen. Espen Lind (kveldens hedersgjest), Herborg Kr\u00e5kevik og Marcus og Martinus. Foto: TV 2\n  <\/p>\n<p>Espen Lind er f\u00f8rste hedersgjest i den 16. sesongen med \u00abHver gang vi m\u00f8tes\u00bb p\u00e5 TV 2. Programmet sendes hver l\u00f8rdag til og med 21. februar, s\u00e5 her er det mye \u00e5 glede seg til i ukene framover.<\/p>\n<p>Espen er ikke bare norsk popstjerne, han har ogs\u00e5 hatt internasjonal suksess og bodde noen \u00e5r i USA for \u00e5 skrive l\u00e5ter. Han er f\u00f8dt i Oslo, men flyttet med familien til Troms\u00f8 som fire\u00e5ring. Han har gitt ut fem soloalbum, og gjennombruddet kom med \u00abRed\u00bb i 1997.\u00a0<\/p>\n<p>        <img loading=\"lazy\" decoding=\"async\" src=\"https:\/\/www.europesays.com\/no\/wp-content\/uploads\/2026\/01\/84051788.webp.webp\" width=\"667\" height=\"381\" title=\"HEDERSGJEST: Espen Lind er f\u00f8rste hedersgjest i den nye sesongen av \u00abHver gang vi m\u00f8tes\u00bb, som starter i kveld. All foto: Vegard Breie\/TV2\" alt=\"\" class=\"\" style=\"--aspect-ratio-image: 1.75; \"\/><\/p>\n<p>\n        HEDERSGJEST: Espen Lind er f\u00f8rste hedersgjest i den nye sesongen av \u00abHver gang vi m\u00f8tes\u00bb, som starter i kveld. All foto: Vegard Breie\/TV2\n    <\/p>\n<p>At han har jobba hardt for \u00e5 komme dit han er i dag blir tydelig n\u00e5r vi i kveld blir bedre kjent med b\u00e5de \u00abmennesket Espen Lind\u00bb og l\u00e5tene hans.\u00a0<\/p>\n<p>Ved siden av artistkarrieren er han fra f\u00f8rstkommende fredag ogs\u00e5 klar for en ny sesong som mentor i \u00abThe Voice\u00bb p\u00e5 TV 2. Dobbel dose med Espen i helgene framover, alts\u00e5.\u00a0<\/p>\n<p> 1. Andr\u00e9 Jensen: \u00abBaby You\u2019re So Cool\u00bb (1997)<\/p>\n<p>Skrevet av: Espen Lind<\/p>\n<p>        <img loading=\"lazy\" decoding=\"async\" src=\"https:\/\/www.europesays.com\/no\/wp-content\/uploads\/2026\/01\/84051859.webp.webp\" width=\"667\" height=\"434\" title=\"Vi anmelder l\u00e5t for l\u00e5t\" alt=\"\" class=\"\" style=\"--aspect-ratio-image: 1.54; \"\/><\/p>\n<p>Country-rap-duoen Hagle er nok bedre kjent enn medlemmene Andr\u00e9 Jensen og Olav Tokerud. F\u00f8rstnevnte er f\u00f8rst ut med en overraskende (og god) vri p\u00e5 en l\u00e5t fra \u00abRed\u00bb. Espen forteller at han skrev den p\u00e5 ti minutter. Her blir den en kombinert rap og sang p\u00e5 norsk: \u00abBaby, du er r\u00e5, du kan det \u00e5 bjuda p\u00e5!\u00bb.<\/p>\n<p>Espens original kan minne om \u00abThe Lion Sleeps Tonight\u00bb. Andr\u00e9 framf\u00f8rer den i den samme doo-wop-stilen, med en imponerende bass og koring som er karakteristisk for 50\/60-tallssjangeren. Arrangementet er attp\u00e5til ved Espens faste makker, Amund Bj\u00f8rklund, alias Bluefish. Det er litt \u00abpussig\u00bb. Hvordan kan Espen ikke like et arrangement gjort av hans h\u00f8yre h\u00e5nd?<\/p>\n<p>        SESONGPREMIERE: Det er duket for en ny sesong med \u00abHver gang vi m\u00f8tes\u00bb, og her ser vi litt av det vi har i vente. Video: \u00abHver gang vi m\u00f8tes\u00bb\/TV2. Reporter: Trond Markus Gravdal<\/p>\n<p>Bruken av gjestevokalister i \u00abHver gang vi m\u00f8tes\u00bb er blitt mer og mer vanlig, og allerede i f\u00f8rste l\u00e5t dukker Espens gamle samarbeidspartner Ingebj\u00f8rg Bratland opp. Hun er betimelig nok snart en av Espens tre mentorpartnere i TV2-programmet \u00abThe Voice\u00bb&#8230;<\/p>\n<p>Uansett, Ingebj\u00f8rg l\u00f8fter Andr\u00e9s versjon enda noen hakk. La oss h\u00e5pe at standarden med dette er satt!<\/p>\n<p class=\"font-weight-bold m-font-weight-bold\" data-lab-font_weight=\"font-weight-bold\">2. Herborg Kr\u00e5kevik: \u00abScared Of Heights\u00bb (2008)<\/p>\n<p>Skrevet av: Espen Lind<\/p>\n<p>        <img loading=\"lazy\" decoding=\"async\" src=\"https:\/\/www.europesays.com\/no\/wp-content\/uploads\/2026\/01\/84051853.webp.webp\" width=\"686\" height=\"590\" title=\"Vi anmelder l\u00e5t for l\u00e5t\" alt=\"\" class=\"\" style=\"--aspect-ratio-image: 1.16; \"\/><\/p>\n<p>Herborg har ogs\u00e5 med en gjest. Duettpartner Kurt Nilsen samarbeidet tett med Espen gjennom det mediene kalte \u00abDe ny Gitarkameratene\u00bb &#8211; sj\u00f8l om Espen, Kurt, Alejandro Fuentes og Askil Holm aldri brukte den betegnelsen om seg sj\u00f8l.<\/p>\n<p>Til tross for tittelen har ikke Herborg mer h\u00f8ydeskrekk enn at hun har f\u00e5tt skrevet om Espens popul\u00e6re \u00abukulelel\u00e5t\u00bb til norsk. Og \u2013 det skjer noe med den n\u00e5r den f\u00e5r ny spr\u00e5kdrakt og n\u00e5r Kurt ganske raskt kommer inn. Den er ikke skrevet som en duett, men funker overraskende godt i det formatet &#8211; med to stemmer som passer fint til hverandre.<\/p>\n<p>\u00abUtrulig glad for at detta gjekk nokon lunde bra\u00bb, sier Herborg beskjedent. \u00abDet gikk mer enn noen lunde bra. Kom igjen, det her var fantastisk\u00bb, parerer Espen. Om det ikke var fantastisk, s\u00e5 var det i hvert fall fint \u00e5 h\u00f8re Herborg i en duett og i en s\u00e5 \u00ablystig\u00bb sang. <\/p>\n<p> 3. Musti: \u00abYum Yum Gimme Some\u00bb (Sway, 1995)<\/p>\n<p> Skrevet av: Espen Lind\u00a0<\/p>\n<p>        <img loading=\"lazy\" decoding=\"async\" src=\"https:\/\/www.europesays.com\/no\/wp-content\/uploads\/2026\/01\/84051854.webp.webp\" width=\"667\" height=\"547\" title=\"Vi anmelder l\u00e5t for l\u00e5t\" alt=\"\" class=\"\" style=\"--aspect-ratio-image: 1.22; \"\/><\/p>\n<p>Singelen med det litt rare, men catchy refrenget om m\u00f8tet med en \u00abpsycho sex freak\u00bb solgte bare 3500 eksemplarer, til tross for at den fikk mye oppmerksomhet og mange prikker p\u00e5 terningen av anmelderne. Det var den f\u00f8rste l\u00e5ten Musti h\u00f8rte med Espen, og hun bare m\u00e5tte ta den. Det var nok dreads\u2019ene som gjorde det, innr\u00f8mmer hun. \u00abFaen, broren min, ass!\u00bb<\/p>\n<p>F\u00f8rst og fremst er det artig at hun gj\u00f8r l\u00e5ta fra 1996 som en \u00aboppdatert\u00bb rap p\u00e5 norsk, og med humor! Men &#8211; faktisk er originalen med Espens alter ego Sway ikke s\u00e5 langt unna rap heller. Mustis versjon er hakket mer funky, og den poetiske \u00abverdien\u00bb er \u00f8kt betraktelig.<\/p>\n<p>Det l\u00e5 i kortene at Musti ville gj\u00f8re noe helt annet med l\u00e5ten og det faller i smak. Det er f\u00f8rste gang Espen blir r\u00f8rt av \u00abYum Yum Gimme Some\u00bb. Det er til \u00e5 forst\u00e5!<\/p>\n<p>Programmet fortsetter etter pausen, ca. kl 21.45. <\/p>\n<p class=\"italic m-italic\" data-lab-italic=\"italic\">Vi anmelder som vanlig l\u00e5tene fortl\u00f8pende.<\/p>\n","protected":false},"excerpt":{"rendered":"\u00abHver gang vi m\u00f8tes\u00bb p\u00e5 TV 2 Espen Lind er hedersgjest i sesongstarten.\u00a0 NY SESONG: \u00c5rets \u00abHver gang&hellip;\n","protected":false},"author":2,"featured_media":128108,"comment_status":"","ping_status":"","sticky":false,"template":"","format":"standard","meta":{"footnotes":""},"categories":[5],"tags":[118,20,21,1875,24,25,15,19,14965,479,22,23,17,18,13,30,28,29,14,16,26,27],"class_list":{"0":"post-128107","1":"post","2":"type-post","3":"status-publish","4":"format-standard","5":"has-post-thumbnail","7":"category-overskrifter","8":"tag-anmeldelse","9":"tag-breaking-news","10":"tag-breakingnews","11":"tag-espen-lind","12":"tag-featured-news","13":"tag-featurednews","14":"tag-headlines","15":"tag-hovedoppslag","16":"tag-hver-gang-vi-motes-2026","17":"tag-kjendis","18":"tag-latest-news","19":"tag-latestnews","20":"tag-main-news","21":"tag-mainnews","22":"tag-news","23":"tag-no","24":"tag-norge","25":"tag-norway","26":"tag-nyheter","27":"tag-overskrifter","28":"tag-top-stories","29":"tag-topstories"},"share_on_mastodon":{"url":"https:\/\/pubeurope.com\/@no\/115832940411169675","error":""},"_links":{"self":[{"href":"https:\/\/www.europesays.com\/no\/wp-json\/wp\/v2\/posts\/128107","targetHints":{"allow":["GET"]}}],"collection":[{"href":"https:\/\/www.europesays.com\/no\/wp-json\/wp\/v2\/posts"}],"about":[{"href":"https:\/\/www.europesays.com\/no\/wp-json\/wp\/v2\/types\/post"}],"author":[{"embeddable":true,"href":"https:\/\/www.europesays.com\/no\/wp-json\/wp\/v2\/users\/2"}],"replies":[{"embeddable":true,"href":"https:\/\/www.europesays.com\/no\/wp-json\/wp\/v2\/comments?post=128107"}],"version-history":[{"count":0,"href":"https:\/\/www.europesays.com\/no\/wp-json\/wp\/v2\/posts\/128107\/revisions"}],"wp:featuredmedia":[{"embeddable":true,"href":"https:\/\/www.europesays.com\/no\/wp-json\/wp\/v2\/media\/128108"}],"wp:attachment":[{"href":"https:\/\/www.europesays.com\/no\/wp-json\/wp\/v2\/media?parent=128107"}],"wp:term":[{"taxonomy":"category","embeddable":true,"href":"https:\/\/www.europesays.com\/no\/wp-json\/wp\/v2\/categories?post=128107"},{"taxonomy":"post_tag","embeddable":true,"href":"https:\/\/www.europesays.com\/no\/wp-json\/wp\/v2\/tags?post=128107"}],"curies":[{"name":"wp","href":"https:\/\/api.w.org\/{rel}","templated":true}]}}