{"id":128109,"date":"2026-01-03T19:59:15","date_gmt":"2026-01-03T19:59:15","guid":{"rendered":"https:\/\/www.europesays.com\/no\/128109\/"},"modified":"2026-01-03T19:59:15","modified_gmt":"2026-01-03T19:59:15","slug":"stjernen-stjernehallen-utvisninger-odela-for-stjernen-tapte-arets-forste-kamp-fredriksstad-blad","status":"publish","type":"post","link":"https:\/\/www.europesays.com\/no\/128109\/","title":{"rendered":"Stjernen, Stjernehallen | Utvisninger \u00f8dela for Stjernen \u2013 tapte \u00e5rets f\u00f8rste kamp &#8211; Fredriksstad Blad"},"content":{"rendered":"<ol>\n<li><a href=\"https:\/\/news.google.com\/rss\/articles\/CBMikgFBVV95cUxOcGpQSUE5MVBpOV9sTk84VHNBN01TZmwxTEliMV9HWUZSWU56TzdYSUUzSkNDS0QyQ1JhdndmQUFQWXlfRVhrTmh0QVk5Y2JEeW00ZkdWTV9ocDY3cUF4RkFLQ2JYdlo1cW1fbG91UHh0cWlYOExUQXVHYk0xdHo3WHZTOTJoVF9zd2xuU0NpRXhoZw?oc=5\" target=\"_blank\" rel=\"nofollow noopener\">Stjernen, Stjernehallen | Utvisninger \u00f8dela for Stjernen \u2013 tapte \u00e5rets f\u00f8rste kamp<\/a>&nbsp;&nbsp;Fredriksstad Blad<\/li>\n<li><a href=\"https:\/\/news.google.com\/rss\/articles\/CBMie0FVX3lxTE5PcmlTZENzenB6NTJOanZ6WXk4clZrQmtKLUs5MUs2T3hkM0trYWxCdzBzcEk5bzJIR0huak9Ra3VqY01wN3FVVTlmM0dyQmN1QVZqV1dPOGNYU0JQQTRlbVktRERYc2tKazVQOGdFRFI2WEVuSzRNTUZtbw?oc=5\" target=\"_blank\" rel=\"nofollow noopener\">Sport, Stjernehallen | F\u00f8lg Stjernens kamp mot V\u00e5lerenga her!<\/a>&nbsp;&nbsp;Fredriksstad Blad<\/li>\n<li><a href=\"https:\/\/news.google.com\/rss\/articles\/CBMiwgFBVV95cUxPMFBINVVCVE5VSDhYWjZRdlVCTjFYRmlVSXBJd2pNRVB1UEJ1X3VsV0JnWmR2QVJuM0g0TXNFTmltWTVMRjlsa1gwc2o0WGl4ekI4Rl9tSkZGZ1VObXV6UDdWaW1kcnpsWmt0Y180MHVHeG5fNGZTLU9pMmt4RTU3RWVCOUZad21QRUVlWmV1a0lPZmRvOHJJMTRPYkZxdElMUWd3dVRCU3ZUbm1YVzNDWEIwUlE2Nmt1d3pKRXNVU3FtUQ?oc=5\" target=\"_blank\" rel=\"nofollow noopener\">V\u00e5lerenga p\u00e5 tabelltopp etter seier mot Stjernen<\/a>&nbsp;&nbsp;TV2.no<\/li>\n<li><a href=\"https:\/\/news.google.com\/rss\/articles\/CBMiYkFVX3lxTFBDWkhvTXA5RzhEdGIyZmVYb3J1c0FfYTQ5ZzIyYjdxRWNLcTUtcUxUZTd2dUJucWo3RWt0NFJsRmEzbzJGdjRzRjdwazd6N1Yyc2sta3NJUENMdS1JZ3gybGNn?oc=5\" target=\"_blank\" rel=\"nofollow noopener\">Kj\u00f8r da, januar!<\/a>&nbsp;&nbsp;VIF Hockey<\/li>\n<li><a href=\"https:\/\/news.google.com\/rss\/articles\/CBMi9wFBVV95cUxOMU1NSVpnbkZCZkFZc2hGZktrbmxrQV90azVUSUR6X3ZvV19VMHJkNEEzSURCMWxkZHliS1owUlNSM3BnLU8zUUxUTS1kanBoU0JJdVlEakxMdjZrSmN6dzdKQW02RHNYbVZMbTdnY0czRFJLSTZkSk5UT1U4MkxzTG54amlsOE1KUlBYbjVTcE9wdGI0RzU2ZEF3ZEVDcHVaRUxUNnZkbDlFcUJ2dG1YblRyaHQyNXlVaXR0WGpOX1BtTWsyd3Q3QTF1MjZ1RGR3bUJoN1RQdTdoSkNKSUowTTJ6VnREYmFsb1FpN2k3d3NmelRaNWFF?oc=5\" target=\"_blank\" rel=\"nofollow noopener\">(+) Overtallsspillet reddet V\u00e5lerenga: \u2013 Vi har ikke v\u00e6rt gode nok, innr\u00f8mmer kaptein R\u00f8ymark<\/a>&nbsp;&nbsp;VartOslo<\/li>\n<\/ol>\n","protected":false},"excerpt":{"rendered":"Stjernen, Stjernehallen | Utvisninger \u00f8dela for Stjernen \u2013 tapte \u00e5rets f\u00f8rste kamp&nbsp;&nbsp;Fredriksstad Blad Sport, Stjernehallen | F\u00f8lg Stjernens&hellip;\n","protected":false},"author":2,"featured_media":128110,"comment_status":"","ping_status":"","sticky":false,"template":"","format":"standard","meta":{"footnotes":""},"categories":[59],"tags":[30,28,29,83,82],"class_list":{"0":"post-128109","1":"post","2":"type-post","3":"status-publish","4":"format-standard","5":"has-post-thumbnail","7":"category-sport","8":"tag-no","9":"tag-norge","10":"tag-norway","11":"tag-sport","12":"tag-sports"},"share_on_mastodon":{"url":"https:\/\/pubeurope.com\/@no\/115832944598761409","error":""},"_links":{"self":[{"href":"https:\/\/www.europesays.com\/no\/wp-json\/wp\/v2\/posts\/128109","targetHints":{"allow":["GET"]}}],"collection":[{"href":"https:\/\/www.europesays.com\/no\/wp-json\/wp\/v2\/posts"}],"about":[{"href":"https:\/\/www.europesays.com\/no\/wp-json\/wp\/v2\/types\/post"}],"author":[{"embeddable":true,"href":"https:\/\/www.europesays.com\/no\/wp-json\/wp\/v2\/users\/2"}],"replies":[{"embeddable":true,"href":"https:\/\/www.europesays.com\/no\/wp-json\/wp\/v2\/comments?post=128109"}],"version-history":[{"count":0,"href":"https:\/\/www.europesays.com\/no\/wp-json\/wp\/v2\/posts\/128109\/revisions"}],"wp:featuredmedia":[{"embeddable":true,"href":"https:\/\/www.europesays.com\/no\/wp-json\/wp\/v2\/media\/128110"}],"wp:attachment":[{"href":"https:\/\/www.europesays.com\/no\/wp-json\/wp\/v2\/media?parent=128109"}],"wp:term":[{"taxonomy":"category","embeddable":true,"href":"https:\/\/www.europesays.com\/no\/wp-json\/wp\/v2\/categories?post=128109"},{"taxonomy":"post_tag","embeddable":true,"href":"https:\/\/www.europesays.com\/no\/wp-json\/wp\/v2\/tags?post=128109"}],"curies":[{"name":"wp","href":"https:\/\/api.w.org\/{rel}","templated":true}]}}