{"id":128119,"date":"2026-01-03T20:10:21","date_gmt":"2026-01-03T20:10:21","guid":{"rendered":"https:\/\/www.europesays.com\/no\/128119\/"},"modified":"2026-01-03T20:10:21","modified_gmt":"2026-01-03T20:10:21","slug":"maper-ikke-mange-i-verden","status":"publish","type":"post","link":"https:\/\/www.europesays.com\/no\/128119\/","title":{"rendered":"M\u00e5per: &#8211; Ikke mange i verden"},"content":{"rendered":"<p class=\"italic m-italic\" data-lab-italic=\"italic\">Saken oppdateres forl\u00f8pende.\u00a0<\/p>\n<p>NEW YORK \/ OSLO (Dagbladet): Natt til l\u00f8rdag angrep USA flere milit\u00e6re m\u00e5l i Venezuela, inkludert i landets hovedstad, Caracas. <\/p>\n<p>I morgentimene avsl\u00f8rte Trump p\u00e5 sitt eget sosiale medium, Truth Social, at USA har fanget Venezuelas president\u00a0Nicol\u00e1s Maduro og hans kone Cilia Flores &#8211; og fraktet\u00a0<a href=\"https:\/\/www.dagbladet.no\/nyheter\/usa-maduro-tatt-til-fange\/84050231\" rel=\"nofollow noopener\" target=\"_blank\">dem ut av landet<\/a>. Ekteparet skal ha blitt p\u00e5grepet hjemme mens de sov.\u00a0<\/p>\n<p> Mduro og kona er tiltalt for en rekke punkter og skal stilles for retten i New York. <\/p>\n<p>    <a itemprop=\"url\" href=\"https:\/\/www.dagbladet.no\/nyheter\/maduro-tatt-til-fange-og-tiltalt\/84050231\" rel=\"nofollow noopener\" target=\"_blank\"><\/p>\n<p>        <img loading=\"lazy\" decoding=\"async\" src=\"https:\/\/www.europesays.com\/no\/wp-content\/uploads\/2026\/01\/1767471015_22_84050702.webp.webp\" width=\"980\" height=\"441\" title=\"Maduro tatt til fange og tiltalt\" alt=\"\" class=\"lazyload\" style=\"--aspect-ratio-image: 2.22; \"\/><\/p>\n<p>        Maduro tatt til fange og tiltalt<\/p>\n<p>    <\/a><\/p>\n<p>&#8211; M\u00f8rkt og d\u00f8delig  <\/p>\n<p>&#8211; Seint i g\u00e5r kveld og tidlig i dag, etter ordre fra meg, gjennomf\u00f8rte amerikanske styrker en ekstraordin\u00e6r operasjon i Venezuela, innleder Trump p\u00e5\u00a0en\u00a0 pressekonferanse fra sin residens Mar-a-Lago i Florida l\u00f8rdag ettermiddag norsk tid. <\/p>\n<p>&#8211; Vi fanget Maduro suksessfullt i nattens m\u00f8rke, sier han.<\/p>\n<p>Under operasjonen ble \u00ablyset i Caracas skrudd av\u00bb, forteller den amerikanske presidenten.<\/p>\n<p>    <a itemprop=\"url\" href=\"https:\/\/www.dagbladet.no\/nyheter\/gigantisk-blunder\/84051754\" rel=\"nofollow noopener\" target=\"_blank\"><\/p>\n<p>        <img loading=\"lazy\" decoding=\"async\" src=\"https:\/\/www.europesays.com\/no\/wp-content\/uploads\/2026\/01\/84051748.webp.webp\" width=\"980\" height=\"441\" title=\"- Gigantisk blunder\" alt=\"\" class=\"lazyload\" style=\"--aspect-ratio-image: 2.22; \"\/><\/p>\n<p>        &#8211; Gigantisk blunder<\/p>\n<p>    <\/a><\/p>\n<p>&#8211; Det var m\u00f8rkt og d\u00f8delig. Han ble tatt sammen med kona si. Begge skal n\u00e5 stilles for retten, sier Trump om p\u00e5gripelsen av Maduro og kona.<\/p>\n<p>&#8211; Ville sprengt den<\/p>\n<p>If\u00f8lge Trump fors\u00f8kte Maduro \u00e5 komme seg til et sikkert sted bak en \u00abtjukk d\u00f8r\u00bb da amerikanske styrker gikk til aksjon.\u00a0<\/p>\n<p>&#8211; Men det var ikke trygt, for vi ville sprengt den d\u00f8ra i l\u00f8pet av 47 sekunder, tror jeg det ble sagt. Han kom seg til d\u00f8ra, men fikk ikke lukket den, sier Trump.\u00a0<\/p>\n<p>&#8211; Hvis du hadde sett det jeg s\u00e5 i g\u00e5r kveld, ville du v\u00e6rt sv\u00e6rt imponert, sier Trump, som selv fulgte angrepet live som \u00aben TV-sending\u00bb.\u00a0<\/p>\n<p>Ekteparet Maduro er \u00abtiltalt for d\u00f8delig narkotikavirksomhet mot USA og amerikanske innbyggere\u00bb, sier den amerikanske presidenten.\u00a0<\/p>\n<p>    <a itemprop=\"url\" href=\"https:\/\/www.dagbladet.no\/nyheter\/trump-snakket-med-maduro-for-en-uke-siden\/84051096\" rel=\"nofollow noopener\" target=\"_blank\"><\/p>\n<p>        <img loading=\"lazy\" decoding=\"async\" src=\"https:\/\/www.europesays.com\/no\/wp-content\/uploads\/2026\/01\/84051129.webp.webp\" width=\"980\" height=\"441\" title=\"Trump: - Snakket med Maduro for en uke siden\" alt=\"\" class=\"lazyload\" style=\"--aspect-ratio-image: 2.22; \"\/><\/p>\n<p>        Trump: &#8211; Snakket med Maduro for en uke siden<\/p>\n<p>    <\/a><\/p>\n<p>If\u00f8lge Trump kom ingen p\u00e5 amerikansk side til skade i operasjonen.\u00a0<\/p>\n<p>&#8211; USAs milit\u00e6re er det sterkeste p\u00e5 planeten. Vi har det beste utstyret i hele verden. Det finnes ikke maken til utstyret vi har, sier Trump.\u00a0<\/p>\n<p>Han sier USA n\u00e5 skal styre Venezuela inntil videre.\u00a0<\/p>\n<p>&#8211; Vi skal styre landet fram til vi kan f\u00e5 en trygg og sikker overgang, sier Trump.\u00a0<\/p>\n<p>&#8211; Vi \u00f8nsker fred, frihet og rettferdighet for folket i Venezuela.\u00a0<\/p>\n<p> Trump sier USA \u00abikke er redd for \u00e5 ha styrker p\u00e5 bakken\u00bb i Venezuela. <\/p>\n<p>Han sier videre at store amerikanske oljeselskaper n\u00e5 skal g\u00e5 inn i landet.\u00a0<\/p>\n<p>&#8211; De skal g\u00e5 inn og bruke milliarder av dollar, fikse den \u00f8delagte infrastrukturen og begynne \u00e5 tjene penger for landet, sier Trump.\u00a0<\/p>\n<p>Han sier ogs\u00e5 at USA er beredt til \u00e5 angripe for andre gang, dersom det er n\u00f8dvendig.\u00a0<\/p>\n<p>&#8211; Det f\u00f8rste angrepet var s\u00e5 suksessfullt at vi trolig ikke trenger \u00e5 g\u00e5 til angrep igjen, legger han til.\u00a0<\/p>\n<p>    <a itemprop=\"url\" href=\"https:\/\/www.dagbladet.no\/nyheter\/deltatt-helt-aktivt\/84050742\" rel=\"nofollow noopener\" target=\"_blank\"><\/p>\n<p>        <img loading=\"lazy\" decoding=\"async\" src=\"https:\/\/www.europesays.com\/no\/wp-content\/uploads\/2026\/01\/84050974.webp.webp\" width=\"980\" height=\"441\" title=\"- Deltatt helt aktivt\" alt=\"\" class=\"lazyload\" style=\"--aspect-ratio-image: 2.22; \"\/><\/p>\n<p>        &#8211; Deltatt helt aktivt<\/p>\n<p>    <\/a><\/p>\n<p> &#8211; Vi skal gj\u00f8re folket i Venezuela rike, uavhengige og veldig lykkelige. <\/p>\n<p>Ga gr\u00f8nt lys<\/p>\n<p>Trump sier at \u00abden ekstremt velykkede operasjonen b\u00f8r v\u00e6re en advarsel til alle som vil true amerikansk suverenitet eller true amerikanske liv\u00bb.\u00a0<\/p>\n<p>&#8211; Alle politikere og milit\u00e6rt personell i Venezuela m\u00e5 skj\u00f8nne at det som skjedde med Maduro, kan skje med dem, om de ikke er rettferdige mot folket sitt. Diktatoren og terroristen Maduro er endelig borte og folket i Venezuela er fritt, sier den amerikanske presidenten.\u00a0<\/p>\n<p>&#8211;\u00a0 Amerika er et tryggere land denne morgenen, og den vestlige halvkule er n\u00e5 et mye tryggere sted \u00e5 v\u00e6re.<\/p>\n<p>&#8211; B\u00f8r v\u00e6re bekymret<\/p>\n<p>USAs utenriksminister Marco Rubio sier under den samme pressekonferansen at Cubas regjering b\u00f8r v\u00e6re bekymret etter det amerikanske angrepet p\u00e5 Venezuela.<\/p>\n<p>&#8211; Hvis jeg bodde i Havanna og jeg var i regjeringen, ville jeg v\u00e6rt i hvert fall litt bekymret, sa Rubio.<\/p>\n<p>Utenriksministeren er selv s\u00f8nn av cubanske migranter til USA, og har lenge v\u00e6rt sterk motstander av regimene i Cuba og Venezuela skriver NTB.\u00a0<\/p>\n<p>        <img loading=\"lazy\" decoding=\"async\" src=\"https:\/\/www.europesays.com\/no\/wp-content\/uploads\/2026\/01\/84051977.webp.webp\" width=\"980\" height=\"559\" title=\"ADVARER CUBA: USAs utenriksminister advarer regjeringen p\u00e5 Cuba om at de kan v\u00e6re neste. Foto: Planet Observer \/ UIG \/ REX \/ NTB\" alt=\"\" class=\"\" style=\"--aspect-ratio-image: 1.75; \"\/><\/p>\n<p>\n        ADVARER CUBA: USAs utenriksminister advarer regjeringen p\u00e5 Cuba om at de kan v\u00e6re neste. Foto: Planet Observer \/ UIG \/ REX \/ NTB\n    <\/p>\n<p>President Donald Trump antydet samtidig at Cuba kan bli et tema for diskusjon i forbindelse med en utvidet amerikansk politikk i Latin-Amerika utover Venezuela.<\/p>\n<p>Planlagt siden desember<\/p>\n<p>General Dan Caine, USAs \u00f8verste milit\u00e6re offiser, sier p\u00e5 pressekonferansen at 150 fly var involvert i operasjonen som hadde v\u00e6rt planlagt i m\u00e5nedsvis som \u00abOperation Absolute Dissolve\u00bb.<\/p>\n<p> &#8211; I starten av desember begynte det amerikanske milit\u00e6ret \u00e5 planlegge hvilken dag vi kunne gjennomf\u00f8re en operasjon med minst mulig sivil skade, men mest mulig overraskelse, sier Caine.\u00a0<\/p>\n<p>        EKSPLOSJONER: Det spres videoer og bilder i sosiale medier av det som hevdes \u00e5 vise eksplosjoner i Venezuelas hovedstad, Caracas. Video: X<\/p>\n<p>V\u00e6rforholdene var ogs\u00e5 en viktig faktor. L\u00f8rdag morgen var v\u00e6ret slik at det tillot \u00abde mest erfarne pilotene i verden\u00bb \u00e5 man\u00f8vrere gjennom skydekket.\u00a0<\/p>\n<p>Klokka 04.46 norsk tid ga presidenten ordre om \u00e5 iverksette.\u00a0<\/p>\n<p>&#8211; Lykke til, l\u00f8d det i meldingen fra Trump if\u00f8lge Caine.\u00a0<\/p>\n<p>Klokka 07.01 gikk personell til aksjon mot huset hvor Maduro oppholdt seg.\u00a0<\/p>\n<p>If\u00f8lge Caine ble det skutt mot amerikanske helikoptre, som skj\u00f8t tilbake.\u00a0<\/p>\n<p>&#8211; Maduro og kona ga opp, og ble tatt i forvaring av det amerikanske justisdepartementet, assistert av det fantastiske amerikanske milit\u00e6ret.\u00a0<\/p>\n<p>Delte bilde\u00a0<\/p>\n<p>I et intervju med TV-kanalen Fox News tidligere l\u00f8rdag ettermiddag sa Trump at ekteparet Maduro ble hentet ut med et helikopter og videre til skipet \u00abIwo Jima\u00bb, som n\u00e5 er p\u00e5 vei til New York.\u00a0<\/p>\n<p> Kort tid f\u00f8r pressekonferansen delte Trump et bilde p\u00e5 sitt eget sosiale medium Truth Social som skal vise Maduro om bord p\u00e5 skipet. Han har bind for \u00f8ynene og h\u00f8rselvern, er ikledd en joggedress, og det framst\u00e5r som at hendene hans er bundet med en flaske vann. Det ser ogs\u00e5 ut til at en amerikansk tjenesteperson holder ham i armen.\u00a0<\/p>\n<p>        <img loading=\"lazy\" decoding=\"async\" src=\"https:\/\/www.europesays.com\/no\/wp-content\/uploads\/2026\/01\/84051551.webp.webp\" width=\"667\" height=\"1001\" title=\"P\u00c5 VEI TIL USA: Trump delte l\u00f8rdag ettermiddag dette bildet, som skal vise Maduro om bord p\u00e5 et amerikansk skip p\u00e5 vei til USA. Foto: Donald Trump \/ Truth Social\" alt=\"\" class=\"\" style=\"--aspect-ratio-image: 0.67; \"\/><\/p>\n<p>\n        P\u00c5 VEI TIL USA: Trump delte l\u00f8rdag ettermiddag dette bildet, som skal vise Maduro om bord p\u00e5 et amerikansk skip p\u00e5 vei til USA. Foto: Donald Trump \/ Truth Social\n    <\/p>\n<p>If\u00f8lge <a href=\"https:\/\/www.cbsnews.com\/live-updates\/venezuela-us-military-strikes-maduro-trump\/\" rel=\"nofollow noopener\" target=\"_blank\">CBS <\/a>er det ventet at Maduro skal ankomme New York i l\u00f8pet av l\u00f8rdag, lokal tid. P\u00e5 pressekonferansen sier Trump at Maduro vil bli fraktet til New York \u00abi n\u00e6rmeste framtid\u00bb.\u00a0<\/p>\n<p>Det er if\u00f8lge CBS ventet at Maduro vil bli fraktet med helikopter fra skipet og til\u00a0Stewart International Airport, if\u00f8lge to kilder med kjennskap til saken.\u00a0 Flyplassen ligger i Hudson Valley, rundt 100 kilometer nord for Manhattan. <\/p>\n<p>Herfra skal han fraktes til et varetektsfengsel, if\u00f8lge kanalen.\u00a0<\/p>\n<p>\u00abNei, det skjer ikke\u00bb<\/p>\n<p>Trump og Maduro snakket sammen for en uke siden, if\u00f8lge den amerikanske presidenten. Maduro ble bedt om \u00e5 overgi seg, noe han ikke gjorde.\u00a0<\/p>\n<p> &#8211; Han ville forhandle p\u00e5 slutten. Pr\u00f8vde hardt \u00e5 f\u00e5 til en avtale, men jeg sa \u00abNei, det skjer ikke\u00bb, sa Trump om Maduro under intervjuet med Fox News.\u00a0<\/p>\n<p>        <img loading=\"lazy\" decoding=\"async\" src=\"https:\/\/www.europesays.com\/no\/wp-content\/uploads\/2026\/01\/84051242.webp.webp\" width=\"667\" height=\"381\" title=\"FANGET: Nicol\u00e1s Maduro og hans kone Cilia Flores, her avbildet i juli, ble l\u00f8rdag fraktet ut av Venezuela av amerikanske styrker. Foto: Juan Barreto \/ AFP \/ NTB\" alt=\"\" class=\"\" style=\"--aspect-ratio-image: 1.75; \"\/><\/p>\n<p>\n        FANGET: Nicol\u00e1s Maduro og hans kone Cilia Flores, her avbildet i juli, ble l\u00f8rdag fraktet ut av Venezuela av amerikanske styrker. Foto: Juan Barreto \/ AFP \/ NTB\n    <\/p>\n<p>USAs angrep i Venezuela kommer etter flere m\u00e5neder med amerikansk milit\u00e6r oppbygging i regionen. Blant annet er hangarskipet \u00abUSS\u00a0Gerald R. Ford\u00bb\u00a0og en rekke andre krigsskip plassert i Karibia.\u00a0<\/p>\n<p>Trump-administrasjonen har lenge anklaget Maduro for narkotikasmugling og for \u00e5 samarbeide med gjenger som er utpekt som terrororganisasjoner, noe Maduro benekter.<\/p>\n<p>    <a itemprop=\"url\" href=\"https:\/\/www.dagbladet.no\/nyheter\/apenbart-ulovlig\/84050843\" rel=\"nofollow noopener\" target=\"_blank\"><\/p>\n<p>        <img loading=\"lazy\" decoding=\"async\" src=\"https:\/\/www.europesays.com\/no\/wp-content\/uploads\/2026\/01\/84050882.webp.webp\" width=\"980\" height=\"441\" title=\"- \u00c5penbart ulovlig\" alt=\"\" class=\"lazyload\" style=\"--aspect-ratio-image: 2.22; \"\/><\/p>\n<p>        &#8211; \u00c5penbart ulovlig<\/p>\n<p>    <\/a><\/p>\n<p>Blant annet er det gjennomf\u00f8rt flere angrep mot b\u00e5ter utenfor Venezuela, under p\u00e5skudd av at de frakter narkotika. Trump har blant annet sl\u00e5tt til mot havneomr\u00e5der hvor han mener b\u00e5tene blir lastet med narkotika.\u00a0<\/p>\n<p>L\u00f8rdagens angrep har vakt sterke reaksjoner over hele verden &#8211; ogs\u00e5 innad i USA, hvor flere mener angrepet er ulovlig uten st\u00f8tte i Kongressen.\u00a0<\/p>\n","protected":false},"excerpt":{"rendered":"Saken oppdateres forl\u00f8pende.\u00a0 NEW YORK \/ OSLO (Dagbladet): Natt til l\u00f8rdag angrep USA flere milit\u00e6re m\u00e5l i Venezuela,&hellip;\n","protected":false},"author":2,"featured_media":128120,"comment_status":"","ping_status":"","sticky":false,"template":"","format":"standard","meta":{"footnotes":""},"categories":[59],"tags":[328,92,181,30,28,29,83,82],"class_list":{"0":"post-128119","1":"post","2":"type-post","3":"status-publish","4":"format-standard","5":"has-post-thumbnail","7":"category-sport","8":"tag-arsenal","9":"tag-fotball","10":"tag-martin-odegaard","11":"tag-no","12":"tag-norge","13":"tag-norway","14":"tag-sport","15":"tag-sports"},"share_on_mastodon":{"url":"https:\/\/pubeurope.com\/@no\/115832987537505145","error":""},"_links":{"self":[{"href":"https:\/\/www.europesays.com\/no\/wp-json\/wp\/v2\/posts\/128119","targetHints":{"allow":["GET"]}}],"collection":[{"href":"https:\/\/www.europesays.com\/no\/wp-json\/wp\/v2\/posts"}],"about":[{"href":"https:\/\/www.europesays.com\/no\/wp-json\/wp\/v2\/types\/post"}],"author":[{"embeddable":true,"href":"https:\/\/www.europesays.com\/no\/wp-json\/wp\/v2\/users\/2"}],"replies":[{"embeddable":true,"href":"https:\/\/www.europesays.com\/no\/wp-json\/wp\/v2\/comments?post=128119"}],"version-history":[{"count":0,"href":"https:\/\/www.europesays.com\/no\/wp-json\/wp\/v2\/posts\/128119\/revisions"}],"wp:featuredmedia":[{"embeddable":true,"href":"https:\/\/www.europesays.com\/no\/wp-json\/wp\/v2\/media\/128120"}],"wp:attachment":[{"href":"https:\/\/www.europesays.com\/no\/wp-json\/wp\/v2\/media?parent=128119"}],"wp:term":[{"taxonomy":"category","embeddable":true,"href":"https:\/\/www.europesays.com\/no\/wp-json\/wp\/v2\/categories?post=128119"},{"taxonomy":"post_tag","embeddable":true,"href":"https:\/\/www.europesays.com\/no\/wp-json\/wp\/v2\/tags?post=128119"}],"curies":[{"name":"wp","href":"https:\/\/api.w.org\/{rel}","templated":true}]}}