{"id":128123,"date":"2026-01-03T20:16:14","date_gmt":"2026-01-03T20:16:14","guid":{"rendered":"https:\/\/www.europesays.com\/no\/128123\/"},"modified":"2026-01-03T20:16:14","modified_gmt":"2026-01-03T20:16:14","slug":"starter-etterforskning-av-bareiere-etter-branntragedie","status":"publish","type":"post","link":"https:\/\/www.europesays.com\/no\/128123\/","title":{"rendered":"Starter etterforskning av bareiere etter branntragedie"},"content":{"rendered":"\n<p class=\"_lead_o9xde_2 _lead_xtcu6_50 layout-component text-serif-m layout-normal text-serif-l layout-component layout-wide layout-padded _wide_17hqh_1 layout-padded\">P\u00e5talemyndigheten i den sveitsiske kantonen Valais har \u00e5pnet en strafferettslig etterforskning mot to personer i ledelsen ved nattklubben.<\/p>\n<p> <img class=\"_image_qp4xg_65 layout-component layout-wide\" data-fullscreen- data-track-element-type=\"Article image fullscreen\" data-track-name=\"ImageFullscreen\" fetchpriority=\"high\" decoding=\"sync\" loading=\"eager\" height=\"181\" itemprop=\"image\"  src=\"https:\/\/www.europesays.com\/no\/wp-content\/uploads\/2026\/01\/72d5a8dfde241b305c57b9e59a145f35.jpg\"  style=\"object-position:50% 50%;aspect-ratio:1.75;height:auto;object-fit:cover;width:100%\" width=\"102\"\/>  <\/p>\n<ul aria-hidden=\"true\" class=\"_images_ntbth_112\">\n<li><a class=\"_link_ntbth_117\" href=\"https:\/\/www.vg.no\/forfatter\/ingrid-storeboe\" style=\"z-index:2\" title=\"Ingrid Storeb\u00f8\" rel=\"nofollow noopener\" target=\"_blank\"><img alt=\"Bilde av Ingrid Storeb\u00f8\" class=\"_image_ntbth_93\" fetchpriority=\"low\" loading=\"lazy\" decoding=\"async\" itemprop=\"image\"  src=\"https:\/\/www.europesays.com\/no\/wp-content\/uploads\/2026\/01\/1767471374_844_b3fc896d-536d-4041-8257-79b6b2cd3323.jpeg\"  width=\"480\"\/><\/a><\/li>\n<li><a class=\"_link_ntbth_117\" href=\"https:\/\/www.vg.no\/forfatter\/ntb\" style=\"z-index:1\" title=\"NTB\" rel=\"nofollow noopener\" target=\"_blank\"><img alt=\"Bilde av NTB\" class=\"_image_ntbth_93\" fetchpriority=\"low\" loading=\"lazy\" decoding=\"async\" itemprop=\"image\"  src=\"https:\/\/www.europesays.com\/no\/wp-content\/uploads\/2026\/01\/1767471374_201_c33980b0-5d07-4027-84a1-813f90a7c8d6.png\"  width=\"480\"\/><\/a><\/li>\n<\/ul>\n<p> Oppdatert l\u00f8rdag 3. januar kl. 17:12    <\/p>\n<ul class=\"_list_o9xde_3 _list_64s2r_85 _unordered_o9xde_106 text-sans-m\">\n<li class=\"_item_o9xde_30\">P\u00e5talemyndigheten i Valais etterforsker to ledere ved nattklubben Le Constellation for uaktsomt drap og ildsp\u00e5settelse.<\/li>\n<li class=\"_item_o9xde_30\">Minst 40 mennesker omkom og 119 ble skadet under brannen.<\/li>\n<li class=\"_item_o9xde_30\">En av eierne hevder sikkerhetsreglene ble fulgt.<\/li>\n<\/ul>\n<p>Vis mer <\/p>\n<p class=\"_paragraph_o9xde_4 _paragraph_xtcu6_10 layout-component text-serif-m layout-normal text-serif-m layout-padded\">De er siktet for uaktsomt drap, uaktsom kroppsskade og uaktsom ildsp\u00e5settelse, g\u00e5r det fram av en\u00a0<a href=\"https:\/\/www.policevalais.ch\/communiques-pour-les-medias\/crans-montana-instruction-ouverte-contre-les-gerants-du-bar-le-constellation\/\" class=\"_link_o9xde_39\" rel=\"nofollow noopener\" target=\"_blank\">uttalelse fra p\u00e5talemyndigheten<\/a>\u00a0l\u00f8rdag.<\/p>\n<p class=\"_paragraph_o9xde_4 _paragraph_xtcu6_10 layout-component text-serif-m layout-normal text-serif-m layout-padded\"><strong class=\"_strong_o9xde_25\">\u2013 Etter den innledende etterforskningen ble det i g\u00e5r kveld startet etterforskning av de to barsjefene, skriver p\u00e5talemyndigheten.<\/strong><\/p>\n<p class=\"_paragraph_o9xde_4 _paragraph_xtcu6_10 layout-component text-serif-m layout-normal text-serif-m layout-padded\">Minst 40 mennesker omkom da det begynte \u00e5 brenne p\u00e5 det stappfulle utestedet Le Constellation under nytt\u00e5rsfeiringen. I alt 119 mennesker ble skadet, mange av dem kritisk.<\/p>\n<p class=\"_paragraph_o9xde_4 _paragraph_xtcu6_10 layout-component text-serif-m layout-normal text-serif-m layout-padded\">En av eierne av utestedet, Jacques Moretti, insisterte fredag p\u00e5 at sikkerhetsregelverket er blitt fulgt.<\/p>\n<p class=\"_paragraph_o9xde_4 _paragraph_xtcu6_10 layout-component text-serif-m layout-normal text-serif-m layout-padded\">Han driver utestedet sammen med kona Jessica, og sa til avisen Tribune de Gen\u00e8ve at etablissementet har hatt tre inspeksjoner de siste ti \u00e5rene.<\/p>\n<p class=\"_paragraph_o9xde_4 _paragraph_xtcu6_10 layout-component text-serif-m layout-normal text-serif-m layout-padded\"><strong class=\"_strong_o9xde_25\">\u2013 Alt ble gjort i henhold til regelverket, sa han.<\/strong><\/p>\n<p class=\"_paragraph_o9xde_4 _paragraph_xtcu6_10 layout-component text-serif-m layout-normal text-serif-m layout-padded\">De to eierne er franske statsborgere.<\/p>\n<p class=\"_paragraph_o9xde_4 _paragraph_xtcu6_10 layout-component text-serif-m layout-normal text-serif-m layout-padded\">Hovedhypotesen om \u00e5rsaken til brannen er at isfontener i champagneflasker kom borti taket p\u00e5 baren. Man unders\u00f8ker ogs\u00e5 om lydisolerende, akustisk skum ble brukt i taket, og om det var grunnen til at brannen spredde seg s\u00e5 raskt, opplyste p\u00e5talemyndigheten fredag.<\/p>\n","protected":false},"excerpt":{"rendered":"P\u00e5talemyndigheten i den sveitsiske kantonen Valais har \u00e5pnet en strafferettslig etterforskning mot to personer i ledelsen ved nattklubben.&hellip;\n","protected":false},"author":2,"featured_media":128124,"comment_status":"","ping_status":"","sticky":false,"template":"","format":"standard","meta":{"footnotes":""},"categories":[5],"tags":[20,21,24,25,15,19,22,23,17,18,13,30,28,29,14,16,26,27],"class_list":{"0":"post-128123","1":"post","2":"type-post","3":"status-publish","4":"format-standard","5":"has-post-thumbnail","7":"category-overskrifter","8":"tag-breaking-news","9":"tag-breakingnews","10":"tag-featured-news","11":"tag-featurednews","12":"tag-headlines","13":"tag-hovedoppslag","14":"tag-latest-news","15":"tag-latestnews","16":"tag-main-news","17":"tag-mainnews","18":"tag-news","19":"tag-no","20":"tag-norge","21":"tag-norway","22":"tag-nyheter","23":"tag-overskrifter","24":"tag-top-stories","25":"tag-topstories"},"share_on_mastodon":{"url":"https:\/\/pubeurope.com\/@no\/115833011245015937","error":""},"_links":{"self":[{"href":"https:\/\/www.europesays.com\/no\/wp-json\/wp\/v2\/posts\/128123","targetHints":{"allow":["GET"]}}],"collection":[{"href":"https:\/\/www.europesays.com\/no\/wp-json\/wp\/v2\/posts"}],"about":[{"href":"https:\/\/www.europesays.com\/no\/wp-json\/wp\/v2\/types\/post"}],"author":[{"embeddable":true,"href":"https:\/\/www.europesays.com\/no\/wp-json\/wp\/v2\/users\/2"}],"replies":[{"embeddable":true,"href":"https:\/\/www.europesays.com\/no\/wp-json\/wp\/v2\/comments?post=128123"}],"version-history":[{"count":0,"href":"https:\/\/www.europesays.com\/no\/wp-json\/wp\/v2\/posts\/128123\/revisions"}],"wp:featuredmedia":[{"embeddable":true,"href":"https:\/\/www.europesays.com\/no\/wp-json\/wp\/v2\/media\/128124"}],"wp:attachment":[{"href":"https:\/\/www.europesays.com\/no\/wp-json\/wp\/v2\/media?parent=128123"}],"wp:term":[{"taxonomy":"category","embeddable":true,"href":"https:\/\/www.europesays.com\/no\/wp-json\/wp\/v2\/categories?post=128123"},{"taxonomy":"post_tag","embeddable":true,"href":"https:\/\/www.europesays.com\/no\/wp-json\/wp\/v2\/tags?post=128123"}],"curies":[{"name":"wp","href":"https:\/\/api.w.org\/{rel}","templated":true}]}}